{"id":157406,"date":"2025-04-05T01:29:31","date_gmt":"2025-04-04T22:29:31","guid":{"rendered":"https:\/\/www.tgrthaber.com\/mavikadin\/?p=157406"},"modified":"2025-04-05T01:29:32","modified_gmt":"2025-04-04T22:29:32","slug":"iste-benim-stilimde-kaos-basladi-yeni-yarismaci-jurinin-ve-diger-kizlarin-sabrini-zorladi","status":"publish","type":"post","link":"https:\/\/www.tgrthaber.com\/mavikadin\/iste-benim-stilimde-kaos-basladi-yeni-yarismaci-jurinin-ve-diger-kizlarin-sabrini-zorladi\/","title":{"rendered":"\u0130\u015fte Benim Stilim\u2019de kaos ba\u015flad\u0131! Yeni yar\u0131\u015fmac\u0131 j\u00fcrinin ve di\u011fer k\u0131zlar\u0131n sabr\u0131n\u0131 zorlad\u0131"},"content":{"rendered":"<p>TV 8\u2019in efsane programlar\u0131ndan \u0130\u015fte Benim Stilim yar\u0131\u015fmas\u0131 \u00d6yk\u00fc Serter\u2019in sunumuyla ekranlarda boy g\u00f6steriyor. Ivana Sert, Nur Bilge Yavuzer ve G\u00fczide Duran Aksoy\u2019un j\u00fcri \u00fcyeli\u011fini yapt\u0131\u011f\u0131 yar\u0131\u015fmada k\u0131yas\u0131ya rekabet art\u0131yor. Her g\u00fcn yar\u0131\u015fmac\u0131lar\u0131n farkl\u0131 konseptlerle haz\u0131rlad\u0131klar\u0131 k\u0131yafet kombinlerini de\u011ferlendiren j\u00fcri \u00fcyeleri de\u011ferlendiriyor. \u0130lk haftan\u0131n birinci Sibel Serbest olurken \u0130\u015fte Benim Stilim\u2019den elenen yar\u0131\u015fmac\u0131 ise Zehra oldu.<\/p>\n<h3>\u0130\u015eTE BEN\u0130M ST\u0130L\u0130M 6. B\u00d6L\u00dcM FRAGMANI<\/h3>\n<p>7 Nisan 2025 Pazartesi g\u00fcn\u00fc saat 12:30\u2019da TV 8 ekranlar\u0131nda yay\u0131nlanan \u0130\u015fte Benim Stilim program\u0131na yeni bir yar\u0131\u015fmac\u0131 dahil oldu. \u00dclk\u00fcm adl\u0131 yar\u0131\u015fmac\u0131 adeta kaos ortam\u0131 olu\u015fturacak. Gelir gelmez tavr\u0131 ve hareketleriyle antipatik bir his olu\u015fturan yar\u0131\u015fmac\u0131ya tepkiler gecikmeyecek. Yar\u0131\u015fmac\u0131 arkada\u015flar\u0131n\u0131n ele\u015ftirilerini kald\u0131ramayan \u00dclk\u00fcm, her birine sert bir dille cevap verecek. \u00dclk\u00fcm\u2019\u00fcn tak\u0131ld\u0131\u011f\u0131 bu hal hem yar\u0131\u015fmac\u0131 arkada\u015flar\u0131 hem de j\u00fcri \u00fcyeleri taraf\u0131ndan ho\u015f kar\u015f\u0131lanmayacak.<\/p>\n<p><img loading=\"lazy\" decoding=\"async\" class=\"alignnone wp-image-157407\" src=\"https:\/\/www.tgrthaber.com\/mavikadin\/wp-content\/uploads\/iste-benim-stilim-yarismacisi-ulkum-300x169.jpg\" alt=\"i\u015fte benim stilim yar\u0131\u015fmac\u0131s\u0131 \u00fclk\u00fcm\" width=\"1208\" height=\"680\" title=\"\" srcset=\"https:\/\/www.tgrthaber.com\/mavikadin\/wp-content\/uploads\/iste-benim-stilim-yarismacisi-ulkum-300x169.jpg 300w, https:\/\/www.tgrthaber.com\/mavikadin\/wp-content\/uploads\/iste-benim-stilim-yarismacisi-ulkum-1024x576.jpg 1024w, https:\/\/www.tgrthaber.com\/mavikadin\/wp-content\/uploads\/iste-benim-stilim-yarismacisi-ulkum-768x432.jpg 768w, https:\/\/www.tgrthaber.com\/mavikadin\/wp-content\/uploads\/iste-benim-stilim-yarismacisi-ulkum-1536x864.jpg 1536w, https:\/\/www.tgrthaber.com\/mavikadin\/wp-content\/uploads\/iste-benim-stilim-yarismacisi-ulkum.jpg 1920w\" sizes=\"(max-width: 1208px) 100vw, 1208px\" \/><\/p>\n<hr \/>\n<h3>\u00dcLK\u00dcM J\u00dcR\u0130 \u00dcYELER\u0130N\u0130 KIZDIRDI<\/h3>\n<p>\u0130\u015fte Benim Stilim yar\u0131\u015fmas\u0131na yeni dahil olan yar\u0131\u015fmac\u0131 \u00dclk\u00fcm, gelir gelmez ate\u015f p\u00fcsk\u00fcrd\u00fc. J\u00fcri \u00fcyelerinden Nur Bilen Yavuzer, \u00dclk\u00fcm\u2019\u00fcn s\u00fcrekli konu\u015fmas\u0131ndan ve her \u015feye cevap vermesinden rahats\u0131zl\u0131k duyacak. Yavuzer, \u00e7ok konu\u015ftu\u011funu ve susmas\u0131 gerekti\u011fini dile getirmesine ra\u011fmen \u00dclk\u00fcm, imal\u0131 bir \u015fekilde cevap vererek j\u00fcri \u00fcyesini k\u0131zd\u0131racak. \u00dclk\u00fcm\u2019\u00fcn j\u00fcri \u00fcyeleri ve arkada\u015flar\u0131 aras\u0131ndaki anla\u015fmazl\u0131k son bulacak m\u0131? \u00dclk\u00fcm\u2019\u00fcn yar\u0131\u015fmac\u0131lara kar\u015f\u0131 i\u00e7inin dolu gelmesinin sebebi ne? \u0130\u015fte Benim Stilim program\u0131n\u0131n ilerleyen g\u00fcnlerinde \u00dclk\u00fcm ve di\u011fer yar\u0131\u015fmac\u0131lar aras\u0131nda neler olaca\u011f\u0131 \u015fimdiden merak konusu oldu.<\/p>\n<p><img loading=\"lazy\" decoding=\"async\" class=\"alignnone wp-image-157408\" src=\"https:\/\/www.tgrthaber.com\/mavikadin\/wp-content\/uploads\/iste-benim-stilim-nasil-basvuru-yapilir-300x169.jpg\" alt=\"i\u015fte benim stilim nas\u0131l ba\u015fvuru yap\u0131l\u0131r\" width=\"1208\" height=\"680\" title=\"\" srcset=\"https:\/\/www.tgrthaber.com\/mavikadin\/wp-content\/uploads\/iste-benim-stilim-nasil-basvuru-yapilir-300x169.jpg 300w, https:\/\/www.tgrthaber.com\/mavikadin\/wp-content\/uploads\/iste-benim-stilim-nasil-basvuru-yapilir-1024x576.jpg 1024w, https:\/\/www.tgrthaber.com\/mavikadin\/wp-content\/uploads\/iste-benim-stilim-nasil-basvuru-yapilir-768x432.jpg 768w, https:\/\/www.tgrthaber.com\/mavikadin\/wp-content\/uploads\/iste-benim-stilim-nasil-basvuru-yapilir-1536x864.jpg 1536w, https:\/\/www.tgrthaber.com\/mavikadin\/wp-content\/uploads\/iste-benim-stilim-nasil-basvuru-yapilir.jpg 1920w\" sizes=\"(max-width: 1208px) 100vw, 1208px\" \/><\/p>\n<hr \/>\n<h3>\u0130\u015eTE BEN\u0130M ST\u0130L\u0130ME NASIL BA\u015eVURU YAPILIR?<\/h3>\n<p>\u0130\u015fte Benim Stilim Ba\u015fvurusu ger\u00e7ekle\u015ftirmek i\u00e7in TV 8\u2019in resmi internet sitesi \u00fczerinden ger\u00e7ekle\u015ftirebilirsiniz. \u201ctv8basvuru\u201d adresinden girerek \u0130\u015fte Benim Stilim program\u0131n\u0131 se\u00e7erek formdaki bilgileri doldurabilirsiniz. Ba\u015fvurunuzun onayland\u0131\u011f\u0131na dair bilgi sizin se\u00e7ti\u011finiz ileti\u015fim kanal\u0131 \u00fczerinden bilgi verilecektir.<\/p>\n","protected":false},"excerpt":{"rendered":"<p>TV 8 ekranlar\u0131nda yay\u0131nlanmaya ba\u015flayan \u0130\u015fte Benim Stilim program\u0131 ilk haftas\u0131nda bomba etkisi olu\u015fturdu. Yar\u0131\u015fmac\u0131lar\u0131n rekabetlerinin yan\u0131 s\u0131ra kavga ve gerginli\u011finde bir arada yer ald\u0131\u011f\u0131 program yeni haftas\u0131na kaosla ba\u015flayacak. 7 Nisan 2025\u2019de TV 8 ekranlar\u0131nda yay\u0131nlanacak \u0130\u015fte Benim Stilim yar\u0131\u015fmas\u0131na yeni bir yar\u0131\u015fmac\u0131 gelecek. <\/p>\n","protected":false},"author":10,"featured_media":157409,"comment_status":"closed","ping_status":"closed","sticky":false,"template":"","format":"standard","meta":{"rank_math_lock_modified_date":false,"footnotes":""},"categories":[76],"tags":[7559,16787,133,16351,2218],"class_list":["post-157406","post","type-post","status-publish","format-standard","has-post-thumbnail","hentry","category-magazin","tag-iste-benim-stilim","tag-iste-benim-stilim-7-nisan-2025","tag-magazin","tag-magazin-gundemi","tag-magazin-haberleri"],"_links":{"self":[{"href":"https:\/\/www.tgrthaber.com\/mavikadin\/wp-json\/wp\/v2\/posts\/157406"}],"collection":[{"href":"https:\/\/www.tgrthaber.com\/mavikadin\/wp-json\/wp\/v2\/posts"}],"about":[{"href":"https:\/\/www.tgrthaber.com\/mavikadin\/wp-json\/wp\/v2\/types\/post"}],"author":[{"embeddable":true,"href":"https:\/\/www.tgrthaber.com\/mavikadin\/wp-json\/wp\/v2\/users\/10"}],"replies":[{"embeddable":true,"href":"https:\/\/www.tgrthaber.com\/mavikadin\/wp-json\/wp\/v2\/comments?post=157406"}],"version-history":[{"count":1,"href":"https:\/\/www.tgrthaber.com\/mavikadin\/wp-json\/wp\/v2\/posts\/157406\/revisions"}],"predecessor-version":[{"id":157410,"href":"https:\/\/www.tgrthaber.com\/mavikadin\/wp-json\/wp\/v2\/posts\/157406\/revisions\/157410"}],"wp:featuredmedia":[{"embeddable":true,"href":"https:\/\/www.tgrthaber.com\/mavikadin\/wp-json\/wp\/v2\/media\/157409"}],"wp:attachment":[{"href":"https:\/\/www.tgrthaber.com\/mavikadin\/wp-json\/wp\/v2\/media?parent=157406"}],"wp:term":[{"taxonomy":"category","embeddable":true,"href":"https:\/\/www.tgrthaber.com\/mavikadin\/wp-json\/wp\/v2\/categories?post=157406"},{"taxonomy":"post_tag","embeddable":true,"href":"https:\/\/www.tgrthaber.com\/mavikadin\/wp-json\/wp\/v2\/tags?post=157406"}],"curies":[{"name":"wp","href":"https:\/\/api.w.org\/{rel}","templated":true}]}}