{"id":157433,"date":"2025-04-05T09:20:33","date_gmt":"2025-04-05T06:20:33","guid":{"rendered":"https:\/\/www.tgrthaber.com\/mavikadin\/?p=157433"},"modified":"2025-04-05T09:20:33","modified_gmt":"2025-04-05T06:20:33","slug":"iste-benim-stilim-juri-uyeleri-birbirine-girdi-ivana-sertten-nur-bilen-yavuza-agir-sozler","status":"publish","type":"post","link":"https:\/\/www.tgrthaber.com\/mavikadin\/iste-benim-stilim-juri-uyeleri-birbirine-girdi-ivana-sertten-nur-bilen-yavuza-agir-sozler\/","title":{"rendered":"\u0130\u015fte Benim Stilim juri \u00fcyeleri birbirine girdi! Ivana Sert&#8217;ten Nur Bilen Yavuz&#8217;a a\u011f\u0131r s\u00f6zler"},"content":{"rendered":"<p>TV8 ekranlar\u0131nda yeniden yay\u0131n hayat\u0131na ba\u015flayan \u201c\u0130\u015fte Benim Stilim\u201d program\u0131nda, j\u00fcri \u00fcyeleri aras\u0131nda ya\u015fanan gerilim \u015fimdiden dikkatleri \u00fczerine \u00e7ekti. 2025 sezonuyla birlikte yeniden izleyici kar\u015f\u0131s\u0131na \u00e7\u0131kan &#8220;\u0130\u015fte Benim Stilim&#8221;, daha ilk b\u00f6l\u00fcmlerden itibaren j\u00fcri koltu\u011fundaki isimler aras\u0131nda ya\u015fanan so\u011fuklukla g\u00fcndeme geldi. Yar\u0131\u015fman\u0131n tecr\u00fcbeli j\u00fcri \u00fcyelerinden Ivana Sert ve G\u00fczide Duran\u2019\u0131n, ekip arkada\u015flar\u0131 Nur Bilen Yavuzer\u2019e kar\u015f\u0131 mesafeli tutumu, seyircilerin g\u00f6z\u00fcnden ka\u00e7mad\u0131. \u0130\u015fte detaylar&#8230;<\/p>\n<h3>&#8220;KATILMA YAVRUM KATILMA&#8221;<\/h3>\n<p>2025 sezonunun ilk b\u00f6l\u00fcm\u00fcnde ya\u015fananlar, yar\u0131\u015fmadan \u00e7ok j\u00fcri aras\u0131nda ge\u00e7en olaylarla konu\u015fuldu. Ivana Sert\u2019in, Nur Bilen Yavuzer\u2019e sert bir \u015fekilde \u201cKat\u0131lma yavrum, zaten kat\u0131lmak i\u00e7in burada de\u011filsin\u201d demesi st\u00fcdyoda buz gibi bir hava estirdi.<\/p>\n<p><img loading=\"lazy\" decoding=\"async\" class=\"alignnone wp-image-157437\" src=\"https:\/\/www.tgrthaber.com\/mavikadin\/wp-content\/uploads\/0x0-iste-benim-stilimde-kim-birinci-oldu-2-nisan-iste-benim-stilim-puan-durumu-buyuk-odul-sahibini-buldu-1743587652106-300x169.webp\" alt=\"\" width=\"1208\" height=\"680\" title=\"\" srcset=\"https:\/\/www.tgrthaber.com\/mavikadin\/wp-content\/uploads\/0x0-iste-benim-stilimde-kim-birinci-oldu-2-nisan-iste-benim-stilim-puan-durumu-buyuk-odul-sahibini-buldu-1743587652106-300x169.webp 300w, https:\/\/www.tgrthaber.com\/mavikadin\/wp-content\/uploads\/0x0-iste-benim-stilimde-kim-birinci-oldu-2-nisan-iste-benim-stilim-puan-durumu-buyuk-odul-sahibini-buldu-1743587652106-768x432.webp 768w, https:\/\/www.tgrthaber.com\/mavikadin\/wp-content\/uploads\/0x0-iste-benim-stilimde-kim-birinci-oldu-2-nisan-iste-benim-stilim-puan-durumu-buyuk-odul-sahibini-buldu-1743587652106.webp 800w\" sizes=\"(max-width: 1208px) 100vw, 1208px\" \/><\/p>\n<hr \/>\n<p>O s\u0131rada G\u00fczide Duran\u2019\u0131n da sessiz kalmas\u0131 dikkatlerden ka\u00e7mad\u0131. \u00d6zellikle sosyal medyada #\u0130\u015fteBenimStilim etiketiyle binlerce yorum yap\u0131ld\u0131. G\u00f6zler \u015fimdi yeni b\u00f6l\u00fcmlerde tansiyonun y\u00fckselip y\u00fckselmeyece\u011fine \u00e7evrildi.<\/p>\n<h3>\u0130LK B\u00d6L\u00dcMDEN \u0130T\u0130BAREN G\u00d6ZLER \u00dcZER\u0130NDEYD\u0130<\/h3>\n<p>31 Mart Pazartesi g\u00fcn\u00fc ekranlara gelen sezonun ilk b\u00f6l\u00fcm\u00fcnde, izleyicilerin g\u00f6z\u00fcnden ka\u00e7mayan detaylardan biri j\u00fcri \u00fcyeleri aras\u0131ndaki mesafe oldu. Ivana Sert ve G\u00fczide Duran\u2019\u0131n, ayn\u0131 j\u00fcri masas\u0131nda oturduklar\u0131 Nur Bilen Yavuzer ile kurduklar\u0131 ileti\u015fim, olduk\u00e7a s\u0131n\u0131rl\u0131yd\u0131. Kameralara da yans\u0131yan bu mesafeli duru\u015f, sosyal medya kullan\u0131c\u0131lar\u0131n\u0131n da g\u00fcndemine girdi.<\/p>\n<div style=\"width: 640px;\" class=\"wp-video\"><!--[if lt IE 9]><script>document.createElement('video');<\/script><![endif]-->\n<video class=\"wp-video-shortcode\" id=\"video-157433-1\" width=\"640\" height=\"640\" preload=\"metadata\" controls=\"controls\"><source type=\"video\/mp4\" src=\"https:\/\/www.tgrthaber.com\/mavikadin\/wp-content\/uploads\/iste-benim-stilim-jurisi-birbirine-girdi.mp4?_=1\" \/><a href=\"https:\/\/www.tgrthaber.com\/mavikadin\/wp-content\/uploads\/iste-benim-stilim-jurisi-birbirine-girdi.mp4\">https:\/\/www.tgrthaber.com\/mavikadin\/wp-content\/uploads\/iste-benim-stilim-jurisi-birbirine-girdi.mp4<\/a><\/video><\/div>\n<hr \/>\n<h3>\u0130\u015eTE BEN\u0130M ST\u0130L\u0130M J\u00dcR\u0130 \u00dcYELER\u0130 B\u0130RB\u0130R\u0130NE G\u0130RD\u0130!<\/h3>\n<p>Program\u0131n ilerleyen dakikalar\u0131nda tansiyon daha da y\u00fckseldi. Nur Bilen Yavuzer\u2019in G\u00fczide Duran\u2019a y\u00f6neltti\u011fi \u201cKalemi atar\u0131m\u201d \u00e7\u0131k\u0131\u015f\u0131, ortam\u0131n gerilmesine yol a\u00e7t\u0131.<\/p>\n<p><img loading=\"lazy\" decoding=\"async\" class=\"alignnone wp-image-157438\" src=\"https:\/\/www.tgrthaber.com\/mavikadin\/wp-content\/uploads\/AtCL9tqsTEW1fffsj0iJAw-300x170.webp\" alt=\"\" width=\"1208\" height=\"685\" title=\"\" srcset=\"https:\/\/www.tgrthaber.com\/mavikadin\/wp-content\/uploads\/AtCL9tqsTEW1fffsj0iJAw-300x170.webp 300w, https:\/\/www.tgrthaber.com\/mavikadin\/wp-content\/uploads\/AtCL9tqsTEW1fffsj0iJAw.webp 614w\" sizes=\"(max-width: 1208px) 100vw, 1208px\" \/><\/p>\n<hr \/>\n<p>Bu s\u00f6zlerin hemen ard\u0131ndan araya giren Ivana Sert\u2019in, \u201cKat\u0131lma yavrum, zaten kat\u0131lmak i\u00e7in burada de\u011filsin\u201d ifadesi, gerginli\u011fi iyice art\u0131rd\u0131. Bu diyaloglar\u0131n montajs\u0131z \u015fekilde ekrana yans\u0131mas\u0131, izleyiciler aras\u0131nda \u201cj\u00fcride fikir ayr\u0131l\u0131\u011f\u0131 m\u0131 var?\u201d sorusunu g\u00fcndeme ta\u015f\u0131d\u0131.<\/p>\n<h3>PROGRAMDA K\u0130MLER VAR, NE ZAMAN YAYINLANIYOR?<\/h3>\n<p>Sunuculu\u011funu \u00d6yk\u00fc Serter\u2019in \u00fcstlendi\u011fi program, hafta i\u00e7i her g\u00fcn saat 12:30\u2019da TV8\u2019de yay\u0131nlan\u0131yor. Bu sezonun j\u00fcri koltu\u011funda Ivana Sert, G\u00fczide Duran ve Nur Bilen Yavuzer yer al\u0131yor. Program\u0131n ilk b\u00f6l\u00fcm\u00fcne ise s\u00fcrpriz bir isim konuk oldu: \u015eark\u0131c\u0131 Burak Kut, yar\u0131\u015fmac\u0131larla sohbet etti ve j\u00fcri ile k\u0131sa s\u00fcreli etkile\u015fimlerde bulundu.<\/p>\n<h3>\u0130\u015eTE BEN\u0130M ST\u0130L\u0130M EKRANLARA DAMGA VURDU<\/h3>\n<p>\u0130lk olarak 2014 y\u0131l\u0131nda Show TV ekranlar\u0131nda izleyiciyle bulu\u015fan \u201c\u0130\u015fte Benim Stilim\u201d, zaman i\u00e7erisinde TV8\u2019e ge\u00e7erek burada bir\u00e7ok sezon boyunca yay\u0131nland\u0131.<\/p>\n<p><img loading=\"lazy\" decoding=\"async\" class=\"alignnone wp-image-157436\" src=\"https:\/\/www.tgrthaber.com\/mavikadin\/wp-content\/uploads\/iste-benim-stilim-ne-zaman-baslayacak-2025-iste-18486794_8213_m-300x200.webp\" alt=\"\" width=\"1208\" height=\"804\" title=\"\" srcset=\"https:\/\/www.tgrthaber.com\/mavikadin\/wp-content\/uploads\/iste-benim-stilim-ne-zaman-baslayacak-2025-iste-18486794_8213_m-300x200.webp 300w, https:\/\/www.tgrthaber.com\/mavikadin\/wp-content\/uploads\/iste-benim-stilim-ne-zaman-baslayacak-2025-iste-18486794_8213_m.webp 640w\" sizes=\"(max-width: 1208px) 100vw, 1208px\" \/><\/p>\n<hr \/>\n<p>Moda alan\u0131nda kendi tarz\u0131n\u0131 ortaya koymak isteyen kad\u0131nlar\u0131n yar\u0131\u015ft\u0131\u011f\u0131 bu format, zamanla geni\u015f bir izleyici kitlesi kazand\u0131. Ge\u00e7mi\u015f y\u0131llarda Nur Yerlita\u015f, Kemal Do\u011fulu gibi isimlerin de yer ald\u0131\u011f\u0131 j\u00fcri kadrosu, program\u0131n haf\u0131zalara kaz\u0131nan d\u00f6nemlerini olu\u015fturdu.<\/p>\n<p>Yeni sezona g\u00fc\u00e7l\u00fc bir kadroyla d\u00f6n\u00fc\u015f yapan \u201c\u0130\u015fte Benim Stilim\u201d, j\u00fcri \u00fcyeleri aras\u0131ndaki gerilimli hava ile konu\u015fulmaya devam ediyor. Program\u0131n ilerleyen b\u00f6l\u00fcmlerinde bu \u00e7at\u0131\u015fmalar\u0131n daha fazla g\u00fcndem olup olmayaca\u011f\u0131, izleyici taraf\u0131ndan merakla takip ediliyor.<\/p>\n","protected":false},"excerpt":{"rendered":"<p>Moda tutkunlar\u0131n\u0131n merakla bekledi\u011fi \u201c\u0130\u015fte Benim Stilim\u201d yeni sezonuyla geri d\u00f6nd\u00fc, ancak ekran ba\u015f\u0131na oturan izleyiciler \u015f\u0131kl\u0131\u011f\u0131n yan\u0131 s\u0131ra tansiyonu da y\u00fcksek bir b\u00f6l\u00fcmle kar\u015f\u0131la\u015ft\u0131. TV8\u2019de yay\u0131nlanan yar\u0131\u015fman\u0131n j\u00fcri koltu\u011funda oturan isimler aras\u0131nda ge\u00e7en diyaloglar, g\u00fcndeme bomba gibi d\u00fc\u015ft\u00fc. Ivana Sert Nur Bilen Yavuz&#8217;a a\u011f\u0131r s\u00f6zler s\u00f6yledi, ortal\u0131k birbirine girdi. \u0130\u015fte o anlar&#8230;<\/p>\n","protected":false},"author":35,"featured_media":157435,"comment_status":"closed","ping_status":"closed","sticky":false,"template":"","format":"standard","meta":{"rank_math_lock_modified_date":false,"footnotes":""},"categories":[76],"tags":[16796,15793,16797,16799,16795,16798],"class_list":["post-157433","post","type-post","status-publish","format-standard","has-post-thumbnail","hentry","category-magazin","tag-iste-benim-stiim-ivana-sert","tag-iste-benim-stilim-2025","tag-iste-benim-stilim-guzide-duran","tag-iste-benim-stilim-jurisi","tag-iste-benim-stilim-nur-bilen-yavuz","tag-iste-benim-stilimde-gergin-anlar"],"_links":{"self":[{"href":"https:\/\/www.tgrthaber.com\/mavikadin\/wp-json\/wp\/v2\/posts\/157433"}],"collection":[{"href":"https:\/\/www.tgrthaber.com\/mavikadin\/wp-json\/wp\/v2\/posts"}],"about":[{"href":"https:\/\/www.tgrthaber.com\/mavikadin\/wp-json\/wp\/v2\/types\/post"}],"author":[{"embeddable":true,"href":"https:\/\/www.tgrthaber.com\/mavikadin\/wp-json\/wp\/v2\/users\/35"}],"replies":[{"embeddable":true,"href":"https:\/\/www.tgrthaber.com\/mavikadin\/wp-json\/wp\/v2\/comments?post=157433"}],"version-history":[{"count":1,"href":"https:\/\/www.tgrthaber.com\/mavikadin\/wp-json\/wp\/v2\/posts\/157433\/revisions"}],"predecessor-version":[{"id":157440,"href":"https:\/\/www.tgrthaber.com\/mavikadin\/wp-json\/wp\/v2\/posts\/157433\/revisions\/157440"}],"wp:featuredmedia":[{"embeddable":true,"href":"https:\/\/www.tgrthaber.com\/mavikadin\/wp-json\/wp\/v2\/media\/157435"}],"wp:attachment":[{"href":"https:\/\/www.tgrthaber.com\/mavikadin\/wp-json\/wp\/v2\/media?parent=157433"}],"wp:term":[{"taxonomy":"category","embeddable":true,"href":"https:\/\/www.tgrthaber.com\/mavikadin\/wp-json\/wp\/v2\/categories?post=157433"},{"taxonomy":"post_tag","embeddable":true,"href":"https:\/\/www.tgrthaber.com\/mavikadin\/wp-json\/wp\/v2\/tags?post=157433"}],"curies":[{"name":"wp","href":"https:\/\/api.w.org\/{rel}","templated":true}]}}