{"id":157474,"date":"2025-04-05T11:08:03","date_gmt":"2025-04-05T08:08:03","guid":{"rendered":"https:\/\/www.tgrthaber.com\/mavikadin\/?p=157474"},"modified":"2025-04-05T11:14:56","modified_gmt":"2025-04-05T08:14:56","slug":"tv-8-bu-aksam-survivor-mu-var-o-ses-turkiye-mi-o-ses-turkiye-neden-yayinlanmadi","status":"publish","type":"post","link":"https:\/\/www.tgrthaber.com\/mavikadin\/tv-8-bu-aksam-survivor-mu-var-o-ses-turkiye-mi-o-ses-turkiye-neden-yayinlanmadi\/","title":{"rendered":"TV 8 bu ak\u015fam Survivor mu var O Ses T\u00fcrkiye mi? O Ses T\u00fcrkiye neden yay\u0131nlanmad\u0131?"},"content":{"rendered":"<p>TV 8\u2019de bu ak\u015fam Survivor All Star-G\u00f6n\u00fcll\u00fcler yar\u0131\u015fmas\u0131n\u0131n yeni b\u00f6l\u00fcm\u00fc yay\u0131nlanacak. O Ses T\u00fcrkiye neden yay\u0131nlanmad\u0131? ara\u015ft\u0131r\u0131lmaya ba\u015fland\u0131.<\/p>\n<h3>SURVIVOR 2025\u2019TE ELEME GERG\u0130NL\u0130\u011e\u0130<\/h3>\n<p>Survivor 2025 All Star ve G\u00f6n\u00fcll\u00fcler tak\u0131mlar\u0131 aras\u0131nda m\u00fccadele devam ediyor. Bu hafta Survivor dokunulmazl\u0131k oyununu Mavi Tak\u0131m kaybetmi\u015fti. Ard\u0131ndan 4 Nisan 2025 Cuma ak\u015fam\u0131 yap\u0131lan konseyde eleme adaylar\u0131 belli oldu. Peki potaya giren isimler kim oldu? \u0130\u015fte Survivor 2025 eleme adaylar\u0131.<\/p>\n<p><img loading=\"lazy\" decoding=\"async\" class=\"alignnone size-full wp-image-157478\" src=\"https:\/\/www.tgrthaber.com\/mavikadin\/wp-content\/uploads\/Survivor-1-2.png\" alt=\"\" width=\"1208\" height=\"680\" title=\"\" srcset=\"https:\/\/www.tgrthaber.com\/mavikadin\/wp-content\/uploads\/Survivor-1-2.png 1208w, https:\/\/www.tgrthaber.com\/mavikadin\/wp-content\/uploads\/Survivor-1-2-300x169.png 300w, https:\/\/www.tgrthaber.com\/mavikadin\/wp-content\/uploads\/Survivor-1-2-1024x576.png 1024w, https:\/\/www.tgrthaber.com\/mavikadin\/wp-content\/uploads\/Survivor-1-2-768x432.png 768w\" sizes=\"(max-width: 1208px) 100vw, 1208px\" \/><\/p>\n<hr \/>\n<h3>SURVIVOR\u2019DA ERKEK ELEME HAFTASINDA YA\u015eANANLAR<\/h3>\n<p>Survivor All Star ve G\u00f6n\u00fcll\u00fcler tak\u0131mlar\u0131 aras\u0131nda ge\u00e7en m\u00fccadeleler izleyenleri ekranlar\u0131 ba\u015f\u0131na kilitledi. 4 Nisan\u2019da ger\u00e7ekle\u015fen dokunulmazl\u0131k oyununda Mavi Tak\u0131m yenilmi\u015fti. Bu hafta eleme riskiyle kar\u015f\u0131 kar\u015f\u0131ya kald\u0131.<\/p>\n<p>Tak\u0131m i\u00e7i stratejiler ve yar\u0131\u015fmac\u0131lar\u0131n performans\u0131 eleme adaylar\u0131n\u0131 belirleyen kritik fakt\u00f6rler olarak yer ald\u0131.<\/p>\n<p><img loading=\"lazy\" decoding=\"async\" class=\"alignnone size-full wp-image-157483\" src=\"https:\/\/www.tgrthaber.com\/mavikadin\/wp-content\/uploads\/Survivor-2-1.png\" alt=\"\" width=\"1208\" height=\"680\" title=\"\" srcset=\"https:\/\/www.tgrthaber.com\/mavikadin\/wp-content\/uploads\/Survivor-2-1.png 1208w, https:\/\/www.tgrthaber.com\/mavikadin\/wp-content\/uploads\/Survivor-2-1-300x169.png 300w, https:\/\/www.tgrthaber.com\/mavikadin\/wp-content\/uploads\/Survivor-2-1-1024x576.png 1024w, https:\/\/www.tgrthaber.com\/mavikadin\/wp-content\/uploads\/Survivor-2-1-768x432.png 768w\" sizes=\"(max-width: 1208px) 100vw, 1208px\" \/><\/p>\n<hr \/>\n<h3>BU HAFTAK\u0130 ELEME ADAYLARI K\u0130MLER?<\/h3>\n<p>All Star Tak\u0131m\u0131 \u00c7\u0131lg\u0131n Sedat Survivor\u2019da ilk eleme aday\u0131 olarak a\u00e7\u0131kland\u0131. Tak\u0131ma ra\u011fmen potaya girdi. All Star Tak\u0131m\u0131 \u0130smail Balaban ikinci aday olarak a\u00e7\u0131kland\u0131. Ge\u00e7en haftalardaki performans\u0131yla be\u011feni toplam\u0131\u015ft\u0131.<\/p>\n<p>All Star Tak\u0131m\u0131 Hikmet Tu\u011fsuz \u00fc\u00e7\u00fcnc\u00fc eleme aday\u0131 oldu. Tak\u0131m i\u00e7i \u00e7eki\u015fmeler nedeniyle risk alt\u0131nda kald\u0131. G\u00f6n\u00fcll\u00fcler Tak\u0131m\u0131 Yunus Emre Karabacak Mavi Tak\u0131m\u2019\u0131n kayb\u0131yla d\u00f6rd\u00fcnc\u00fc aday olarak belirlendi. Yunus Emre, zorlu bir d\u00fcelloya haz\u0131rlan\u0131yor.<\/p>\n<p><img loading=\"lazy\" decoding=\"async\" class=\"alignnone size-full wp-image-157484\" src=\"https:\/\/www.tgrthaber.com\/mavikadin\/wp-content\/uploads\/Survivor-4-2.png\" alt=\"\" width=\"1208\" height=\"680\" title=\"\" srcset=\"https:\/\/www.tgrthaber.com\/mavikadin\/wp-content\/uploads\/Survivor-4-2.png 1208w, https:\/\/www.tgrthaber.com\/mavikadin\/wp-content\/uploads\/Survivor-4-2-300x169.png 300w, https:\/\/www.tgrthaber.com\/mavikadin\/wp-content\/uploads\/Survivor-4-2-1024x576.png 1024w, https:\/\/www.tgrthaber.com\/mavikadin\/wp-content\/uploads\/Survivor-4-2-768x432.png 768w\" sizes=\"(max-width: 1208px) 100vw, 1208px\" \/><\/p>\n<hr \/>\n<h3>SURVIVOR\u2019DA TU\u011eBA YEN\u0130 VEDA ETT\u0130<\/h3>\n<p>Ge\u00e7en hafta Survivor eleme d\u00fcellosunda Tu\u011fba Yeni ve Asena Demirba\u011f m\u00fccadele etti. Heyecan dolu m\u00fccadele sonras\u0131nda Tu\u011fba Yeni, adaya veda etti. Ya\u015fanan bu elemeden sonra tak\u0131mlar aras\u0131nda dengeler de\u011fi\u015fti.<\/p>\n<p><img loading=\"lazy\" decoding=\"async\" class=\"alignnone wp-image-157334\" src=\"https:\/\/www.tgrthaber.com\/mavikadin\/wp-content\/uploads\/Survivor-4-Nisan-2025-odul-oyununu-hangi-takim-kazandi.png\" alt=\"\" width=\"1208\" height=\"680\" title=\"\" srcset=\"https:\/\/www.tgrthaber.com\/mavikadin\/wp-content\/uploads\/Survivor-4-Nisan-2025-odul-oyununu-hangi-takim-kazandi.png 1920w, https:\/\/www.tgrthaber.com\/mavikadin\/wp-content\/uploads\/Survivor-4-Nisan-2025-odul-oyununu-hangi-takim-kazandi-300x169.png 300w, https:\/\/www.tgrthaber.com\/mavikadin\/wp-content\/uploads\/Survivor-4-Nisan-2025-odul-oyununu-hangi-takim-kazandi-1024x576.png 1024w, https:\/\/www.tgrthaber.com\/mavikadin\/wp-content\/uploads\/Survivor-4-Nisan-2025-odul-oyununu-hangi-takim-kazandi-768x432.png 768w, https:\/\/www.tgrthaber.com\/mavikadin\/wp-content\/uploads\/Survivor-4-Nisan-2025-odul-oyununu-hangi-takim-kazandi-1536x864.png 1536w\" sizes=\"(max-width: 1208px) 100vw, 1208px\" \/><\/p>\n<hr \/>\n<h3>SURVIVOR 2025\u2019TE BU HAFTA ELEME NE ZAMAN?<\/h3>\n<p>Survivor 2025\u2019te eleme d\u00fcellosu bu ak\u015fam yay\u0131nlanacak b\u00f6l\u00fcmde ger\u00e7ekle\u015fecek. Yunus Emre Karabacak\u2019\u0131n hangi rakibiyle kar\u015f\u0131la\u015faca\u011f\u0131 ve elenen ismin kim olaca\u011f\u0131 merak konusu oldu.<\/p>\n<p><img loading=\"lazy\" decoding=\"async\" class=\"alignnone wp-image-157197\" src=\"https:\/\/www.tgrthaber.com\/mavikadin\/wp-content\/uploads\/Survivor-2025-Gonulluler-takiminda-firtina-koptu-Batuhan-Karacakaya-Almeda-Baylan-ve-Ayse-Yuksel-birbirlerine-demediklerini-birakmadi.png\" alt=\"\" width=\"1208\" height=\"680\" title=\"\" srcset=\"https:\/\/www.tgrthaber.com\/mavikadin\/wp-content\/uploads\/Survivor-2025-Gonulluler-takiminda-firtina-koptu-Batuhan-Karacakaya-Almeda-Baylan-ve-Ayse-Yuksel-birbirlerine-demediklerini-birakmadi.png 1920w, https:\/\/www.tgrthaber.com\/mavikadin\/wp-content\/uploads\/Survivor-2025-Gonulluler-takiminda-firtina-koptu-Batuhan-Karacakaya-Almeda-Baylan-ve-Ayse-Yuksel-birbirlerine-demediklerini-birakmadi-300x169.png 300w, https:\/\/www.tgrthaber.com\/mavikadin\/wp-content\/uploads\/Survivor-2025-Gonulluler-takiminda-firtina-koptu-Batuhan-Karacakaya-Almeda-Baylan-ve-Ayse-Yuksel-birbirlerine-demediklerini-birakmadi-1024x576.png 1024w, https:\/\/www.tgrthaber.com\/mavikadin\/wp-content\/uploads\/Survivor-2025-Gonulluler-takiminda-firtina-koptu-Batuhan-Karacakaya-Almeda-Baylan-ve-Ayse-Yuksel-birbirlerine-demediklerini-birakmadi-768x432.png 768w, https:\/\/www.tgrthaber.com\/mavikadin\/wp-content\/uploads\/Survivor-2025-Gonulluler-takiminda-firtina-koptu-Batuhan-Karacakaya-Almeda-Baylan-ve-Ayse-Yuksel-birbirlerine-demediklerini-birakmadi-1536x864.png 1536w\" sizes=\"(max-width: 1208px) 100vw, 1208px\" \/><\/p>\n<hr \/>\n<h3>SURV\u0130VOR \u00d6D\u00dcL OYUNUNU K\u0130M KAZANDI?<\/h3>\n<p>Survivor\u2019da \u00f6d\u00fcl oyununu erkekler turunda All Star tak\u0131m\u0131, kad\u0131nlar turunda ise kazanan G\u00f6n\u00fcll\u00fcler tak\u0131m\u0131 oldu.<\/p>\n<p>Oyunda skor 1-1 berabere olunca final m\u00fccadelesi yap\u0131ld\u0131. Oyunda en iyiler yar\u0131\u015f\u0131rken G\u00f6n\u00fcll\u00fcler tak\u0131m\u0131nda Yi\u011fit Poyraz &#8211; Almeda ikilisi yer ald\u0131. Di\u011fer tarafta All Star&#8217;da Adem &#8211; Aycan \u00e7ifti parkura \u00e7\u0131kt\u0131.<\/p>\n<p>Nefes kesen \u00f6d\u00fcl oyununu kazanan All Star K\u0131rm\u0131z\u0131 tak\u0131m oldu. G\u00f6n\u00fcll\u00fcler Mavi tak\u0131m\u0131 oyunu kaybedince b\u00fcy\u00fck bir h\u00fczne bo\u011fuldu.<\/p>\n","protected":false},"excerpt":{"rendered":"<p>TV 8 bu ak\u015fam Survivor mu var O Ses T\u00fcrkiye mi? merak konusu oldu. Sevilen programlar\u0131n yeni b\u00f6l\u00fcmleri \u015fimdiden ara\u015ft\u0131r\u0131lmaya ba\u015fland\u0131.<\/p>\n","protected":false},"author":5,"featured_media":157485,"comment_status":"closed","ping_status":"closed","sticky":false,"template":"","format":"standard","meta":{"rank_math_lock_modified_date":false,"footnotes":""},"categories":[76],"tags":[133,2728],"class_list":["post-157474","post","type-post","status-publish","format-standard","has-post-thumbnail","hentry","category-magazin","tag-magazin","tag-survivor-2025"],"_links":{"self":[{"href":"https:\/\/www.tgrthaber.com\/mavikadin\/wp-json\/wp\/v2\/posts\/157474"}],"collection":[{"href":"https:\/\/www.tgrthaber.com\/mavikadin\/wp-json\/wp\/v2\/posts"}],"about":[{"href":"https:\/\/www.tgrthaber.com\/mavikadin\/wp-json\/wp\/v2\/types\/post"}],"author":[{"embeddable":true,"href":"https:\/\/www.tgrthaber.com\/mavikadin\/wp-json\/wp\/v2\/users\/5"}],"replies":[{"embeddable":true,"href":"https:\/\/www.tgrthaber.com\/mavikadin\/wp-json\/wp\/v2\/comments?post=157474"}],"version-history":[{"count":4,"href":"https:\/\/www.tgrthaber.com\/mavikadin\/wp-json\/wp\/v2\/posts\/157474\/revisions"}],"predecessor-version":[{"id":157489,"href":"https:\/\/www.tgrthaber.com\/mavikadin\/wp-json\/wp\/v2\/posts\/157474\/revisions\/157489"}],"wp:featuredmedia":[{"embeddable":true,"href":"https:\/\/www.tgrthaber.com\/mavikadin\/wp-json\/wp\/v2\/media\/157485"}],"wp:attachment":[{"href":"https:\/\/www.tgrthaber.com\/mavikadin\/wp-json\/wp\/v2\/media?parent=157474"}],"wp:term":[{"taxonomy":"category","embeddable":true,"href":"https:\/\/www.tgrthaber.com\/mavikadin\/wp-json\/wp\/v2\/categories?post=157474"},{"taxonomy":"post_tag","embeddable":true,"href":"https:\/\/www.tgrthaber.com\/mavikadin\/wp-json\/wp\/v2\/tags?post=157474"}],"curies":[{"name":"wp","href":"https:\/\/api.w.org\/{rel}","templated":true}]}}