{"id":157541,"date":"2025-04-05T13:34:30","date_gmt":"2025-04-05T10:34:30","guid":{"rendered":"https:\/\/www.tgrthaber.com\/mavikadin\/?p=157541"},"modified":"2025-04-05T13:34:30","modified_gmt":"2025-04-05T10:34:30","slug":"arka-sokaklar-dizisi-yeni-bolum-neden-yok-arka-sokaklar-708-bolum-fragmani","status":"publish","type":"post","link":"https:\/\/www.tgrthaber.com\/mavikadin\/arka-sokaklar-dizisi-yeni-bolum-neden-yok-arka-sokaklar-708-bolum-fragmani\/","title":{"rendered":"Arka Sokaklar dizisi yeni b\u00f6l\u00fcm neden yok? Arka Sokaklar 708. b\u00f6l\u00fcm fragman\u0131!"},"content":{"rendered":"<p>Her hafta Cuma ak\u015famlar\u0131 Kanal D ekranlar\u0131nda yay\u0131nlanan ve uzun soluklu yap\u0131mlar aras\u0131nda yer alan Arka Sokaklar dizisinin bu hafta yeni b\u00f6l\u00fcm\u00fcyle ekranda olmamas\u0131 dikkat \u00e7ekti. Diziyi d\u00fczenli takip eden izleyiciler, televizyon ba\u015f\u0131na ge\u00e7tiklerinde tekrar b\u00f6l\u00fcm\u00fcyle kar\u015f\u0131la\u015ft\u0131. Bu durum, sosyal medya \u00fczerinden ve arama motorlar\u0131nda yo\u011fun olarak \u201cArka Sokaklar yeni b\u00f6l\u00fcm neden yok?\u201d, \u201cDizi final mi yapt\u0131?\u201d, \u201cYay\u0131n g\u00fcn\u00fc m\u00fc de\u011fi\u015fti?\u201d gibi sorular\u0131n sorulmas\u0131na neden oldu. \u0130zleyici kitlesi, hem dizinin ak\u0131betini hem de 708. b\u00f6l\u00fcm\u00fcn ne zaman yay\u0131nlanaca\u011f\u0131n\u0131 ara\u015ft\u0131rmaya ba\u015flad\u0131. Peki Arka Sokaklar dizisi yeni b\u00f6l\u00fcm neden yok? \u0130\u015fte Arka Sokaklar 708. b\u00f6l\u00fcm fragman\u0131!<\/p>\n<h3>ARKA SOKAKLAR YEN\u0130 B\u00d6L\u00dcM NEDEN YOK?<\/h3>\n<p>Dizinin bu hafta yay\u0131nlanmamas\u0131n\u0131n arkas\u0131nda \u00f6zel bir sebep yer al\u0131yor. Arka Sokaklar\u2019\u0131n yap\u0131mc\u0131lar\u0131 taraf\u0131ndan al\u0131nan kararla, Ramazan Bayram\u0131 haftas\u0131 \u00f6ncesi dizinin yeni b\u00f6l\u00fcm\u00fcne k\u0131sa bir ara verildi\u011fi bilgisi payla\u015f\u0131ld\u0131.<\/p>\n<p><img loading=\"lazy\" decoding=\"async\" class=\"alignnone wp-image-157544\" src=\"https:\/\/www.tgrthaber.com\/mavikadin\/wp-content\/uploads\/i-88-300x244.webp\" alt=\"\" width=\"1208\" height=\"984\" title=\"\" srcset=\"https:\/\/www.tgrthaber.com\/mavikadin\/wp-content\/uploads\/i-88-300x244.webp 300w, https:\/\/www.tgrthaber.com\/mavikadin\/wp-content\/uploads\/i-88.webp 393w\" sizes=\"(max-width: 1208px) 100vw, 1208px\" \/><\/p>\n<hr \/>\n<p>Bu karar, bayram tatiline girilen s\u00fcre\u00e7te ekran ba\u015f\u0131ndaki yo\u011funlu\u011fun azalmas\u0131 ve izlenme oranlar\u0131n\u0131n d\u00fc\u015fme ihtimali nedeniyle al\u0131nd\u0131. Bu t\u00fcr d\u00f6nemsel aralar, televizyon yap\u0131mlar\u0131nda s\u0131k\u00e7a kar\u015f\u0131la\u015f\u0131lan bir durum olarak biliniyor. Ancak bu k\u0131sa yay\u0131n aras\u0131, dizinin final yapt\u0131\u011f\u0131 ya da yay\u0131n ak\u0131\u015f\u0131nda kal\u0131c\u0131 bir de\u011fi\u015fiklik ya\u015fand\u0131\u011f\u0131 anlam\u0131na gelmiyor.<\/p>\n<h3>708. B\u00d6L\u00dcM NE ZAMAN EKRANLARDA OLACAK?<\/h3>\n<p>Arka Sokaklar dizisinin 708. yeni b\u00f6l\u00fcm\u00fcn\u00fcn yay\u0131n tarihi netlik kazand\u0131. Kanal D\u2019nin yay\u0131n ak\u0131\u015f\u0131na g\u00f6re dizi, 11 Nisan 2025 Cuma ak\u015fam\u0131 saat 20.00\u2019de ekranlardaki yerini alacak. Yeni b\u00f6l\u00fcm fragman\u0131n\u0131n ise \u00f6n\u00fcm\u00fczdeki g\u00fcnlerde Kanal D\u2019nin resmi sosyal medya hesaplar\u0131nda ve YouTube kanal\u0131nda payla\u015f\u0131lmas\u0131 bekleniyor. Fragman\u0131n yay\u0131na girmesiyle birlikte b\u00f6l\u00fcmle ilgili detaylar da netle\u015fecek.<\/p>\n<h3>ARKA SOKAKLAR DEVAM ED\u0130YOR MU, F\u0130NAL M\u0130 YAPTI?<\/h3>\n<p>Dizinin hayranlar\u0131n\u0131 endi\u015felendiren en \u00f6nemli konulardan biri de \u201cArka Sokaklar final mi yapt\u0131?\u201d sorusu oldu. Ancak hem kanal hem de yap\u0131m \u015firketi taraf\u0131ndan dizinin final yapaca\u011f\u0131na dair herhangi bir a\u00e7\u0131klama yap\u0131lmad\u0131. Dolay\u0131s\u0131yla Arka Sokaklar, yay\u0131n hayat\u0131na kald\u0131\u011f\u0131 yerden devam ediyor.<\/p>\n<p><img loading=\"lazy\" decoding=\"async\" class=\"alignnone wp-image-157542\" src=\"https:\/\/www.tgrthaber.com\/mavikadin\/wp-content\/uploads\/0x0-arka-sokaklar-yeni-bolum-var-mi-yok-mu-son-durum-ne-13-ocak-cuma-639-bolum-yayinlanacak-mi-arka-sokaklara-nede-1673539733924-300x200.webp\" alt=\"\" width=\"1208\" height=\"804\" title=\"\" srcset=\"https:\/\/www.tgrthaber.com\/mavikadin\/wp-content\/uploads\/0x0-arka-sokaklar-yeni-bolum-var-mi-yok-mu-son-durum-ne-13-ocak-cuma-639-bolum-yayinlanacak-mi-arka-sokaklara-nede-1673539733924-300x200.webp 300w, https:\/\/www.tgrthaber.com\/mavikadin\/wp-content\/uploads\/0x0-arka-sokaklar-yeni-bolum-var-mi-yok-mu-son-durum-ne-13-ocak-cuma-639-bolum-yayinlanacak-mi-arka-sokaklara-nede-1673539733924.webp 730w\" sizes=\"(max-width: 1208px) 100vw, 1208px\" \/><\/p>\n<hr \/>\n<p>Kanal D\u2019nin haftal\u0131k yay\u0131n plan\u0131 i\u00e7erisinde dizinin Cuma ak\u015famlar\u0131 yay\u0131nlanmaya devam edece\u011fi g\u00f6r\u00fcl\u00fcyor. Bu da herhangi bir yay\u0131n g\u00fcn\u00fc de\u011fi\u015fikli\u011finin s\u00f6z konusu olmad\u0131\u011f\u0131n\u0131 g\u00f6steriyor.<\/p>\n<h3>D\u0130Z\u0130 TAK\u0130P\u00c7\u0130LER\u0130 YAYIN G\u00dcN\u00dcN\u00dc ARA\u015eTIRIYOR<\/h3>\n<p>Arka Sokaklar dizisi, uzun y\u0131llard\u0131r ekranlarda olmas\u0131na ra\u011fmen hala sad\u0131k bir izleyici kitlesine sahip. Her hafta yeni b\u00f6l\u00fcmlerini b\u00fcy\u00fck bir merakla bekleyen diziseverler, bu hafta yay\u0131nlanmayan b\u00f6l\u00fcm nedeniyle sosyal medya platformlar\u0131nda olduk\u00e7a aktifti. \u00d6zellikle X (eski ad\u0131yla Twitter) ve Instagram \u00fczerinden yap\u0131lan payla\u015f\u0131mlarda, dizinin bu hafta neden ekranda olmad\u0131\u011f\u0131na dair yorumlar ve sorular \u00f6ne \u00e7\u0131kt\u0131. Baz\u0131 izleyiciler, dizinin bitirilece\u011fi ya da farkl\u0131 bir kanala ge\u00e7ece\u011fi y\u00f6n\u00fcnde tahminlerde bulunsa da bu iddialar\u0131n ger\u00e7e\u011fi yans\u0131tmad\u0131\u011f\u0131 a\u00e7\u0131kland\u0131.<\/p>\n<h3>KANAL D YAYIN AKI\u015eINDAK\u0130 YER\u0130N\u0130 KORUYOR<\/h3>\n<p>Kanal D\u2019nin 4 Nisan 2025 tarihli yay\u0131n ak\u0131\u015f\u0131nda Arka Sokaklar\u2019\u0131n tekrar b\u00f6l\u00fcm\u00fc yer ald\u0131. Bu durum da dizinin yay\u0131ndan kald\u0131r\u0131lmad\u0131\u011f\u0131n\u0131, sadece yeni b\u00f6l\u00fcm\u00fcn bir hafta ertelendi\u011fini g\u00f6zler \u00f6n\u00fcne seriyor. Televizyon kanallar\u0131n\u0131n, bayram gibi \u00f6zel d\u00f6nemlerde dizi yay\u0131nlar\u0131na ara vermesi s\u0131k\u00e7a g\u00f6r\u00fclen bir uygulama oldu\u011fundan, bu haftal\u0131k de\u011fi\u015fiklik Arka Sokaklar i\u00e7in de ge\u00e7erli oldu.<\/p>\n<div style=\"width: 640px;\" class=\"wp-video\"><!--[if lt IE 9]><script>document.createElement('video');<\/script><![endif]-->\n<video class=\"wp-video-shortcode\" id=\"video-157541-1\" width=\"640\" height=\"360\" preload=\"metadata\" controls=\"controls\"><source type=\"video\/mp4\" src=\"https:\/\/www.tgrthaber.com\/mavikadin\/wp-content\/uploads\/Gonul-Dagi-173.-Bolum-Fragmani-_-_Insanin-ruhunun-iksiri-bu\u2026_-@GonulDagiTRT-online-video-cutter.com_.mp4?_=1\" \/><a href=\"https:\/\/www.tgrthaber.com\/mavikadin\/wp-content\/uploads\/Gonul-Dagi-173.-Bolum-Fragmani-_-_Insanin-ruhunun-iksiri-bu\u2026_-@GonulDagiTRT-online-video-cutter.com_.mp4\">https:\/\/www.tgrthaber.com\/mavikadin\/wp-content\/uploads\/Gonul-Dagi-173.-Bolum-Fragmani-_-_Insanin-ruhunun-iksiri-bu\u2026_-@GonulDagiTRT-online-video-cutter.com_.mp4<\/a><\/video><\/div>\n<hr \/>\n<h3>ARKA SOKAKLAR 708. B\u00d6L\u00dcM FRAGMANI YAYINLANDI!<\/h3>\n<p>Arka Sokaklar dizisi, bu hafta ekranlarda yeni b\u00f6l\u00fcm\u00fcyle yer almad\u0131 ancak bu durum kal\u0131c\u0131 bir ara ya da final anlam\u0131na gelmiyor. Ramazan Bayram\u0131 haftas\u0131 \u00f6ncesinde al\u0131nan kararla, 708. b\u00f6l\u00fcm\u00fcn yay\u0131n tarihi 11 Nisan Cuma olarak belirlendi. Dizi, her zaman oldu\u011fu gibi yine Kanal D ekranlar\u0131nda izleyiciyle bulu\u015facak. Sad\u0131k takip\u00e7ileri i\u00e7in bekleyi\u015f k\u0131sa s\u00fcre sonra sona erecek.<\/p>\n","protected":false},"excerpt":{"rendered":"<p>Kanal D ekranlar\u0131nda her Cuma ak\u015fam\u0131 yay\u0131nlanan Arka Sokaklar dizisinin bu hafta yeni b\u00f6l\u00fcm\u00fc ekrana gelmedi. 708. b\u00f6l\u00fcm\u00fc bekleyen izleyiciler, kar\u015f\u0131lar\u0131nda tekrar b\u00f6l\u00fcmle kar\u015f\u0131la\u015f\u0131nca \u201cArka Sokaklar bu ak\u015fam neden yok?\u201d sorusuna yan\u0131t aramaya ba\u015flad\u0131. Dizinin yay\u0131nlanmamas\u0131yla birlikte sosyal medyada \u201cfinal mi yapt\u0131?\u201d, \u201cyay\u0131n g\u00fcn\u00fc m\u00fc de\u011fi\u015fti?\u201d ve \u201ckanaldan m\u0131 kald\u0131r\u0131ld\u0131?\u201d gibi bir\u00e7ok s\u00f6ylenti dola\u015fmaya ba\u015flad\u0131. Arka Sokaklar dizisi neden yok, yeni b\u00f6l\u00fcm ne zaman? \u0130\u015fte 708. b\u00f6l\u00fcm fragman\u0131&#8230;<\/p>\n","protected":false},"author":35,"featured_media":157543,"comment_status":"closed","ping_status":"closed","sticky":false,"template":"","format":"standard","meta":{"rank_math_lock_modified_date":false,"footnotes":""},"categories":[602],"tags":[2976,16821,16823,16822,6184,8915],"class_list":["post-157541","post","type-post","status-publish","format-standard","has-post-thumbnail","hentry","category-diziler","tag-arka-sokaklar","tag-arka-sokaklar-708-bolum","tag-arka-sokaklar-final-mi-yapti","tag-arka-sokaklar-fragman","tag-arka-sokaklar-neden-yok","tag-arka-sokaklar-yeni-bolum"],"_links":{"self":[{"href":"https:\/\/www.tgrthaber.com\/mavikadin\/wp-json\/wp\/v2\/posts\/157541"}],"collection":[{"href":"https:\/\/www.tgrthaber.com\/mavikadin\/wp-json\/wp\/v2\/posts"}],"about":[{"href":"https:\/\/www.tgrthaber.com\/mavikadin\/wp-json\/wp\/v2\/types\/post"}],"author":[{"embeddable":true,"href":"https:\/\/www.tgrthaber.com\/mavikadin\/wp-json\/wp\/v2\/users\/35"}],"replies":[{"embeddable":true,"href":"https:\/\/www.tgrthaber.com\/mavikadin\/wp-json\/wp\/v2\/comments?post=157541"}],"version-history":[{"count":1,"href":"https:\/\/www.tgrthaber.com\/mavikadin\/wp-json\/wp\/v2\/posts\/157541\/revisions"}],"predecessor-version":[{"id":157547,"href":"https:\/\/www.tgrthaber.com\/mavikadin\/wp-json\/wp\/v2\/posts\/157541\/revisions\/157547"}],"wp:featuredmedia":[{"embeddable":true,"href":"https:\/\/www.tgrthaber.com\/mavikadin\/wp-json\/wp\/v2\/media\/157543"}],"wp:attachment":[{"href":"https:\/\/www.tgrthaber.com\/mavikadin\/wp-json\/wp\/v2\/media?parent=157541"}],"wp:term":[{"taxonomy":"category","embeddable":true,"href":"https:\/\/www.tgrthaber.com\/mavikadin\/wp-json\/wp\/v2\/categories?post=157541"},{"taxonomy":"post_tag","embeddable":true,"href":"https:\/\/www.tgrthaber.com\/mavikadin\/wp-json\/wp\/v2\/tags?post=157541"}],"curies":[{"name":"wp","href":"https:\/\/api.w.org\/{rel}","templated":true}]}}