{"id":157557,"date":"2025-04-05T14:31:30","date_gmt":"2025-04-05T11:31:30","guid":{"rendered":"https:\/\/www.tgrthaber.com\/mavikadin\/?p=157557"},"modified":"2025-04-21T18:50:33","modified_gmt":"2025-04-21T15:50:33","slug":"esra-erolun-kardesi-eda-erol-kimdir-eda-erol-kac-yasinda","status":"publish","type":"post","link":"https:\/\/www.tgrthaber.com\/mavikadin\/esra-erolun-kardesi-eda-erol-kimdir-eda-erol-kac-yasinda\/","title":{"rendered":"Esra Erol&#8217;un karde\u015fi Eda Erol kimdir? Eda Erol ka\u00e7 ya\u015f\u0131nda?"},"content":{"rendered":"<p>Evlilik haz\u0131rl\u0131klar\u0131yla bir kez daha ad\u0131ndan s\u00f6z ettiren Eda Erol, magazin d\u00fcnyas\u0131n\u0131n mercek alt\u0131na ald\u0131\u011f\u0131 isimlerden biri oldu. \u00dcnl\u00fc sunucu Esra Erol\u2019un karde\u015fi olmas\u0131yla tan\u0131nan Eda Erol, y\u0131llar \u00f6nce Ali\u015fan ile ya\u015fad\u0131\u011f\u0131 ni\u015fanl\u0131l\u0131k s\u00fcreciyle g\u00fcndeme gelmi\u015f, ard\u0131ndan uzun s\u00fcre g\u00f6zlerden uzak bir hayat s\u00fcrm\u00fc\u015ft\u00fc. \u015eimdi ise pilot sevgilisiyle evlilik yolunda att\u0131\u011f\u0131 yeni ad\u0131m, merakl\u0131 bak\u0131\u015flar\u0131 yeniden \u00fczerine \u00e7evirdi. G\u00fczelli\u011fi, sade ya\u015fam tarz\u0131 ve ge\u00e7mi\u015fteki ekran deneyimleriyle dikkat \u00e7eken Erol\u2019un hayat\u0131, ya\u015f\u0131, mesle\u011fi ve \u00f6zel hayat\u0131na dair ayr\u0131nt\u0131lar sosyal medyada yeniden g\u00fcndem olmaya ba\u015flad\u0131. G\u00fcndeme sessiz ama etkili bir d\u00f6n\u00fc\u015f yapan Eda Erol hakk\u0131nda bilinmeyenleri derledik. \u0130\u015fte merak edilen t\u00fcm detaylar&#8230;<\/p>\n<h3>EDA EROL K\u0130MD\u0130R KA\u00c7 YA\u015eINDA?<\/h3>\n<p>1986 y\u0131l\u0131nda d\u00fcnyaya gelen Eda Erol, ailenin en k\u00fc\u00e7\u00fck \u00e7ocu\u011fudur. Annesi Sinoplu, babas\u0131 ise g\u00f6\u00e7men k\u00f6kenlidir ve emekli polis memurudur.<\/p>\n<p><img loading=\"lazy\" decoding=\"async\" class=\"alignnone wp-image-157573\" src=\"https:\/\/www.tgrthaber.com\/mavikadin\/wp-content\/uploads\/597757d218c7732fc8db5a78-284x300.webp\" alt=\"\" width=\"1208\" height=\"1278\" title=\"\" srcset=\"https:\/\/www.tgrthaber.com\/mavikadin\/wp-content\/uploads\/597757d218c7732fc8db5a78-284x300.webp 284w, https:\/\/www.tgrthaber.com\/mavikadin\/wp-content\/uploads\/597757d218c7732fc8db5a78.webp 482w\" sizes=\"(max-width: 1208px) 100vw, 1208px\" \/><\/p>\n<hr \/>\n<p>Sanat e\u011fitimine y\u00f6nelen Erol, Afyon Kocatepe \u00dcniversitesi Devlet Konservatuvar\u0131\u2019ndan mezun olmu\u015ftur. E\u011fitimini tamamlad\u0131ktan sonra profesyonel oyunculuk yolunda ilerleyen Eda Erol, k\u0131sa s\u00fcrede televizyon projelerinde yer bulmu\u015ftur.<\/p>\n<h3>HANG\u0130 D\u0130Z\u0130 VE F\u0130LMLERDE ROL ALDI?<\/h3>\n<p>\u0130lk oyunculuk deneyimini \u201c46 Yok Olan\u201d adl\u0131 dizide ya\u015fayan Erol, bu projeyle birlikte ekran kar\u015f\u0131s\u0131nda dikkat \u00e7ekmeyi ba\u015farm\u0131\u015ft\u0131r. Televizyonun ard\u0131ndan beyazperdeye de ad\u0131m atan Erol, \u201cStajyer Mafya\u201d isimli filmde rol alm\u0131\u015ft\u0131r. Bu projeler, onun medya d\u00fcnyas\u0131nda bilinirli\u011fini art\u0131rm\u0131\u015ft\u0131r. Ayn\u0131 d\u00f6nemde Ne\u015fe Erberk Ajans\u0131\u2019na kay\u0131t olarak bir\u00e7ok reklam ve oyunculuk f\u0131rsat\u0131na da kap\u0131 aralam\u0131\u015ft\u0131r.<\/p>\n<p><img loading=\"lazy\" decoding=\"async\" class=\"alignnone wp-image-157574\" src=\"https:\/\/www.tgrthaber.com\/mavikadin\/wp-content\/uploads\/597757c718c7732fc8db5a71-300x275.webp\" alt=\"\" width=\"1208\" height=\"1108\" title=\"\" srcset=\"https:\/\/www.tgrthaber.com\/mavikadin\/wp-content\/uploads\/597757c718c7732fc8db5a71-300x275.webp 300w, https:\/\/www.tgrthaber.com\/mavikadin\/wp-content\/uploads\/597757c718c7732fc8db5a71.webp 534w\" sizes=\"(max-width: 1208px) 100vw, 1208px\" \/><\/p>\n<hr \/>\n<h3>B\u0130R ZAMANLAR AL\u0130\u015eAN \u0130LE N\u0130\u015eANLIYDI<\/h3>\n<p>Eda Erol\u2019un ad\u0131n\u0131n daha geni\u015f kitlelerce duyulmas\u0131na neden olan geli\u015fmelerden biri ise 2017 y\u0131l\u0131nda \u00fcnl\u00fc \u015fark\u0131c\u0131 ve televizyoncu Ali\u015fan ile ya\u015fad\u0131\u011f\u0131 ni\u015fanl\u0131l\u0131k s\u00fcreci olmu\u015ftur. \u00c7iftin ili\u015fkisi b\u00fcy\u00fck ilgi g\u00f6rm\u00fc\u015f, ancak nikah tarihine yaln\u0131zca \u00fc\u00e7 ay kala yollar\u0131n\u0131 ay\u0131rmalar\u0131 kamuoyunda geni\u015f yank\u0131 uyand\u0131rm\u0131\u015ft\u0131r. Bu ayr\u0131l\u0131k, d\u00f6nemin en \u00e7ok konu\u015fulan magazin olaylar\u0131 aras\u0131nda yer alm\u0131\u015ft\u0131r.<\/p>\n<h3>EVL\u0130 M\u0130 E\u015e\u0130 K\u0130MD\u0130R?<\/h3>\n<p>Eda Erol\u2019un \u00f6zel hayat\u0131 zaman zaman magazin d\u00fcnyas\u0131nda geni\u015f yer buluyor. 2017 y\u0131l\u0131nda \u015fark\u0131c\u0131 Ali\u015fan ile ni\u015fanlanan Erol, bu s\u00fcre\u00e7te s\u0131k\u00e7a g\u00fcndeme gelmi\u015fti. Ancak d\u00fc\u011f\u00fcnlerine k\u0131sa bir s\u00fcre kala \u00e7iftin yollar\u0131n\u0131 ay\u0131rmas\u0131 s\u00fcrpriz bir geli\u015fme olarak yorumlanm\u0131\u015ft\u0131.<\/p>\n<p><img loading=\"lazy\" decoding=\"async\" class=\"alignnone wp-image-157575\" src=\"https:\/\/www.tgrthaber.com\/mavikadin\/wp-content\/uploads\/EDA-EROL-EVLENIYOR-300x169.webp\" alt=\"\" width=\"1208\" height=\"681\" title=\"\" srcset=\"https:\/\/www.tgrthaber.com\/mavikadin\/wp-content\/uploads\/EDA-EROL-EVLENIYOR-300x169.webp 300w, https:\/\/www.tgrthaber.com\/mavikadin\/wp-content\/uploads\/EDA-EROL-EVLENIYOR-768x433.webp 768w, https:\/\/www.tgrthaber.com\/mavikadin\/wp-content\/uploads\/EDA-EROL-EVLENIYOR.webp 820w\" sizes=\"(max-width: 1208px) 100vw, 1208px\" \/><\/p>\n<hr \/>\n<p>Ayr\u0131l\u0131\u011f\u0131n ard\u0131ndan uzun s\u00fcre sessiz kalan Erol, y\u0131llar sonra sosyal medya hesab\u0131 \u00fczerinden bir payla\u015f\u0131m yaparak yeni bir evlilik teklifini kabul etti\u011fini duyurdu. Bu teklif, sivil havac\u0131l\u0131k sekt\u00f6r\u00fcnde g\u00f6rev yapan pilot Ekrem Kara\u00e7ay\u0131r\u2019dan geldi. \u0130kilinin ili\u015fkisi hakk\u0131nda \u00e7ok fazla detay payla\u015f\u0131lmasa da, bu geli\u015fme takip\u00e7ileri taraf\u0131ndan ilgiyle kar\u015f\u0131land\u0131.<\/p>\n<p><img loading=\"lazy\" decoding=\"async\" class=\"alignnone wp-image-157576\" src=\"https:\/\/www.tgrthaber.com\/mavikadin\/wp-content\/uploads\/Adsiz-tasarim-40-2-300x169.png\" alt=\"\" width=\"1208\" height=\"680\" title=\"\" srcset=\"https:\/\/www.tgrthaber.com\/mavikadin\/wp-content\/uploads\/Adsiz-tasarim-40-2-300x169.png 300w, https:\/\/www.tgrthaber.com\/mavikadin\/wp-content\/uploads\/Adsiz-tasarim-40-2-1024x576.png 1024w, https:\/\/www.tgrthaber.com\/mavikadin\/wp-content\/uploads\/Adsiz-tasarim-40-2-768x432.png 768w, https:\/\/www.tgrthaber.com\/mavikadin\/wp-content\/uploads\/Adsiz-tasarim-40-2-1536x864.png 1536w, https:\/\/www.tgrthaber.com\/mavikadin\/wp-content\/uploads\/Adsiz-tasarim-40-2.png 1920w\" sizes=\"(max-width: 1208px) 100vw, 1208px\" \/><\/p>\n<hr \/>\n<h3>EDA EROL ESTET\u0130K YAPTIRDI MI?<\/h3>\n<p>Eda Erol hakk\u0131nda sosyal medyada zaman zaman estetik i\u015flemler yapt\u0131rd\u0131\u011f\u0131na dair iddialar dola\u015fmaktad\u0131r. \u00d6zellikle dudak dolgusu ve elmac\u0131k kemi\u011fi dolgusu yapt\u0131rd\u0131\u011f\u0131 \u00f6ne s\u00fcr\u00fclse de bu konuyla ilgili net bir a\u00e7\u0131klama yap\u0131lmam\u0131\u015ft\u0131r.<\/p>\n","protected":false},"excerpt":{"rendered":"<p>Evlilik haz\u0131rl\u0131klar\u0131yla yeniden g\u00fcndeme gelen Eda Erol, kamuoyunun merak etti\u011fi isimlerden biri haline geldi. \u00dcnl\u00fc sunucu Esra Erol\u2019un karde\u015fi olan Eda Erol, \u00f6zel ya\u015fam\u0131ndaki geli\u015fmelerin yan\u0131 s\u0131ra ge\u00e7mi\u015fteki televizyon projeleriyle de dikkat \u00e7ekmi\u015f bir isim. Ka\u00e7 ya\u015f\u0131nda oldu\u011fu, ne i\u015f yapt\u0131\u011f\u0131 ve kimle evlenece\u011fi gibi pek \u00e7ok detay ara\u015ft\u0131r\u0131lmaya ba\u015fland\u0131. Peki Esra Erol&#8217;un karde\u015fi Eda Erol kimdir, ka\u00e7 ya\u015f\u0131nda? Eda Erol ne i\u015f yap\u0131yor, e\u015fi kimdir? \u0130\u015fte Eda Erol\u2019un hayat\u0131na dair bilinmeyen y\u00f6nler\u2026<\/p>\n","protected":false},"author":35,"featured_media":157568,"comment_status":"closed","ping_status":"closed","sticky":false,"template":"","format":"standard","meta":{"rank_math_lock_modified_date":false,"footnotes":""},"categories":[491],"tags":[16833,16827,16831,16829,16834,16832,16830,16835,16836,16828],"class_list":["post-157557","post","type-post","status-publish","format-standard","has-post-thumbnail","hentry","category-biyografi","tag-alisan-eda-erol","tag-eda-erol","tag-eda-erol-esi-kimdir","tag-eda-erol-kimdir","tag-eda-erol-ne-is-yapiyor","tag-eda-erol-sevgilisi","tag-eda-erol-yasi-kac","tag-ekrem-karacayir","tag-ekrem-karacayir-ve-eda-erol","tag-esr-erol-kardesi"],"_links":{"self":[{"href":"https:\/\/www.tgrthaber.com\/mavikadin\/wp-json\/wp\/v2\/posts\/157557"}],"collection":[{"href":"https:\/\/www.tgrthaber.com\/mavikadin\/wp-json\/wp\/v2\/posts"}],"about":[{"href":"https:\/\/www.tgrthaber.com\/mavikadin\/wp-json\/wp\/v2\/types\/post"}],"author":[{"embeddable":true,"href":"https:\/\/www.tgrthaber.com\/mavikadin\/wp-json\/wp\/v2\/users\/35"}],"replies":[{"embeddable":true,"href":"https:\/\/www.tgrthaber.com\/mavikadin\/wp-json\/wp\/v2\/comments?post=157557"}],"version-history":[{"count":3,"href":"https:\/\/www.tgrthaber.com\/mavikadin\/wp-json\/wp\/v2\/posts\/157557\/revisions"}],"predecessor-version":[{"id":165733,"href":"https:\/\/www.tgrthaber.com\/mavikadin\/wp-json\/wp\/v2\/posts\/157557\/revisions\/165733"}],"wp:featuredmedia":[{"embeddable":true,"href":"https:\/\/www.tgrthaber.com\/mavikadin\/wp-json\/wp\/v2\/media\/157568"}],"wp:attachment":[{"href":"https:\/\/www.tgrthaber.com\/mavikadin\/wp-json\/wp\/v2\/media?parent=157557"}],"wp:term":[{"taxonomy":"category","embeddable":true,"href":"https:\/\/www.tgrthaber.com\/mavikadin\/wp-json\/wp\/v2\/categories?post=157557"},{"taxonomy":"post_tag","embeddable":true,"href":"https:\/\/www.tgrthaber.com\/mavikadin\/wp-json\/wp\/v2\/tags?post=157557"}],"curies":[{"name":"wp","href":"https:\/\/api.w.org\/{rel}","templated":true}]}}