{"id":157586,"date":"2025-04-05T15:13:24","date_gmt":"2025-04-05T12:13:24","guid":{"rendered":"https:\/\/www.tgrthaber.com\/mavikadin\/?p=157586"},"modified":"2025-04-05T15:13:23","modified_gmt":"2025-04-05T12:13:23","slug":"aybuke-pusat-teskilattan-tamamen-silindi-mi-teskilat-dizisinde-yeni-gelisme","status":"publish","type":"post","link":"https:\/\/www.tgrthaber.com\/mavikadin\/aybuke-pusat-teskilattan-tamamen-silindi-mi-teskilat-dizisinde-yeni-gelisme\/","title":{"rendered":"Ayb\u00fcke Pusat te\u015fkilat&#8217;tan tamamen silindi mi? Te\u015fkilat dizisinde yeni geli\u015fme"},"content":{"rendered":"<p>TRT 1\u2019in sevilen dizisi Te\u015fkilat, ge\u00e7ti\u011fimiz g\u00fcnlerde ya\u015fad\u0131\u011f\u0131 \u00f6nemli bir geli\u015fme ile g\u00fcndeme oturdu. Ayb\u00fcke Pusat, dizide \u201cNeslihan\u201d karakterini oynarken, diziden \u00e7\u0131kar\u0131lmas\u0131n\u0131n ard\u0131ndan afi\u015flerden de silindi. Bu durum, hem diziye dair hem de Pusat\u2019\u0131n kariyerine dair b\u00fcy\u00fck bir yank\u0131 uyand\u0131rd\u0131. Peki, bu ayr\u0131l\u0131\u011fa ne sebep oldu ve geli\u015fmeler nas\u0131l \u015fekillendi? \u0130\u015fte, Te\u015fkilat dizisinde ya\u015fanan bu \u00e7alkant\u0131l\u0131 s\u00fcreci detayl\u0131 bir \u015fekilde ele al\u0131yoruz&#8230;<\/p>\n<h3>AYB\u00dcKE PUSAT AF\u0130\u015eTEN KALDIRILDI<\/h3>\n<p>Ayb\u00fcke Pusat, 2 Nisan tarihinde sosyal medya \u00fczerinden bir boykot \u00e7a\u011fr\u0131s\u0131 yapt\u0131 ve yapt\u0131\u011f\u0131 payla\u015f\u0131mlarla TRT\u2019nin kurumsal ilkeleriyle ters d\u00fc\u015ft\u00fc\u011f\u00fcn\u00fc belirtti. Sosyal medya platformlar\u0131nda yapt\u0131\u011f\u0131 payla\u015f\u0131mlar, dizinin yap\u0131mc\u0131lar\u0131 ve TRT yetkilileri taraf\u0131ndan kabul edilmedi. Bunun \u00fczerine, TRT Genel M\u00fcd\u00fcr\u00fc Zahid Sobac\u0131 bir a\u00e7\u0131klama yaparak, Ayb\u00fcke Pusat\u2019\u0131n diziden \u00e7\u0131kar\u0131ld\u0131\u011f\u0131n\u0131 duyurdu.<\/p>\n<p><img loading=\"lazy\" decoding=\"async\" class=\"alignnone wp-image-157610\" src=\"https:\/\/www.tgrthaber.com\/mavikadin\/wp-content\/uploads\/1-600.png\" alt=\"\" width=\"1208\" height=\"680\" title=\"\" srcset=\"https:\/\/www.tgrthaber.com\/mavikadin\/wp-content\/uploads\/1-600.png 1280w, https:\/\/www.tgrthaber.com\/mavikadin\/wp-content\/uploads\/1-600-300x169.png 300w, https:\/\/www.tgrthaber.com\/mavikadin\/wp-content\/uploads\/1-600-1024x576.png 1024w, https:\/\/www.tgrthaber.com\/mavikadin\/wp-content\/uploads\/1-600-768x432.png 768w\" sizes=\"(max-width: 1208px) 100vw, 1208px\" \/><\/p>\n<hr \/>\n<p>Bu karar\u0131n ard\u0131ndan Ayb\u00fcke Pusat, dizinin kadrosundan \u00e7\u0131kar\u0131ld\u0131\u011f\u0131n\u0131 duyurdu ve projeye veda etti. Oyuncunun diziden \u00e7\u0131kar\u0131lmas\u0131n\u0131n hemen ard\u0131ndan, Pusat\u2019\u0131n ismi ve g\u00f6rselleri, dizinin afi\u015flerinden de silindi. Bu geli\u015fme, izleyicilerin dikkatini \u00e7ekti.<\/p>\n<p><img loading=\"lazy\" decoding=\"async\" class=\"alignnone wp-image-157613\" src=\"https:\/\/www.tgrthaber.com\/mavikadin\/wp-content\/uploads\/4-521.png\" alt=\"\" width=\"1208\" height=\"680\" title=\"\" srcset=\"https:\/\/www.tgrthaber.com\/mavikadin\/wp-content\/uploads\/4-521.png 1280w, https:\/\/www.tgrthaber.com\/mavikadin\/wp-content\/uploads\/4-521-300x169.png 300w, https:\/\/www.tgrthaber.com\/mavikadin\/wp-content\/uploads\/4-521-1024x576.png 1024w, https:\/\/www.tgrthaber.com\/mavikadin\/wp-content\/uploads\/4-521-768x432.png 768w\" sizes=\"(max-width: 1208px) 100vw, 1208px\" \/><\/p>\n<hr \/>\n<h3>TE\u015eK\u0130LAT D\u0130Z\u0130S\u0130N\u0130N GELECE\u011e\u0130<\/h3>\n<p>Ayb\u00fcke Pusat\u2019\u0131n Te\u015fkilat dizisinden ayr\u0131lmas\u0131 ve afi\u015flerden silinmesi, diziye dair meraklar\u0131 art\u0131rd\u0131. Te\u015fkilat dizisinin gelece\u011fi ile ilgili \u015fu an i\u00e7in net bir a\u00e7\u0131klama yap\u0131lm\u0131\u015f de\u011fil. Ancak dizinin bu geli\u015fmelerden nas\u0131l etkilenece\u011fi ve karakterin hikayesinde nas\u0131l bir yol izlenece\u011fi ise b\u00fcy\u00fck bir merak konusu oldu.<\/p>\n<p><img loading=\"lazy\" decoding=\"async\" class=\"alignnone wp-image-157611\" src=\"https:\/\/www.tgrthaber.com\/mavikadin\/wp-content\/uploads\/2-639.png\" alt=\"\" width=\"1208\" height=\"680\" title=\"\" srcset=\"https:\/\/www.tgrthaber.com\/mavikadin\/wp-content\/uploads\/2-639.png 1280w, https:\/\/www.tgrthaber.com\/mavikadin\/wp-content\/uploads\/2-639-300x169.png 300w, https:\/\/www.tgrthaber.com\/mavikadin\/wp-content\/uploads\/2-639-1024x576.png 1024w, https:\/\/www.tgrthaber.com\/mavikadin\/wp-content\/uploads\/2-639-768x432.png 768w\" sizes=\"(max-width: 1208px) 100vw, 1208px\" \/><\/p>\n<hr \/>\n<p>Dizinin yap\u0131mc\u0131lar\u0131 ve TRT yetkilileri, Pusat\u2019\u0131n ayr\u0131l\u0131\u011f\u0131 ile ilgili herhangi bir a\u00e7\u0131klama yapmazken, dizinin mevcut oyuncular\u0131 ve hikayesi devam etmeye devam ediyor. Dizinin kadrosunda kalan oyuncular, izleyicilerin ilgisini \u00e7ekmeye devam ederken, dizinin yeni b\u00f6l\u00fcmleri i\u00e7in \u00e7al\u0131\u015fmalar s\u00fcr\u00fcyor.<\/p>\n<p>Te\u015fkilat dizisinde ya\u015fanan bu geli\u015fmeler, \u00f6zellikle Ayb\u00fcke Pusat\u2019\u0131n kadrodan \u00e7\u0131kar\u0131lmas\u0131 ve afi\u015flerden silinmesi ile dikkat \u00e7ekti. Sosyal medya \u00fczerinden yapt\u0131\u011f\u0131 payla\u015f\u0131mlar nedeniyle ya\u015fanan bu durum, oyuncu ve dizi ekibi aras\u0131nda b\u00fcy\u00fck bir gerginli\u011fe sebep oldu. Ancak dizinin gelece\u011fi hakk\u0131nda hen\u00fcz net bir a\u00e7\u0131klama yap\u0131lmad\u0131 ve izleyiciler, yeni geli\u015fmeleri yak\u0131ndan takip etmeye devam edecek<\/p>\n","protected":false},"excerpt":{"rendered":"<p>Te\u015fkilat dizisinde beklenmedik bir geli\u015fme ya\u015fand\u0131. Ayb\u00fcke Pusat, dizinin kadrosundan \u00e7\u0131kar\u0131lmas\u0131n\u0131n ard\u0131ndan afi\u015flerden de silindi. Bu de\u011fi\u015fiklik, diziye dair b\u00fcy\u00fck bir merak uyand\u0131r\u0131rken, oyuncunun sosyal medyada yapt\u0131\u011f\u0131 a\u00e7\u0131klamalar ve ya\u015fanan geli\u015fmeler de dikkatleri \u00fczerine \u00e7ekti. Peki, Ayb\u00fcke Pusat\u2019\u0131n ayr\u0131l\u0131\u011f\u0131n\u0131n ard\u0131ndaki sebepler nelerdi?<\/p>\n","protected":false},"author":28,"featured_media":157612,"comment_status":"closed","ping_status":"closed","sticky":false,"template":"","format":"standard","meta":{"rank_math_lock_modified_date":true,"footnotes":""},"categories":[602],"tags":[2806,840],"class_list":["post-157586","post","type-post","status-publish","format-standard","has-post-thumbnail","hentry","category-diziler","tag-aybuke-pusat","tag-teskilat"],"_links":{"self":[{"href":"https:\/\/www.tgrthaber.com\/mavikadin\/wp-json\/wp\/v2\/posts\/157586"}],"collection":[{"href":"https:\/\/www.tgrthaber.com\/mavikadin\/wp-json\/wp\/v2\/posts"}],"about":[{"href":"https:\/\/www.tgrthaber.com\/mavikadin\/wp-json\/wp\/v2\/types\/post"}],"author":[{"embeddable":true,"href":"https:\/\/www.tgrthaber.com\/mavikadin\/wp-json\/wp\/v2\/users\/28"}],"replies":[{"embeddable":true,"href":"https:\/\/www.tgrthaber.com\/mavikadin\/wp-json\/wp\/v2\/comments?post=157586"}],"version-history":[{"count":2,"href":"https:\/\/www.tgrthaber.com\/mavikadin\/wp-json\/wp\/v2\/posts\/157586\/revisions"}],"predecessor-version":[{"id":157615,"href":"https:\/\/www.tgrthaber.com\/mavikadin\/wp-json\/wp\/v2\/posts\/157586\/revisions\/157615"}],"wp:featuredmedia":[{"embeddable":true,"href":"https:\/\/www.tgrthaber.com\/mavikadin\/wp-json\/wp\/v2\/media\/157612"}],"wp:attachment":[{"href":"https:\/\/www.tgrthaber.com\/mavikadin\/wp-json\/wp\/v2\/media?parent=157586"}],"wp:term":[{"taxonomy":"category","embeddable":true,"href":"https:\/\/www.tgrthaber.com\/mavikadin\/wp-json\/wp\/v2\/categories?post=157586"},{"taxonomy":"post_tag","embeddable":true,"href":"https:\/\/www.tgrthaber.com\/mavikadin\/wp-json\/wp\/v2\/tags?post=157586"}],"curies":[{"name":"wp","href":"https:\/\/api.w.org\/{rel}","templated":true}]}}