{"id":157618,"date":"2025-04-05T15:33:28","date_gmt":"2025-04-05T12:33:28","guid":{"rendered":"https:\/\/www.tgrthaber.com\/mavikadin\/?p=157618"},"modified":"2025-04-05T15:33:50","modified_gmt":"2025-04-05T12:33:50","slug":"reyting-hamlesi-mi-pazar-gunu-yayinlanmayan-diziler-ve-nedenleri","status":"publish","type":"post","link":"https:\/\/www.tgrthaber.com\/mavikadin\/reyting-hamlesi-mi-pazar-gunu-yayinlanmayan-diziler-ve-nedenleri\/","title":{"rendered":"Te\u015fkilat&#8217;a destek hamlesi mi? Pazar g\u00fcn\u00fc yay\u0131nlanmayan diziler ve nedenleri"},"content":{"rendered":"<p>Son g\u00fcnlerde, TRT 1\u2019in sevilen dizisi Te\u015fkilat ile ilgili dikkat \u00e7eken bir iddia ortaya at\u0131ld\u0131. \u00d6ne s\u00fcr\u00fclen iddiaya g\u00f6re, 6 Nisan 2025 Pazar g\u00fcn\u00fc yay\u0131nlanacak yeni b\u00f6l\u00fcm\u00fcn izlenme oranlar\u0131n\u0131 art\u0131rmak amac\u0131yla, ayn\u0131 g\u00fcn yay\u0131nlanmas\u0131 planlanan di\u011fer baz\u0131 dizilerin yeni b\u00f6l\u00fcmleri iptal edildi. Bu diziler aras\u0131nda \u015eakir Pa\u015fa Ailesi, Deha ve Kardelenler bulunuyor. \u0130ddialara g\u00f6re, bu d\u00fczenleme, Te\u015fkilat\u2018\u0131n son b\u00f6l\u00fcm\u00fcnde ya\u015fanan geli\u015fmeler ve Ayb\u00fcke Pusat\u2019\u0131n diziden ayr\u0131lmas\u0131yla ba\u011flant\u0131l\u0131.<\/p>\n<h3>AYB\u00dcKE PUSAT&#8217;IN D\u0130Z\u0130DEN AYRILMASI VE SONRAK\u0130 GEL\u0130\u015eMELER<\/h3>\n<p>Te\u015fkilat dizisinde \u201cNeslihan\u201d karakterini canland\u0131ran Ayb\u00fcke Pusat, sosyal medya \u00fczerinden yapt\u0131\u011f\u0131 boykot \u00e7a\u011fr\u0131lar\u0131 nedeniyle TRT y\u00f6netimi taraf\u0131ndan kadrodan \u00e7\u0131kar\u0131lm\u0131\u015ft\u0131. TRT Genel M\u00fcd\u00fcr\u00fc Zahid Sobac\u0131, Pusat\u2019\u0131n payla\u015f\u0131mlar\u0131n\u0131n kurumun ilkeleriyle ba\u011fda\u015fmad\u0131\u011f\u0131n\u0131 ve izleyicileri hayal k\u0131r\u0131kl\u0131\u011f\u0131na u\u011fratt\u0131\u011f\u0131n\u0131 belirterek bu karar\u0131 ald\u0131klar\u0131n\u0131 a\u00e7\u0131klam\u0131\u015ft\u0131. Pusat\u2019\u0131n diziden \u00e7\u0131kar\u0131lmas\u0131n\u0131n ard\u0131ndan, yap\u0131m \u015firketi Tims&amp;B, kalan eksik sahneleri tamamlamak \u00fczere Pusat\u2019\u0131 sete \u00e7a\u011f\u0131rm\u0131\u015ft\u0131.<\/p>\n<p><img loading=\"lazy\" decoding=\"async\" class=\"alignnone wp-image-157632\" src=\"https:\/\/www.tgrthaber.com\/mavikadin\/wp-content\/uploads\/3-629.png\" alt=\"\" width=\"1208\" height=\"680\" title=\"\" srcset=\"https:\/\/www.tgrthaber.com\/mavikadin\/wp-content\/uploads\/3-629.png 1280w, https:\/\/www.tgrthaber.com\/mavikadin\/wp-content\/uploads\/3-629-300x169.png 300w, https:\/\/www.tgrthaber.com\/mavikadin\/wp-content\/uploads\/3-629-1024x576.png 1024w, https:\/\/www.tgrthaber.com\/mavikadin\/wp-content\/uploads\/3-629-768x432.png 768w\" sizes=\"(max-width: 1208px) 100vw, 1208px\" \/><\/p>\n<hr \/>\n<h3>PAZAR G\u00dcN\u00dc YAYIMLANMAYACAK D\u0130Z\u0130LER VE OLASI NEDEN\u0130<\/h3>\n<p>6 Nisan 2025 Pazar g\u00fcn\u00fc, Te\u015fkilat dizisinin yeni b\u00f6l\u00fcm\u00fcn\u00fcn yay\u0131nlanmas\u0131 planlan\u0131yor. Ancak, ayn\u0131 g\u00fcn yay\u0131nlanmas\u0131 planlanan \u015eakir Pa\u015fa Ailesi, Deha ve Kardelenler dizilerinin yeni b\u00f6l\u00fcmlerinin yay\u0131nlanmayaca\u011f\u0131 iddia ediliyor. Bu durumun, Te\u015fkilat\u2018\u0131n izlenme oranlar\u0131n\u0131 art\u0131rmak amac\u0131yla yap\u0131ld\u0131\u011f\u0131 \u00f6ne s\u00fcr\u00fcl\u00fcyor. \u00d6zellikle, Ayb\u00fcke Pusat\u2019\u0131n diziden ayr\u0131lmas\u0131 ve bu s\u00fcre\u00e7te ya\u015fananlar\u0131n, yap\u0131mc\u0131lar ve kanal y\u00f6netimi taraf\u0131ndan izleyici ilgisini art\u0131rmak i\u00e7in f\u0131rsata d\u00f6n\u00fc\u015ft\u00fcr\u00fclmek istendi\u011fi d\u00fc\u015f\u00fcn\u00fcl\u00fcyor.<\/p>\n<p><img loading=\"lazy\" decoding=\"async\" class=\"alignnone wp-image-157635\" src=\"https:\/\/www.tgrthaber.com\/mavikadin\/wp-content\/uploads\/5-317.png\" alt=\"\" width=\"1208\" height=\"680\" title=\"\" srcset=\"https:\/\/www.tgrthaber.com\/mavikadin\/wp-content\/uploads\/5-317.png 1280w, https:\/\/www.tgrthaber.com\/mavikadin\/wp-content\/uploads\/5-317-300x169.png 300w, https:\/\/www.tgrthaber.com\/mavikadin\/wp-content\/uploads\/5-317-1024x576.png 1024w, https:\/\/www.tgrthaber.com\/mavikadin\/wp-content\/uploads\/5-317-768x432.png 768w\" sizes=\"(max-width: 1208px) 100vw, 1208px\" \/><\/p>\n<hr \/>\n<p>Bu durum, ayn\u0131 zamanda dizinin gelece\u011fi hakk\u0131nda da baz\u0131 soru i\u015faretlerini beraberinde getiriyor.Ayb\u00fcke Pusat\u2019\u0131n diziden ayr\u0131lmas\u0131n\u0131n ard\u0131ndan, dizinin dinamiklerinde nas\u0131l bir de\u011fi\u015fiklik ya\u015fanaca\u011f\u0131 merak konusu.<\/p>\n<p><img loading=\"lazy\" decoding=\"async\" class=\"alignnone wp-image-157631\" src=\"https:\/\/www.tgrthaber.com\/mavikadin\/wp-content\/uploads\/2-640.png\" alt=\"\" width=\"1208\" height=\"680\" title=\"\" srcset=\"https:\/\/www.tgrthaber.com\/mavikadin\/wp-content\/uploads\/2-640.png 1280w, https:\/\/www.tgrthaber.com\/mavikadin\/wp-content\/uploads\/2-640-300x169.png 300w, https:\/\/www.tgrthaber.com\/mavikadin\/wp-content\/uploads\/2-640-1024x576.png 1024w, https:\/\/www.tgrthaber.com\/mavikadin\/wp-content\/uploads\/2-640-768x432.png 768w\" sizes=\"(max-width: 1208px) 100vw, 1208px\" \/><\/p>\n<hr \/>\n<p>Ortaya at\u0131lan bu iddialar, Te\u015fkilat dizisinin etraf\u0131nda d\u00f6nen son geli\u015fmelerle ba\u011flant\u0131l\u0131 olabilir. Ancak, resmi kaynaklardan hen\u00fcz konuyla ilgili bir a\u00e7\u0131klama yap\u0131lmad\u0131\u011f\u0131 i\u00e7in, izleyicilerin ve dizi takip\u00e7ilerinin bu t\u00fcr haberleri dikkatle de\u011ferlendirmeleri ve resmi duyurular\u0131 takip etmeleri \u00f6nemlidir.<\/p>\n","protected":false},"excerpt":{"rendered":"<p>Bu Pazar baz\u0131 dizilerin yeni b\u00f6l\u00fcmleri yay\u0131nlanmayacak. \u0130ddialara g\u00f6re, bu durumun arkas\u0131nda Te\u015fkilat dizisinin yeni b\u00f6l\u00fcm\u00fcn\u00fcn izlenmesini art\u0131rmak i\u00e7in yap\u0131lan bir hamle bulunuyor. \u0130\u015fte detaylar&#8230;<\/p>\n","protected":false},"author":28,"featured_media":157636,"comment_status":"closed","ping_status":"closed","sticky":false,"template":"","format":"standard","meta":{"rank_math_lock_modified_date":false,"footnotes":""},"categories":[602],"tags":[2806,840,5608],"class_list":["post-157618","post","type-post","status-publish","format-standard","has-post-thumbnail","hentry","category-diziler","tag-aybuke-pusat","tag-teskilat","tag-teskilat-dizisi"],"_links":{"self":[{"href":"https:\/\/www.tgrthaber.com\/mavikadin\/wp-json\/wp\/v2\/posts\/157618"}],"collection":[{"href":"https:\/\/www.tgrthaber.com\/mavikadin\/wp-json\/wp\/v2\/posts"}],"about":[{"href":"https:\/\/www.tgrthaber.com\/mavikadin\/wp-json\/wp\/v2\/types\/post"}],"author":[{"embeddable":true,"href":"https:\/\/www.tgrthaber.com\/mavikadin\/wp-json\/wp\/v2\/users\/28"}],"replies":[{"embeddable":true,"href":"https:\/\/www.tgrthaber.com\/mavikadin\/wp-json\/wp\/v2\/comments?post=157618"}],"version-history":[{"count":3,"href":"https:\/\/www.tgrthaber.com\/mavikadin\/wp-json\/wp\/v2\/posts\/157618\/revisions"}],"predecessor-version":[{"id":157640,"href":"https:\/\/www.tgrthaber.com\/mavikadin\/wp-json\/wp\/v2\/posts\/157618\/revisions\/157640"}],"wp:featuredmedia":[{"embeddable":true,"href":"https:\/\/www.tgrthaber.com\/mavikadin\/wp-json\/wp\/v2\/media\/157636"}],"wp:attachment":[{"href":"https:\/\/www.tgrthaber.com\/mavikadin\/wp-json\/wp\/v2\/media?parent=157618"}],"wp:term":[{"taxonomy":"category","embeddable":true,"href":"https:\/\/www.tgrthaber.com\/mavikadin\/wp-json\/wp\/v2\/categories?post=157618"},{"taxonomy":"post_tag","embeddable":true,"href":"https:\/\/www.tgrthaber.com\/mavikadin\/wp-json\/wp\/v2\/tags?post=157618"}],"curies":[{"name":"wp","href":"https:\/\/api.w.org\/{rel}","templated":true}]}}