{"id":157721,"date":"2025-04-05T18:30:45","date_gmt":"2025-04-05T15:30:45","guid":{"rendered":"https:\/\/www.tgrthaber.com\/mavikadin\/?p=157721"},"modified":"2025-04-05T19:56:23","modified_gmt":"2025-04-05T16:56:23","slug":"kurulus-osman-oyunculari-belgin-simsek-ve-furkan-aran-bebeklerini-kaybettikleri-sahneyi-anlatti-hala-izleyemiyorum","status":"publish","type":"post","link":"https:\/\/www.tgrthaber.com\/mavikadin\/kurulus-osman-oyunculari-belgin-simsek-ve-furkan-aran-bebeklerini-kaybettikleri-sahneyi-anlatti-hala-izleyemiyorum\/","title":{"rendered":"Kurulu\u015f Osman oyuncular\u0131 Belgin \u015eim\u015fek ve Furkan Aran bebeklerini kaybettikleri sahneyi anlatt\u0131: Hala izleyemiyorum!"},"content":{"rendered":"<p class=\"p1\">Kurulu\u015f Osman dizisinin sevilen oyuncular\u0131 Furkan Aran ve Belgin \u015eim\u015fek, dizinin \u00e7ekimlerine ev sahipli\u011fi yapan Bozda\u011f Platolar\u0131\u2019nda d\u00fczenlenen bir s\u00f6yle\u015fiye kat\u0131ld\u0131. Dizide Alaaddin ve Gonca karakterlerini oynayan ikili, \u00f6zellikle bebeklerini kaybettikleri sahneye dair samimi a\u00e7\u0131klamalarda bulundu. \u015eim\u015fek ve Furkan Aran, o sahnenin kendileri i\u00e7in duygusal anlamda son derece zorlay\u0131c\u0131 oldu\u011funu ifade ederek, &#8216;H\u00e2l\u00e2 o sahneyi izlemeye dayanamayacak kadar etkileniyorum,&#8217; dedi. Ger\u00e7ek hayatta benzer ac\u0131lar\u0131 ya\u015fayanlara Allah\u2019tan sab\u0131r dileyen oyuncular, sahne arkas\u0131nda ya\u015fad\u0131\u011f\u0131 yo\u011fun duygular\u0131 i\u00e7tenlikle payla\u015ft\u0131.<\/p>\n<h3>KURULU\u015e OSMAN OYUNCULARI BELG\u0130N \u015e\u0130M\u015eEK VE FURKAN ARAN BEBEKLER\u0130N\u0130 KAYBETT\u0130KLER\u0130 SAHNEY\u0130 ANLATTI<\/h3>\n<p class=\"p1\">\u0130\u00e7erik edit\u00f6r\u00fc Dilara Tekin&#8217;in haberine g\u00f6re, ATV\u2019nin \u00c7ar\u015famba ak\u015famlar\u0131na damgas\u0131n\u0131 vuran dizisi Kurulu\u015f Osman\u2019\u0131n ba\u015far\u0131l\u0131 oyuncular\u0131 Belgin \u015eim\u015fek ve Furkan Aran, \u00e7ekimlerin yap\u0131ld\u0131\u011f\u0131 Bozda\u011f Platolar\u0131\u2019nda d\u00fczenlenen \u00f6zel bir etkinlikte seyirciyle bulu\u015ftu. Dizide Gonca ve Alaaddin karakterlerini oynayan ikili, yaln\u0131zca ekranlarda de\u011fil, ger\u00e7ek hayatta da bir birlikteli\u011fe ad\u0131m atm\u0131\u015f durumda.<\/p>\n<div style=\"width: 640px;\" class=\"wp-video\"><!--[if lt IE 9]><script>document.createElement('video');<\/script><![endif]-->\n<video class=\"wp-video-shortcode\" id=\"video-157721-1\" width=\"640\" height=\"1138\" preload=\"metadata\" controls=\"controls\"><source type=\"video\/mp4\" src=\"https:\/\/www.tgrthaber.com\/mavikadin\/wp-content\/uploads\/kurulus-osman-.mp4?_=1\" \/><a href=\"https:\/\/www.tgrthaber.com\/mavikadin\/wp-content\/uploads\/kurulus-osman-.mp4\">https:\/\/www.tgrthaber.com\/mavikadin\/wp-content\/uploads\/kurulus-osman-.mp4<\/a><\/video><\/div>\n<p class=\"p1\">Yaz aylar\u0131nda ba\u015flayan ili\u015fkilerini g\u00f6zlerden uzak bir \u015fekilde s\u00fcrd\u00fcrmeyi tercih eden \u00e7ift, medya kar\u015f\u0131s\u0131na birlikte \u00e7ok fazla \u00e7\u0131km\u0131yor. \u00dcnl\u00fc \u00e7iftin kat\u0131ld\u0131klar\u0131 s\u00f6yle\u015fide, dizideki bebek kayb\u0131 sahnesine dair d\u00fc\u015f\u00fcnceleri g\u00fcndem oldu. Belg\u00fcm \u015eim\u015fek, &#8216;O sahne bizi derinden etkiledi. H\u00e2l\u00e2 izleyemiyorum. Ger\u00e7e\u011fini ya\u015fayanlara sab\u0131r diliyorum,&#8217; s\u00f6zleriyle ya\u015fad\u0131\u011f\u0131 duygular\u0131 i\u00e7tenlikle ifade etti.<\/p>\n<h3>KURULU\u015e OSMAN&#8217;IN GONCA HATUN&#8217;U BELG\u0130N \u015e\u0130M\u015eEK K\u0130MD\u0130R?<\/h3>\n<p class=\"p1\">\u0130stanbul\u2019da 2000 y\u0131l\u0131nda d\u00fcnyaya gelen Belgin \u015eim\u015fek, oyunculu\u011fa olan ilgisini gen\u00e7 ya\u015fta ke\u015ffetti. Oyunculuk e\u011fitimi i\u00e7in Sadri Al\u0131\u015f\u0131k K\u00fclt\u00fcr Merkezi\u2019ne kabul edilen \u015eim\u015fek, burada burslu olarak e\u011fitim g\u00f6rerek sahne sanatlar\u0131n\u0131n temellerini sa\u011flam bir bi\u00e7imde att\u0131. E\u011fitim s\u00fcrecindeki ba\u015far\u0131s\u0131yla dikkat \u00e7eken gen\u00e7 oyuncu, 24. Sadri Al\u0131\u015f\u0131k Tiyatro ve Sinema \u00d6d\u00fclleri\u2019nde de onurland\u0131r\u0131larak \u00f6nemli bir ba\u015far\u0131ya imza att\u0131. Kamera kar\u015f\u0131s\u0131ndaki ilk deneyimini 2021 y\u0131l\u0131nda &#8216;Benim Hayat\u0131m&#8217; dizisinde Heves karakteriyle ya\u015fayan \u015eim\u015fek, ard\u0131ndan Yasak Elma, Can\u0131m Annem, D\u00fcnya Bu ve Kurulu\u015f Osman gibi farkl\u0131 yap\u0131mlarda da rol ald\u0131.<\/p>\n<p><img loading=\"lazy\" decoding=\"async\" class=\"alignnone wp-image-157731 \" src=\"https:\/\/www.tgrthaber.com\/mavikadin\/wp-content\/uploads\/Ekran-Resmi-2025-04-05-18.24.33.png\" alt=\"\" width=\"970\" height=\"651\" title=\"\" srcset=\"https:\/\/www.tgrthaber.com\/mavikadin\/wp-content\/uploads\/Ekran-Resmi-2025-04-05-18.24.33.png 778w, https:\/\/www.tgrthaber.com\/mavikadin\/wp-content\/uploads\/Ekran-Resmi-2025-04-05-18.24.33-300x201.png 300w, https:\/\/www.tgrthaber.com\/mavikadin\/wp-content\/uploads\/Ekran-Resmi-2025-04-05-18.24.33-768x515.png 768w\" sizes=\"(max-width: 970px) 100vw, 970px\" \/><\/p>\n<hr \/>\n<h3>KURULU\u015e OSMAN&#8217;IN ALAADD\u0130N&#8217;\u0130 FARUK ARAN K\u0130MD\u0130R?<\/h3>\n<p class=\"p1\">Dizi ve tiyatro sahnelerinde kendine sa\u011flam bir yer edinen gen\u00e7 oyuncu, baz\u0131 kaynaklarda \u00d6mer Faruk Aran ismiyle de an\u0131lmaktad\u0131r. 1995 y\u0131l\u0131nda \u0130zmir\u2019in Bornova il\u00e7esinde d\u00fcnyaya gelen Aran, 1.85 cm boyunda ve 78 kilo a\u011f\u0131rl\u0131\u011f\u0131ndad\u0131r. Sahne sanatlar\u0131na olan ilgisi lise y\u0131llar\u0131nda filizlendi; o d\u00f6nemden itibaren tiyatroyla ba\u011f kurmaya ba\u015flad\u0131. Hali\u00e7 \u00dcniversitesi Konservatuvar\u0131\u2019nda tiyatro e\u011fitimi alarak profesyonel oyunculuk yolculu\u011funa ilk ad\u0131m\u0131n\u0131 att\u0131. Oyunculu\u011funu geli\u015ftirmek ad\u0131na Birce Akalay\u2019dan kamera \u00f6n\u00fc e\u011fitimi ald\u0131. E\u011fitim s\u00fcrecinde &#8216;Ate\u015f Y\u00fczl\u00fc&#8217; adl\u0131 oyunda rol ald\u0131 ve ayr\u0131ca Sahnetozu Tiyatrosu\u2019nda da sahne deneyimi kazand\u0131.<\/p>\n","protected":false},"excerpt":{"rendered":"<p>Kurulu\u015f Osman dizisinin Alaaddin ve Gonca\u2019s\u0131n\u0131 oynayan Furkan Aran ile Belgin \u015eim\u015fek, Bozda\u011f Platolar\u0131\u2019ndaki s\u00f6yle\u015fide en \u00e7ok etkilendikleri sahneyi anlatt\u0131. \u00d6zellikle bebek kayb\u0131 sahnesinin kendilerinde derin izler b\u0131rakt\u0131\u011f\u0131n\u0131 s\u00f6yleyen ikilinin sahne hakk\u0131ndaki itiraflar\u0131 dikkat \u00e7ekti. <\/p>\n","protected":false},"author":16,"featured_media":157735,"comment_status":"closed","ping_status":"closed","sticky":false,"template":"","format":"standard","meta":{"rank_math_lock_modified_date":false,"footnotes":""},"categories":[602],"tags":[16877,16878,16876],"class_list":["post-157721","post","type-post","status-publish","format-standard","has-post-thumbnail","hentry","category-diziler","tag-kurulus-osman-alaaddin-bey-faruk-aran-bebek-kaybetme-sahnesi","tag-kurulus-osman-belgin-simsek-faruk-aran-bebek-kaybetme-sahnesi","tag-kurulus-osman-gonca-hatun-belgin-simsek-bebek-kaybetme-sahnesi"],"_links":{"self":[{"href":"https:\/\/www.tgrthaber.com\/mavikadin\/wp-json\/wp\/v2\/posts\/157721"}],"collection":[{"href":"https:\/\/www.tgrthaber.com\/mavikadin\/wp-json\/wp\/v2\/posts"}],"about":[{"href":"https:\/\/www.tgrthaber.com\/mavikadin\/wp-json\/wp\/v2\/types\/post"}],"author":[{"embeddable":true,"href":"https:\/\/www.tgrthaber.com\/mavikadin\/wp-json\/wp\/v2\/users\/16"}],"replies":[{"embeddable":true,"href":"https:\/\/www.tgrthaber.com\/mavikadin\/wp-json\/wp\/v2\/comments?post=157721"}],"version-history":[{"count":6,"href":"https:\/\/www.tgrthaber.com\/mavikadin\/wp-json\/wp\/v2\/posts\/157721\/revisions"}],"predecessor-version":[{"id":157768,"href":"https:\/\/www.tgrthaber.com\/mavikadin\/wp-json\/wp\/v2\/posts\/157721\/revisions\/157768"}],"wp:featuredmedia":[{"embeddable":true,"href":"https:\/\/www.tgrthaber.com\/mavikadin\/wp-json\/wp\/v2\/media\/157735"}],"wp:attachment":[{"href":"https:\/\/www.tgrthaber.com\/mavikadin\/wp-json\/wp\/v2\/media?parent=157721"}],"wp:term":[{"taxonomy":"category","embeddable":true,"href":"https:\/\/www.tgrthaber.com\/mavikadin\/wp-json\/wp\/v2\/categories?post=157721"},{"taxonomy":"post_tag","embeddable":true,"href":"https:\/\/www.tgrthaber.com\/mavikadin\/wp-json\/wp\/v2\/tags?post=157721"}],"curies":[{"name":"wp","href":"https:\/\/api.w.org\/{rel}","templated":true}]}}