{"id":157744,"date":"2025-04-05T19:05:27","date_gmt":"2025-04-05T16:05:27","guid":{"rendered":"https:\/\/www.tgrthaber.com\/mavikadin\/?p=157744"},"modified":"2025-04-05T19:58:05","modified_gmt":"2025-04-05T16:58:05","slug":"kurulus-osmanda-nefes-kesecek-pusu-oyunculardan-ilk-ipucu-geldi","status":"publish","type":"post","link":"https:\/\/www.tgrthaber.com\/mavikadin\/kurulus-osmanda-nefes-kesecek-pusu-oyunculardan-ilk-ipucu-geldi\/","title":{"rendered":"Kurulu\u015f Osman\u2019da nefes kesecek pusu! Oyunculardan ilk ipucu geldi"},"content":{"rendered":"<p class=\"p1\">Kurulu\u015f Osman dizisinde Alaaddin ve Gonca karakterlerini oynayan Furkan Aran ile Belgin \u015eim\u015fek, Bozda\u011f Platolar\u0131\u2019nda d\u00fczenlenen \u00f6zel bir s\u00f6yle\u015fide hayranlar\u0131yla bulu\u015ftu. Samimi a\u00e7\u0131klamalar\u0131yla dikkat \u00e7eken ikiliye, dizideki en \u00e7arp\u0131c\u0131 pusulardan biri soruldu. Konuyla ilgili konu\u015fan Furkan Aran, dizide \u00e7ok yak\u0131nda izleyiciyi ekrana kilitleyecek b\u00fcy\u00fck bir pusu sahnesinin yer alaca\u011f\u0131n\u0131 ifade etti. Yeni b\u00f6l\u00fcmlere dair ipu\u00e7lar\u0131 da veren Aran, seyircilere s\u00fcrpriz dolu anlar\u0131n geldi\u011finin sinyalini verdi. Oyuncular\u0131n heyecan\u0131, gelecek b\u00f6l\u00fcmlerle ilgili beklentileri de art\u0131rd\u0131.<\/p>\n<h3>KURULU\u015e OSMAN&#8217;DA NEFES KESECEK PUSU! OYUNCULARDAN \u0130LK \u0130PUCU GELD\u0130<\/h3>\n<p class=\"p1\">\u0130\u00e7erik edit\u00f6r\u00fc Dilara Tekin&#8217;in haberine g\u00f6re, Kurulu\u015f Osman dizisinde Alaaddin ve Gonca karakterlerini oynayan Furkan Aran ve Belgin \u015eim\u015fek, Bozda\u011f Platolar\u0131\u2019nda ger\u00e7ekle\u015ftirilen s\u00f6yle\u015fi etkinli\u011finde izleyiciyle bir araya geldi. Diziye dair samimi ve dikkat \u00e7ekici a\u00e7\u0131klamalarda bulunan ikiliye, en unutulmaz pusu sahnesi soruldu\u011funda, Furkan Aran gelecek b\u00f6l\u00fcmlerde izleyicilerin kar\u015f\u0131s\u0131na \u00e7\u0131kacak b\u00fcy\u00fck bir bask\u0131n sahnesinin yolda oldu\u011funu belirtti.<\/p>\n<div style=\"width: 640px;\" class=\"wp-video\"><!--[if lt IE 9]><script>document.createElement('video');<\/script><![endif]-->\n<video class=\"wp-video-shortcode\" id=\"video-157744-1\" width=\"640\" height=\"1138\" preload=\"metadata\" controls=\"controls\"><source type=\"video\/mp4\" src=\"https:\/\/www.tgrthaber.com\/mavikadin\/wp-content\/uploads\/kurulus.mp4?_=1\" \/><a href=\"https:\/\/www.tgrthaber.com\/mavikadin\/wp-content\/uploads\/kurulus.mp4\">https:\/\/www.tgrthaber.com\/mavikadin\/wp-content\/uploads\/kurulus.mp4<\/a><\/video><\/div>\n<p class=\"p1\">Bu sahnenin dizinin temposunu daha da art\u0131raca\u011f\u0131n\u0131 s\u00f6yleyen Aran, izleyenleri \u015fa\u015f\u0131rtacak pek \u00e7ok s\u00fcrprizle kar\u015f\u0131la\u015facaklar\u0131n\u0131 vurgulad\u0131. Oyuncular\u0131n anlatt\u0131klar\u0131, dizinin hayranlar\u0131n\u0131 hem merakland\u0131rd\u0131 hem de heyecanland\u0131rd\u0131. Payla\u015f\u0131lan bu k\u00fc\u00e7\u00fck detay bile, yakla\u015fan b\u00f6l\u00fcmlerde Kurulu\u015f Osman\u2019da tansiyonun giderek y\u00fckselece\u011fini g\u00f6stermi\u015f oldu.<\/p>\n<p><img loading=\"lazy\" decoding=\"async\" class=\"alignnone wp-image-157746 size-large\" src=\"https:\/\/www.tgrthaber.com\/mavikadin\/wp-content\/uploads\/Ekran-Resmi-2025-04-05-18.57.29-1024x679.png\" alt=\"\" width=\"1024\" height=\"679\" title=\"\" srcset=\"https:\/\/www.tgrthaber.com\/mavikadin\/wp-content\/uploads\/Ekran-Resmi-2025-04-05-18.57.29-1024x679.png 1024w, https:\/\/www.tgrthaber.com\/mavikadin\/wp-content\/uploads\/Ekran-Resmi-2025-04-05-18.57.29-300x199.png 300w, https:\/\/www.tgrthaber.com\/mavikadin\/wp-content\/uploads\/Ekran-Resmi-2025-04-05-18.57.29-768x509.png 768w, https:\/\/www.tgrthaber.com\/mavikadin\/wp-content\/uploads\/Ekran-Resmi-2025-04-05-18.57.29.png 1200w\" sizes=\"(max-width: 1024px) 100vw, 1024px\" \/><\/p>\n<hr \/>\n<h3>KURULU\u015e OSMAN D\u0130Z\u0130S\u0130N\u0130N KONUSU NE?<\/h3>\n<p class=\"p1\">Kurulu\u015f Osman, Osmanl\u0131 Devleti\u2019nin kurucusu Osman Gazi\u2019nin hayat\u0131n\u0131 ve devlet olma yolundaki m\u00fccadelesini konu alan tarihi bir dizidir. Dirili\u015f: Ertu\u011frul\u2019un devam\u0131 niteli\u011findedir. Dizide, Osman Bey\u2019in babas\u0131 Ertu\u011frul Gazi\u2019nin ard\u0131ndan liderli\u011fi devralmas\u0131, T\u00fcrk boylar\u0131n\u0131 birle\u015ftirme \u00e7abas\u0131, Bizans\u2019a ve i\u00e7teki hainlere kar\u015f\u0131 verdi\u011fi sava\u015flar anlat\u0131l\u0131r. Ayn\u0131 zamanda adalet, ba\u011f\u0131ms\u0131zl\u0131k, inan\u00e7 ve a\u015fk temalar\u0131 da i\u015flenir. Osman Bey\u2019in sadece sava\u015f\u00e7\u0131 kimli\u011fi de\u011fil, vizyoner liderli\u011fi, ailesine olan ba\u011fl\u0131l\u0131\u011f\u0131 ve inan\u00e7la \u00f6r\u00fclm\u00fc\u015f yolculu\u011fu dizinin merkezindedir. Kurulu\u015f Osman, epik bir destan\u0131 ekranlara ta\u015fmas\u0131yla halk\u0131n g\u00f6nl\u00fcnde taht kuran yap\u0131mlardan biridir.<\/p>\n<p>&nbsp;<\/p>\n<p>&nbsp;<\/p>\n","protected":false},"excerpt":{"rendered":"<p>Kurulu\u015f Osman dizisinin dikkat \u00e7eken oyuncular\u0131 Furkan Aran ve Belgin \u015eim\u015fek, Bozda\u011f Platolar\u0131\u2019nda d\u00fczenlenen keyifli bir etkinlikte sevenleriyle bir araya geldi. Sohbet s\u0131ras\u0131nda dizinin ilerleyen b\u00f6l\u00fcmlerine dair heyecan olu\u015fturan a\u00e7\u0131klamalarda bulunan ikili, s\u00fcrpriz dolu sahnelere dikkat \u00e7ekti.<\/p>\n","protected":false},"author":16,"featured_media":157751,"comment_status":"closed","ping_status":"closed","sticky":false,"template":"","format":"standard","meta":{"rank_math_lock_modified_date":false,"footnotes":""},"categories":[602],"tags":[2628,8446,16881,16880],"class_list":["post-157744","post","type-post","status-publish","format-standard","has-post-thumbnail","hentry","category-diziler","tag-dizi-haberleri","tag-kurulus-osman-dizisi","tag-kurulus-osman-konusu-ne","tag-kurulus-osman-pusu-sahnesi"],"_links":{"self":[{"href":"https:\/\/www.tgrthaber.com\/mavikadin\/wp-json\/wp\/v2\/posts\/157744"}],"collection":[{"href":"https:\/\/www.tgrthaber.com\/mavikadin\/wp-json\/wp\/v2\/posts"}],"about":[{"href":"https:\/\/www.tgrthaber.com\/mavikadin\/wp-json\/wp\/v2\/types\/post"}],"author":[{"embeddable":true,"href":"https:\/\/www.tgrthaber.com\/mavikadin\/wp-json\/wp\/v2\/users\/16"}],"replies":[{"embeddable":true,"href":"https:\/\/www.tgrthaber.com\/mavikadin\/wp-json\/wp\/v2\/comments?post=157744"}],"version-history":[{"count":2,"href":"https:\/\/www.tgrthaber.com\/mavikadin\/wp-json\/wp\/v2\/posts\/157744\/revisions"}],"predecessor-version":[{"id":157769,"href":"https:\/\/www.tgrthaber.com\/mavikadin\/wp-json\/wp\/v2\/posts\/157744\/revisions\/157769"}],"wp:featuredmedia":[{"embeddable":true,"href":"https:\/\/www.tgrthaber.com\/mavikadin\/wp-json\/wp\/v2\/media\/157751"}],"wp:attachment":[{"href":"https:\/\/www.tgrthaber.com\/mavikadin\/wp-json\/wp\/v2\/media?parent=157744"}],"wp:term":[{"taxonomy":"category","embeddable":true,"href":"https:\/\/www.tgrthaber.com\/mavikadin\/wp-json\/wp\/v2\/categories?post=157744"},{"taxonomy":"post_tag","embeddable":true,"href":"https:\/\/www.tgrthaber.com\/mavikadin\/wp-json\/wp\/v2\/tags?post=157744"}],"curies":[{"name":"wp","href":"https:\/\/api.w.org\/{rel}","templated":true}]}}