{"id":157770,"date":"2025-04-05T20:21:31","date_gmt":"2025-04-05T17:21:31","guid":{"rendered":"https:\/\/www.tgrthaber.com\/mavikadin\/?p=157770"},"modified":"2025-04-05T20:22:10","modified_gmt":"2025-04-05T17:22:10","slug":"yasemin-kay-allen-fbi-eski-calisani-sevgilisi-erdal-kaya-ile-yeniden-baristi-paylasimi-ele-verdi","status":"publish","type":"post","link":"https:\/\/www.tgrthaber.com\/mavikadin\/yasemin-kay-allen-fbi-eski-calisani-sevgilisi-erdal-kaya-ile-yeniden-baristi-paylasimi-ele-verdi\/","title":{"rendered":"Yasemin Kay Allen FBI eski \u00e7al\u0131\u015fan\u0131 sevgilisi Erdal Kaya ile yeniden bar\u0131\u015ft\u0131! Payla\u015f\u0131m\u0131 ele verdi"},"content":{"rendered":"<p class=\"p1\">Oyuncu Yasemin Kay Allen\u2019\u0131n ge\u00e7ti\u011fimiz y\u0131l ili\u015fki ya\u015fad\u0131\u011f\u0131, FBI ge\u00e7mi\u015fiyle bilinen Erdal Kaya ile yeniden bir araya gelip gelmedi\u011fi g\u00fcndeme bomba gibi d\u00fc\u015ft\u00fc. Ayr\u0131ld\u0131klar\u0131 \u00f6ne s\u00fcr\u00fclen ikiliden Allen, k\u0131sa s\u00fcre \u00f6nce Amerika\u2019ya seyahat etti. Ziyaretin ard\u0131ndan Erdal Kaya\u2019n\u0131n yapt\u0131\u011f\u0131 payla\u015f\u0131m, &#8216;bar\u0131\u015fma&#8217; s\u00f6ylentilerini yeniden g\u00fcndeme ta\u015f\u0131d\u0131.<\/p>\n<h3 class=\"p1\"><b>YASEM\u0130N KAY ALLEN VE FBI ESK\u0130 \u00c7ALI\u015eANI ERDAL KAYA BARI\u015eTI MI?<\/b><\/h3>\n<p class=\"p1\">Yasemin Kay Allen, 2023 y\u0131l\u0131nda Erdal Kaya ile bir birliktelik ya\u015famaya ba\u015flam\u0131\u015ft\u0131. Fakat bu ili\u015fki uzun s\u00fcrmemi\u015f, ikili ayr\u0131l\u0131k karar\u0131 alm\u0131\u015ft\u0131. Allen, o d\u00f6nem konu hakk\u0131nda konu\u015fmak istemedi\u011fini belirtmi\u015f ve &#8216;Onu konu\u015fmasak olur mu?&#8217; diyerek nazara inand\u0131\u011f\u0131n\u0131 ima etmi\u015fti. ABD\u2019de yeniden bir araya geldikleri iddia edilen Allen ve Kaya, bu kez birlikte g\u00f6r\u00fcnt\u00fclendi. O anlar\u0131 sosyal medyada payla\u015fan taraf ise Erdal Kaya oldu. Bu hamle, takip\u00e7iler taraf\u0131ndan bar\u0131\u015fma sinyali olarak yorumland\u0131. Ancak \u00e7ift, \u015fu ana kadar herhangi bir a\u00e7\u0131klama yapmad\u0131.<\/p>\n<p><img loading=\"lazy\" decoding=\"async\" class=\"alignnone wp-image-157771 size-large\" src=\"https:\/\/www.tgrthaber.com\/mavikadin\/wp-content\/uploads\/Yasemin-Kay-Allen-FBI-eski-calisani-sevgilisi-Erdal-Kaya-ile-baristi-mi-Paylasimi-dikkat-cekti--1024x576.png\" alt=\"\" width=\"1024\" height=\"576\" title=\"\" srcset=\"https:\/\/www.tgrthaber.com\/mavikadin\/wp-content\/uploads\/Yasemin-Kay-Allen-FBI-eski-calisani-sevgilisi-Erdal-Kaya-ile-baristi-mi-Paylasimi-dikkat-cekti--1024x576.png 1024w, https:\/\/www.tgrthaber.com\/mavikadin\/wp-content\/uploads\/Yasemin-Kay-Allen-FBI-eski-calisani-sevgilisi-Erdal-Kaya-ile-baristi-mi-Paylasimi-dikkat-cekti--300x169.png 300w, https:\/\/www.tgrthaber.com\/mavikadin\/wp-content\/uploads\/Yasemin-Kay-Allen-FBI-eski-calisani-sevgilisi-Erdal-Kaya-ile-baristi-mi-Paylasimi-dikkat-cekti--768x432.png 768w, https:\/\/www.tgrthaber.com\/mavikadin\/wp-content\/uploads\/Yasemin-Kay-Allen-FBI-eski-calisani-sevgilisi-Erdal-Kaya-ile-baristi-mi-Paylasimi-dikkat-cekti--1536x864.png 1536w, https:\/\/www.tgrthaber.com\/mavikadin\/wp-content\/uploads\/Yasemin-Kay-Allen-FBI-eski-calisani-sevgilisi-Erdal-Kaya-ile-baristi-mi-Paylasimi-dikkat-cekti-.png 1920w\" sizes=\"(max-width: 1024px) 100vw, 1024px\" \/><\/p>\n<hr \/>\n<h3 class=\"p1\"><b>SOSYAL MEDYA KARI\u015eTI\u00a0<\/b><\/h3>\n<p class=\"p1\">Erdal Kaya\u2019n\u0131n yapt\u0131\u011f\u0131 payla\u015f\u0131m sonras\u0131 sosyal medya kullan\u0131c\u0131lar\u0131 olay\u0131 g\u00fcndemin \u00fcst s\u0131ralar\u0131na ta\u015f\u0131d\u0131. &#8216;Bar\u0131\u015ft\u0131lar m\u0131?&#8217; sorusu \u00e7ok say\u0131da yorumla g\u00fcndeme oturdu. \u00dcnl\u00fc \u00e7iftten gelebilecek a\u00e7\u0131klama \u015fimdiden merak konusu oldu.<\/p>\n<p><img loading=\"lazy\" decoding=\"async\" class=\"alignnone wp-image-157772 \" src=\"https:\/\/www.tgrthaber.com\/mavikadin\/wp-content\/uploads\/Ekran-Resmi-2025-04-05-20.12.55.png\" alt=\"\" width=\"979\" height=\"568\" title=\"\" srcset=\"https:\/\/www.tgrthaber.com\/mavikadin\/wp-content\/uploads\/Ekran-Resmi-2025-04-05-20.12.55.png 934w, https:\/\/www.tgrthaber.com\/mavikadin\/wp-content\/uploads\/Ekran-Resmi-2025-04-05-20.12.55-300x174.png 300w, https:\/\/www.tgrthaber.com\/mavikadin\/wp-content\/uploads\/Ekran-Resmi-2025-04-05-20.12.55-768x446.png 768w\" sizes=\"(max-width: 979px) 100vw, 979px\" \/><\/p>\n<hr \/>\n<h3>YASEM\u0130N KAY ALLEN K\u0130MD\u0130R?<\/h3>\n<p class=\"p1\">Yasemin Kay Allen, 10 Temmuz 1989\u2019da Londra\u2019da d\u00fcnyaya geldi. Annesi oyuncu ve \u015fark\u0131c\u0131 Suna Y\u0131ld\u0131zo\u011flu, babas\u0131 ise \u0130ngiliz Dudley Allen\u2019d\u0131r. \u00dc\u00e7 ayl\u0131kken ailesiyle T\u00fcrkiye\u2019ye yerle\u015fti. \u00c7ocukluk e\u011fitimini burada tamamlad\u0131ktan sonra 11 ya\u015f\u0131nda annesiyle Avustralya\u2019ya gitti. Lise y\u0131llar\u0131nda sanata y\u00f6neldi, sinema, drama, resim ve Japonca dersleri ald\u0131. Queensland \u00dcniversitesi\u2019nden burs kazand\u0131. 18 ya\u015f\u0131nda T\u00fcrkiye\u2019ye d\u00f6nerek M\u00fcjdat Gezen Konservatuvar\u0131\u2019nda tiyatro e\u011fitimi ald\u0131. 2008\u2019de Elif dizisinde ba\u015frol oynad\u0131. Ard\u0131ndan Kavak Yelleri, Merhamet, Hayat Devam Ediyor ve Muhte\u015fem Y\u00fczy\u0131l gibi yap\u0131mlarda rol ald\u0131.<\/p>\n<p><img loading=\"lazy\" decoding=\"async\" class=\"alignnone wp-image-157773 \" src=\"https:\/\/www.tgrthaber.com\/mavikadin\/wp-content\/uploads\/Ekran-Resmi-2025-04-05-20.17.02.png\" alt=\"\" width=\"975\" height=\"666\" title=\"\" srcset=\"https:\/\/www.tgrthaber.com\/mavikadin\/wp-content\/uploads\/Ekran-Resmi-2025-04-05-20.17.02.png 878w, https:\/\/www.tgrthaber.com\/mavikadin\/wp-content\/uploads\/Ekran-Resmi-2025-04-05-20.17.02-300x205.png 300w, https:\/\/www.tgrthaber.com\/mavikadin\/wp-content\/uploads\/Ekran-Resmi-2025-04-05-20.17.02-768x525.png 768w\" sizes=\"(max-width: 975px) 100vw, 975px\" \/><\/p>\n<hr \/>\n<p class=\"p1\">Yasemin Kay Allen, sinema kariyerine \u00d6zcan Deniz\u2019in hem senaryosunu yazd\u0131\u011f\u0131 hem de ba\u015frol\u00fcnde yer ald\u0131\u011f\u0131 Su ve Ate\u015f adl\u0131 yap\u0131mla giri\u015f yapt\u0131. Filmde &#8216;Ya\u011fmur&#8217; karakterini oynad\u0131. 2014 y\u0131l\u0131nda tarihi dizi Muhte\u015fem Y\u00fczy\u0131l kadrosuna &#8216;Defne Sultan&#8217; rol\u00fcyle d\u00e2hil oldu. Ayn\u0131 y\u0131l\u0131n kas\u0131m ay\u0131nda ekran yolculu\u011funa ba\u015flayan \u015eeref Meselesi dizisinde ise ba\u015frol oynayarak &#8216;Sibel&#8217; karakterini izleyiciyle bulu\u015fturdu.<\/p>\n","protected":false},"excerpt":{"rendered":"<p>Ge\u00e7ti\u011fimiz y\u0131l FBI\u2019da g\u00f6rev yapm\u0131\u015f Erdal Kaya ile a\u015fk ya\u015fayan oyuncu Yasemin Kay Allen\u2019\u0131n yeniden bulu\u015fup bulu\u015fmad\u0131\u011f\u0131 merak konusu oldu. Ayr\u0131ld\u0131klar\u0131 konu\u015fulan ikiliden Allen, son g\u00fcnlerde Amerika\u2019ya gitti. Eski sevgilisinin payla\u015f\u0131m\u0131 ise \u00e7iftin yeniden bir araya geldi\u011fi iddialar\u0131n\u0131 g\u00fc\u00e7lendirdi. <\/p>\n","protected":false},"author":16,"featured_media":157775,"comment_status":"closed","ping_status":"closed","sticky":false,"template":"","format":"standard","meta":{"rank_math_lock_modified_date":false,"footnotes":""},"categories":[76],"tags":[133,2218,16886,16888,16887],"class_list":["post-157770","post","type-post","status-publish","format-standard","has-post-thumbnail","hentry","category-magazin","tag-magazin","tag-magazin-haberleri","tag-yasemin-kay-allen-erdal-kaya-baristi","tag-yasemin-kay-allen-erdal-kaya-baristi-mi","tag-yasemin-kay-allen-fbi-calisani-sevgilisi-erdal-kaya-baristi"],"_links":{"self":[{"href":"https:\/\/www.tgrthaber.com\/mavikadin\/wp-json\/wp\/v2\/posts\/157770"}],"collection":[{"href":"https:\/\/www.tgrthaber.com\/mavikadin\/wp-json\/wp\/v2\/posts"}],"about":[{"href":"https:\/\/www.tgrthaber.com\/mavikadin\/wp-json\/wp\/v2\/types\/post"}],"author":[{"embeddable":true,"href":"https:\/\/www.tgrthaber.com\/mavikadin\/wp-json\/wp\/v2\/users\/16"}],"replies":[{"embeddable":true,"href":"https:\/\/www.tgrthaber.com\/mavikadin\/wp-json\/wp\/v2\/comments?post=157770"}],"version-history":[{"count":2,"href":"https:\/\/www.tgrthaber.com\/mavikadin\/wp-json\/wp\/v2\/posts\/157770\/revisions"}],"predecessor-version":[{"id":157777,"href":"https:\/\/www.tgrthaber.com\/mavikadin\/wp-json\/wp\/v2\/posts\/157770\/revisions\/157777"}],"wp:featuredmedia":[{"embeddable":true,"href":"https:\/\/www.tgrthaber.com\/mavikadin\/wp-json\/wp\/v2\/media\/157775"}],"wp:attachment":[{"href":"https:\/\/www.tgrthaber.com\/mavikadin\/wp-json\/wp\/v2\/media?parent=157770"}],"wp:term":[{"taxonomy":"category","embeddable":true,"href":"https:\/\/www.tgrthaber.com\/mavikadin\/wp-json\/wp\/v2\/categories?post=157770"},{"taxonomy":"post_tag","embeddable":true,"href":"https:\/\/www.tgrthaber.com\/mavikadin\/wp-json\/wp\/v2\/tags?post=157770"}],"curies":[{"name":"wp","href":"https:\/\/api.w.org\/{rel}","templated":true}]}}