{"id":157779,"date":"2025-04-05T21:02:02","date_gmt":"2025-04-05T18:02:02","guid":{"rendered":"https:\/\/www.tgrthaber.com\/mavikadin\/?p=157779"},"modified":"2025-04-05T21:05:45","modified_gmt":"2025-04-05T18:05:45","slug":"kizilcik-serbeti-dizisindeki-pembenin-diziden-nasil-ayrilacagi-ortaya-cikti-goruntuler-ifsa-oldu","status":"publish","type":"post","link":"https:\/\/www.tgrthaber.com\/mavikadin\/kizilcik-serbeti-dizisindeki-pembenin-diziden-nasil-ayrilacagi-ortaya-cikti-goruntuler-ifsa-oldu\/","title":{"rendered":"K\u0131z\u0131lc\u0131k \u015eerbeti dizisindeki Pembe&#8217;nin diziden nas\u0131l ayr\u0131laca\u011f\u0131 ortaya \u00e7\u0131kt\u0131! G\u00f6r\u00fcnt\u00fcler if\u015fa oldu"},"content":{"rendered":"<p class=\"p1\">K\u0131z\u0131lc\u0131k \u015eerbeti dizisinde &#8216;Pembe&#8217; karakterini oynayan Sibel Ta\u015f\u00e7\u0131o\u011flu\u2019nun nas\u0131l ayr\u0131laca\u011f\u0131 uzun s\u00fcredir konu\u015fuluyordu. Reyting listelerinde zirvede yer alan yap\u0131mda, karakterin vedas\u0131 sonunda netlik kazand\u0131. S\u0131zd\u0131r\u0131lan set g\u00f6r\u00fcnt\u00fcleriyle birlikte Pembe\u2019nin \u00f6l\u00fcm sahnesi g\u00fcndeme oturdu. Diziden ayr\u0131l\u0131\u011f\u0131 bu \u015fekilde kesinle\u015fen karakterin senaryodaki gidi\u015fi sosyal medyada b\u00fcy\u00fck yank\u0131 uyand\u0131rd\u0131. \u0130zleyiciler, duygusal sahnelerin yer alaca\u011f\u0131 b\u00f6l\u00fcm i\u00e7in heyecanla geri say\u0131ma ge\u00e7ti. Pembe\u2019nin hik\u00e2yeye nas\u0131l veda edece\u011fi tart\u0131\u015f\u0131l\u0131rken, gelen g\u00f6r\u00fcnt\u00fcler olay\u0131n seyrini de ortaya \u00e7\u0131karm\u0131\u015f oldu. Sibel Ta\u015f\u00e7\u0131o\u011flu\u2019nun performans\u0131 ise \u015fimdiden merak edilmeye ba\u015fland\u0131.<\/p>\n<h3>KIZILCIK \u015eERBET\u0130 D\u0130Z\u0130S\u0130NDEK\u0130 PEMBE&#8217;N\u0130N D\u0130Z\u0130DEN NASIL AYRILACA\u011eI ORTAYA \u00c7IKTI<\/h3>\n<p class=\"p1\">Show TV ekranlar\u0131nda yay\u0131nlanan ve her hafta milyonlar\u0131 ekran ba\u015f\u0131na kilitleyen K\u0131z\u0131lc\u0131k \u015eerbeti dizisinde \u00f6nemli bir geli\u015fme ya\u015fand\u0131. Uzun s\u00fcredir dizideki &#8216;Pembe&#8217; karakteriyle seyircinin be\u011fenisini kazanan ba\u015far\u0131l\u0131 oyuncu Sibel Ta\u015f\u00e7\u0131o\u011flu\u2019nun projeden ayr\u0131laca\u011f\u0131 y\u00f6n\u00fcndeki iddialar nihayet do\u011fruland\u0131. Dizide nas\u0131l bir veda sahnesiyle ekrana veda edece\u011fi b\u00fcy\u00fck bir merak konusuydu. Sonunda ortaya \u00e7\u0131kan set g\u00f6r\u00fcnt\u00fcleri, karakterin ak\u0131betini de ortaya \u00e7\u0131karm\u0131\u015f oldu.<\/p>\n<p><img loading=\"lazy\" decoding=\"async\" class=\"alignnone wp-image-157780 size-large\" src=\"https:\/\/www.tgrthaber.com\/mavikadin\/wp-content\/uploads\/kizilcik-serbeti-pembe-diziden-olerek-ayriliyor--1024x576.png\" alt=\"\" width=\"1024\" height=\"576\" title=\"\" srcset=\"https:\/\/www.tgrthaber.com\/mavikadin\/wp-content\/uploads\/kizilcik-serbeti-pembe-diziden-olerek-ayriliyor--1024x576.png 1024w, https:\/\/www.tgrthaber.com\/mavikadin\/wp-content\/uploads\/kizilcik-serbeti-pembe-diziden-olerek-ayriliyor--300x169.png 300w, https:\/\/www.tgrthaber.com\/mavikadin\/wp-content\/uploads\/kizilcik-serbeti-pembe-diziden-olerek-ayriliyor--768x432.png 768w, https:\/\/www.tgrthaber.com\/mavikadin\/wp-content\/uploads\/kizilcik-serbeti-pembe-diziden-olerek-ayriliyor--1536x864.png 1536w, https:\/\/www.tgrthaber.com\/mavikadin\/wp-content\/uploads\/kizilcik-serbeti-pembe-diziden-olerek-ayriliyor-.png 1920w\" sizes=\"(max-width: 1024px) 100vw, 1024px\" \/><\/p>\n<hr \/>\n<p class=\"p1\">S\u0131zan g\u00f6r\u00fcnt\u00fclerde, Pembe\u2019nin hayat\u0131n\u0131 kaybetti\u011fi sahnelerin \u00e7ekildi\u011fi anlar dikkatlerden ka\u00e7mad\u0131. B\u00f6ylece Pembe karakterinin senaryo gere\u011fi \u00f6l\u00fcmle diziden \u00e7\u0131kaca\u011f\u0131 netlik kazand\u0131. Bu s\u00fcrpriz geli\u015fme, sosyal medyada geni\u015f yank\u0131 uyand\u0131rd\u0131. \u0130zleyiciler, hik\u00e2yenin bu denli dramatik bir d\u00f6nemece girmesini beklemiyordu. Sibel Ta\u015f\u00e7\u0131o\u011flu\u2019nun veda b\u00f6l\u00fcmlerinde sergileyece\u011fi oyunculuk performans\u0131 \u015fimdiden izleyici taraf\u0131ndan konu\u015fulmaya ba\u015fland\u0131. Dizinin duygusal sahnelerle dolu yeni b\u00f6l\u00fcm\u00fc merakla bekleniyor. Yap\u0131m\u0131n takip\u00e7ileri, Pembe\u2019nin gidi\u015finin hik\u00e2yeye nas\u0131l yans\u0131yaca\u011f\u0131n\u0131 g\u00f6rmek i\u00e7in geri say\u0131ma ge\u00e7ti. Ya\u015fanacak bu ayr\u0131l\u0131k, dizinin dengelerini de\u011fi\u015ftirecek gibi g\u00f6r\u00fcn\u00fcyor.<\/p>\n<p><img loading=\"lazy\" decoding=\"async\" class=\"alignnone wp-image-157781 size-large\" src=\"https:\/\/www.tgrthaber.com\/mavikadin\/wp-content\/uploads\/kizilcik-serbeti-dizisi-pembe-diziden-olerek-ayriliyor--1024x576.png\" alt=\"\" width=\"1024\" height=\"576\" title=\"\" srcset=\"https:\/\/www.tgrthaber.com\/mavikadin\/wp-content\/uploads\/kizilcik-serbeti-dizisi-pembe-diziden-olerek-ayriliyor--1024x576.png 1024w, https:\/\/www.tgrthaber.com\/mavikadin\/wp-content\/uploads\/kizilcik-serbeti-dizisi-pembe-diziden-olerek-ayriliyor--300x169.png 300w, https:\/\/www.tgrthaber.com\/mavikadin\/wp-content\/uploads\/kizilcik-serbeti-dizisi-pembe-diziden-olerek-ayriliyor--768x432.png 768w, https:\/\/www.tgrthaber.com\/mavikadin\/wp-content\/uploads\/kizilcik-serbeti-dizisi-pembe-diziden-olerek-ayriliyor--1536x864.png 1536w, https:\/\/www.tgrthaber.com\/mavikadin\/wp-content\/uploads\/kizilcik-serbeti-dizisi-pembe-diziden-olerek-ayriliyor-.png 1920w\" sizes=\"(max-width: 1024px) 100vw, 1024px\" \/><\/p>\n<hr \/>\n<h3>KIZILCIK \u015eERBET\u0130&#8217;N\u0130N PEMBE&#8217;S\u0130 S\u0130BEL TA\u015e\u00c7IO\u011eLU K\u0130MD\u0130R?<\/h3>\n<p class=\"p1\">Sibel Ta\u015f\u00e7\u0131o\u011flu, sahneyle ilk kez 1995 y\u0131l\u0131nda Bursa Devlet Tiyatrosu\u2019nun sahneledi\u011fi \u2018T\u0131ls\u0131m\u2019 adl\u0131 \u00e7ocuk oyununda bulu\u015ftu. 1997\u2019de \u0130stanbul \u00dcniversitesi Devlet Konservatuvar\u0131 Tiyatro B\u00f6l\u00fcm\u00fc\u2019ne kabul edildi. 2000-2003 y\u0131llar\u0131 aras\u0131nda Tiyatro Fora\u2019da \u00e7e\u015fitli oyunlarda sahne ald\u0131. 2007\u2019de Kenter Tiyatrosu\u2019nda \u2018Anna Karenina\u2019 oyununda rol ald\u0131.<\/p>\n<p><img loading=\"lazy\" decoding=\"async\" class=\"alignnone wp-image-157782 \" src=\"https:\/\/www.tgrthaber.com\/mavikadin\/wp-content\/uploads\/Ekran-Resmi-2025-04-05-20.54.46.png\" alt=\"\" width=\"973\" height=\"605\" title=\"\" srcset=\"https:\/\/www.tgrthaber.com\/mavikadin\/wp-content\/uploads\/Ekran-Resmi-2025-04-05-20.54.46.png 894w, https:\/\/www.tgrthaber.com\/mavikadin\/wp-content\/uploads\/Ekran-Resmi-2025-04-05-20.54.46-300x187.png 300w, https:\/\/www.tgrthaber.com\/mavikadin\/wp-content\/uploads\/Ekran-Resmi-2025-04-05-20.54.46-768x478.png 768w\" sizes=\"(max-width: 973px) 100vw, 973px\" \/><\/p>\n<hr \/>\n<p class=\"p1\">1998\u2019den itibaren sinema ve televizyon projelerinde yer ald\u0131. \u2018Rus Gelin\u2019 filmi ile kamera \u00f6n\u00fcne ge\u00e7ti. \u2018Medcezir\u2019 dizisinde Nevin karakterini oynad\u0131. \u00c7e\u015fitli animasyon yap\u0131mlar\u0131nda seslendirme yapt\u0131. Ta\u015f\u00e7\u0131o\u011flu, oyuncu Murat Kol\u00e7ak K\u00f6stendil ile evlidir.<\/p>\n","protected":false},"excerpt":{"rendered":"<p>K\u0131z\u0131lc\u0131k \u015eerbeti\u2019nde Pembe karakterine hayat veren Sibel Ta\u015f\u00e7\u0131o\u011flu\u2019nun diziden nas\u0131l ayr\u0131laca\u011f\u0131 uzun s\u00fcredir merak ediliyordu. Ortaya \u00e7\u0131kan g\u00f6r\u00fcnt\u00fcler, karakterin senaryoda \u00f6l\u00fcmle veda edece\u011fini ortaya \u00e7\u0131kard\u0131. \u0130\u015fte diziye dair merak edilenler.. <\/p>\n","protected":false},"author":16,"featured_media":157783,"comment_status":"closed","ping_status":"closed","sticky":false,"template":"","format":"standard","meta":{"rank_math_lock_modified_date":false,"footnotes":""},"categories":[602],"tags":[2628,16889,16890,16891],"class_list":["post-157779","post","type-post","status-publish","format-standard","has-post-thumbnail","hentry","category-diziler","tag-dizi-haberleri","tag-kizilcik-serbeti-pembe-diziden-olerek-ayriliyor","tag-kizilcik-serbeti-pembe-olecek-mi","tag-kizilcik-serbeti-pembe-sibel-tascioglu-diziden-ayriliyor"],"_links":{"self":[{"href":"https:\/\/www.tgrthaber.com\/mavikadin\/wp-json\/wp\/v2\/posts\/157779"}],"collection":[{"href":"https:\/\/www.tgrthaber.com\/mavikadin\/wp-json\/wp\/v2\/posts"}],"about":[{"href":"https:\/\/www.tgrthaber.com\/mavikadin\/wp-json\/wp\/v2\/types\/post"}],"author":[{"embeddable":true,"href":"https:\/\/www.tgrthaber.com\/mavikadin\/wp-json\/wp\/v2\/users\/16"}],"replies":[{"embeddable":true,"href":"https:\/\/www.tgrthaber.com\/mavikadin\/wp-json\/wp\/v2\/comments?post=157779"}],"version-history":[{"count":1,"href":"https:\/\/www.tgrthaber.com\/mavikadin\/wp-json\/wp\/v2\/posts\/157779\/revisions"}],"predecessor-version":[{"id":157785,"href":"https:\/\/www.tgrthaber.com\/mavikadin\/wp-json\/wp\/v2\/posts\/157779\/revisions\/157785"}],"wp:featuredmedia":[{"embeddable":true,"href":"https:\/\/www.tgrthaber.com\/mavikadin\/wp-json\/wp\/v2\/media\/157783"}],"wp:attachment":[{"href":"https:\/\/www.tgrthaber.com\/mavikadin\/wp-json\/wp\/v2\/media?parent=157779"}],"wp:term":[{"taxonomy":"category","embeddable":true,"href":"https:\/\/www.tgrthaber.com\/mavikadin\/wp-json\/wp\/v2\/categories?post=157779"},{"taxonomy":"post_tag","embeddable":true,"href":"https:\/\/www.tgrthaber.com\/mavikadin\/wp-json\/wp\/v2\/tags?post=157779"}],"curies":[{"name":"wp","href":"https:\/\/api.w.org\/{rel}","templated":true}]}}