{"id":157795,"date":"2025-04-05T21:48:14","date_gmt":"2025-04-05T18:48:14","guid":{"rendered":"https:\/\/www.tgrthaber.com\/mavikadin\/?p=157795"},"modified":"2025-04-05T21:48:15","modified_gmt":"2025-04-05T18:48:15","slug":"sakir-pasa-ailesi-6-nisan-2025-aksami-yayinlanacak-mi-yeni-bolum-ne-zaman-seyirciye-kotu-haber","status":"publish","type":"post","link":"https:\/\/www.tgrthaber.com\/mavikadin\/sakir-pasa-ailesi-6-nisan-2025-aksami-yayinlanacak-mi-yeni-bolum-ne-zaman-seyirciye-kotu-haber\/","title":{"rendered":"\u015eakir Pa\u015fa Ailesi 6 Nisan 2025 ak\u015fam\u0131 yay\u0131nlanacak m\u0131? Yeni b\u00f6l\u00fcm ne zaman? Seyirciye k\u00f6t\u00fc haber!"},"content":{"rendered":"<p class=\"p1\">K\u00fclt\u00fcr ve sanat \u00e7evrelerinin ilgiyle takip etti\u011fi \u201c\u015eakir Pa\u015fa Ailesi: Mucizeler ve Skandallar\u201d dizisi, bu hafta da ekranlara gelmeyecek. \u0130zleyiciler, yeni b\u00f6l\u00fcm i\u00e7in b\u00fcy\u00fck bir beklenti i\u00e7indeyken dizinin yay\u0131n\u0131 bir kez daha ertelendi. Bu durum sosyal medyada da geni\u015f yank\u0131 buldu. Hik\u00e2yesiyle dikkat \u00e7eken dizinin takip\u00e7ileri, geli\u015fmeleri yak\u0131ndan izliyor. Dizinin hayranlar\u0131, yay\u0131n takviminde ya\u015fanan bu de\u011fi\u015fikli\u011fin sebebini merak ediyor. \u0130zleyiciler, dizinin ekranlara d\u00f6nece\u011fi tarihi sab\u0131rs\u0131zl\u0131kla bekliyor. Peki, \u015eakir Pa\u015fa Ailesi yeni b\u00f6l\u00fcm ne zaman? \u0130\u015fte merak edilen sorunun cevab\u0131&#8230;<\/p>\n<h3>\u015eAK\u0130R PA\u015eA A\u0130LES\u0130 6 N\u0130SAN 2025 AK\u015eAMI YAYINLANACAK MI? YEN\u0130 B\u00d6L\u00dcM NE ZAMAN?<\/h3>\n<p class=\"p1\">Sanat ve k\u00fclt\u00fcr d\u00fcnyas\u0131nda geni\u015f bir izleyici kitlesi taraf\u0131ndan ilgiyle izlenen &#8216;\u015eakir Pa\u015fa Ailesi: Mucizeler ve Skandallar&#8217; dizisinin bu hafta da yay\u0131nlanmayaca\u011f\u0131 netlik kazand\u0131. Yeni b\u00f6l\u00fcm\u00fc merakla bekleyen izleyiciler, bir kez daha hayal k\u0131r\u0131kl\u0131\u011f\u0131na u\u011frad\u0131. Dizinin yay\u0131n\u0131nda ya\u015fanan bu gecikme sosyal medyada da g\u00fcndem oldu. Anlat\u0131m\u0131 ve g\u00fc\u00e7l\u00fc karakter yap\u0131s\u0131yla dikkat \u00e7eken yap\u0131m\u0131n takip\u00e7ileri, geli\u015fmeleri yak\u0131ndan takip ediyor. \u00d6zellikle dizinin ne zaman ekrana d\u00f6nece\u011fi sorusu, izleyici cephesinde b\u00fcy\u00fck merak konusu. Peki, \u015eakir Pa\u015fa Ailesi yeni b\u00f6l\u00fcm ne zaman?<\/p>\n<p><img loading=\"lazy\" decoding=\"async\" class=\"alignnone wp-image-157796 \" src=\"https:\/\/www.tgrthaber.com\/mavikadin\/wp-content\/uploads\/Ekran-Resmi-2025-04-05-21.43.01.png\" alt=\"\" width=\"978\" height=\"708\" title=\"\" srcset=\"https:\/\/www.tgrthaber.com\/mavikadin\/wp-content\/uploads\/Ekran-Resmi-2025-04-05-21.43.01.png 746w, https:\/\/www.tgrthaber.com\/mavikadin\/wp-content\/uploads\/Ekran-Resmi-2025-04-05-21.43.01-300x217.png 300w\" sizes=\"(max-width: 978px) 100vw, 978px\" \/><\/p>\n<hr \/>\n<p class=\"p1\">Yap\u0131m ekibinin resmi X (eski Twitter) hesab\u0131ndan yapt\u0131\u011f\u0131 a\u00e7\u0131klamaya g\u00f6re, dizinin yeni b\u00f6l\u00fcm\u00fc 13 Nisan Pazar g\u00fcn\u00fc seyirciyle bulu\u015facak. Yay\u0131n takvimindeki de\u011fi\u015fikli\u011fin arkas\u0131nda iki \u00f6nemli neden bulunuyor. Bunlardan ilki Ramazan Bayram\u0131 sebebiyle verilen bir haftal\u0131k tatil aras\u0131. \u0130kincisi ise dizide &#8216;Cevat&#8217; karakterini oynayan Cem Yi\u011fit \u00dcz\u00fcmo\u011flu\u2019nun g\u00f6zalt\u0131na al\u0131nmas\u0131. Oyuncunun boykota destek verdi\u011fi gerek\u00e7esiyle g\u00f6zalt\u0131na al\u0131nd\u0131\u011f\u0131 ve 3 Nisan\u2019da adli kontrol \u015fart\u0131yla serbest b\u0131rak\u0131ld\u0131\u011f\u0131 belirtildi.<\/p>\n<p><img loading=\"lazy\" decoding=\"async\" class=\"alignnone wp-image-157797 \" src=\"https:\/\/www.tgrthaber.com\/mavikadin\/wp-content\/uploads\/Ekran-Resmi-2025-04-05-21.43.11.png\" alt=\"\" width=\"974\" height=\"600\" title=\"\" srcset=\"https:\/\/www.tgrthaber.com\/mavikadin\/wp-content\/uploads\/Ekran-Resmi-2025-04-05-21.43.11.png 932w, https:\/\/www.tgrthaber.com\/mavikadin\/wp-content\/uploads\/Ekran-Resmi-2025-04-05-21.43.11-300x185.png 300w, https:\/\/www.tgrthaber.com\/mavikadin\/wp-content\/uploads\/Ekran-Resmi-2025-04-05-21.43.11-768x473.png 768w\" sizes=\"(max-width: 974px) 100vw, 974px\" \/><\/p>\n<hr \/>\n<p class=\"p1\">Daha \u00f6nce, \u015eakir Pa\u015fa ailesinin torunlar\u0131n\u0131n a\u00e7t\u0131\u011f\u0131 dava nedeniyle k\u0131sa s\u00fcre yay\u0131na ara veren dizi, davan\u0131n geri \u00e7ekilmesiyle yeniden ekrana d\u00f6nm\u00fc\u015ft\u00fc. Son ya\u015fanan aksakl\u0131klar\u0131n ard\u0131ndan g\u00f6zler \u015fimdi 13 Nisan\u2019daki yeni b\u00f6l\u00fcmde. \u0130zleyiciler, dizinin kald\u0131\u011f\u0131 yerden nas\u0131l devam edece\u011fini merakla bekliyor.<\/p>\n","protected":false},"excerpt":{"rendered":"<p>Ekranlar\u0131n sevilerek takip edilen dizisi \u2018\u015eakir Pa\u015fa Ailesi: Mucizeler ve Skandallar\u2019  bu hafta da ekrana gelmeyecek olmas\u0131yla izleyicileri merakta b\u0131rakt\u0131. Hik\u00e2yesiyle dikkat \u00e7eken yap\u0131m\u0131n takip\u00e7ileri, yeni b\u00f6l\u00fcm\u00fcn ne zaman yay\u0131nlanaca\u011f\u0131n\u0131 \u00f6\u011frenmek i\u00e7in sab\u0131rs\u0131zlan\u0131yor. \u0130\u015fte detaylar\u2026 <\/p>\n","protected":false},"author":16,"featured_media":157798,"comment_status":"closed","ping_status":"closed","sticky":false,"template":"","format":"standard","meta":{"rank_math_lock_modified_date":false,"footnotes":""},"categories":[602],"tags":[16896,8517,8516],"class_list":["post-157795","post","type-post","status-publish","format-standard","has-post-thumbnail","hentry","category-diziler","tag-sakir-pasa-ailesi-6-nisan-2025-aksami-var-mi","tag-sakir-pasa-ailesi-neden-yok","tag-sakir-pasa-ailesi-yeni-bolum-ne-zaman"],"_links":{"self":[{"href":"https:\/\/www.tgrthaber.com\/mavikadin\/wp-json\/wp\/v2\/posts\/157795"}],"collection":[{"href":"https:\/\/www.tgrthaber.com\/mavikadin\/wp-json\/wp\/v2\/posts"}],"about":[{"href":"https:\/\/www.tgrthaber.com\/mavikadin\/wp-json\/wp\/v2\/types\/post"}],"author":[{"embeddable":true,"href":"https:\/\/www.tgrthaber.com\/mavikadin\/wp-json\/wp\/v2\/users\/16"}],"replies":[{"embeddable":true,"href":"https:\/\/www.tgrthaber.com\/mavikadin\/wp-json\/wp\/v2\/comments?post=157795"}],"version-history":[{"count":1,"href":"https:\/\/www.tgrthaber.com\/mavikadin\/wp-json\/wp\/v2\/posts\/157795\/revisions"}],"predecessor-version":[{"id":157799,"href":"https:\/\/www.tgrthaber.com\/mavikadin\/wp-json\/wp\/v2\/posts\/157795\/revisions\/157799"}],"wp:featuredmedia":[{"embeddable":true,"href":"https:\/\/www.tgrthaber.com\/mavikadin\/wp-json\/wp\/v2\/media\/157798"}],"wp:attachment":[{"href":"https:\/\/www.tgrthaber.com\/mavikadin\/wp-json\/wp\/v2\/media?parent=157795"}],"wp:term":[{"taxonomy":"category","embeddable":true,"href":"https:\/\/www.tgrthaber.com\/mavikadin\/wp-json\/wp\/v2\/categories?post=157795"},{"taxonomy":"post_tag","embeddable":true,"href":"https:\/\/www.tgrthaber.com\/mavikadin\/wp-json\/wp\/v2\/tags?post=157795"}],"curies":[{"name":"wp","href":"https:\/\/api.w.org\/{rel}","templated":true}]}}