{"id":157901,"date":"2025-04-06T11:11:39","date_gmt":"2025-04-06T08:11:39","guid":{"rendered":"https:\/\/www.tgrthaber.com\/mavikadin\/?p=157901"},"modified":"2025-04-06T11:46:59","modified_gmt":"2025-04-06T08:46:59","slug":"ozcan-denizin-sariyer-belediyesine-yaptigi-ihtarin-detaylari-ortaya-cikti-ozcan-deniz-dava-aciyor","status":"publish","type":"post","link":"https:\/\/www.tgrthaber.com\/mavikadin\/ozcan-denizin-sariyer-belediyesine-yaptigi-ihtarin-detaylari-ortaya-cikti-ozcan-deniz-dava-aciyor\/","title":{"rendered":"\u00d6zcan Deniz\u2019in Sar\u0131yer Belediyesi\u2019ne yapt\u0131\u011f\u0131 ihtar\u0131n detaylar\u0131 ortaya \u00e7\u0131kt\u0131! \u00d6zcan Deniz dava a\u00e7maya haz\u0131rlan\u0131yor"},"content":{"rendered":"<p>Sanat\u00e7\u0131 \u00d6zcan Deniz\u2019in son zamanlarda ya\u015fad\u0131\u011f\u0131 baz\u0131 gerginliklere ek olarak \u00fc\u00e7 villas\u0131na izinsiz in\u015faat yapt\u0131rd\u0131\u011f\u0131 iddias\u0131 ile g\u00fcndeme geldi. Deniz\u2019in hakk\u0131nda ba\u015flat\u0131lan soru\u015fturma devam ediyor. Deniz\u2019in ifadesinde bahsetti\u011fi Sar\u0131yer Belediyesi ve Deniz Filmcili\u011fe \u00e7ekilen ihtarlar\u0131n detaylar\u0131na ula\u015f\u0131ld\u0131.<\/p>\n<h3>\u00d6ZCAN DEN\u0130Z\u2019\u0130N SARIYER BELED\u0130YES\u0130\u2019NE YAPTI\u011eI \u0130HTARIN DETAYLARI ORTAYA \u00c7IKTI!<\/h3>\n<p>\u00d6zcan Deniz, Sar\u0131yer de bulunan \u00fc\u00e7 villas\u0131na izinsiz ekleme yapt\u0131\u011f\u0131 gerek\u00e7esi ile hakk\u0131nda soru\u015fturulma ba\u015flat\u0131ld\u0131. \u0130stanbul Cumhuriyet Ba\u015fsavc\u0131l\u0131\u011f\u0131, \u0130stanbul Sar\u0131yer\u2019de bir sit alanda bulunan \u00fc\u00e7 villaya izinsiz eleme yap\u0131ld\u0131\u011f\u0131 gerek\u00e7esi ile oyuncu \u00d6zcan Deniz\u2019e \u201c\u0130mar kirlili\u011fine neden olma ve K\u00fclt\u00fcr Tabiat Varl\u0131klar\u0131n\u0131 Koruma Kanununa Muhalefet\u201d su\u00e7lar\u0131ndan soru\u015fturulma ba\u015flat\u0131lm\u0131\u015ft\u0131.<\/p>\n<p><img loading=\"lazy\" decoding=\"async\" class=\"alignnone wp-image-157903\" src=\"https:\/\/www.tgrthaber.com\/mavikadin\/wp-content\/uploads\/haber-gorselleri-fotoshop-72-2-1024x576.jpg\" alt=\"\u00d6zcan Deniz\u2019in Sar\u0131yer Belediyesi\u2019ne yapt\u0131\u011f\u0131 ihtar\u0131n detaylar\u0131 ortaya \u00e7\u0131kt\u0131! \u00d6zcan Deniz dava a\u00e7\u0131yor\" width=\"1208\" height=\"680\" title=\"\" srcset=\"https:\/\/www.tgrthaber.com\/mavikadin\/wp-content\/uploads\/haber-gorselleri-fotoshop-72-2-1024x576.jpg 1024w, https:\/\/www.tgrthaber.com\/mavikadin\/wp-content\/uploads\/haber-gorselleri-fotoshop-72-2-300x169.jpg 300w, https:\/\/www.tgrthaber.com\/mavikadin\/wp-content\/uploads\/haber-gorselleri-fotoshop-72-2-768x432.jpg 768w, https:\/\/www.tgrthaber.com\/mavikadin\/wp-content\/uploads\/haber-gorselleri-fotoshop-72-2-1536x864.jpg 1536w, https:\/\/www.tgrthaber.com\/mavikadin\/wp-content\/uploads\/haber-gorselleri-fotoshop-72-2.jpg 1600w\" sizes=\"(max-width: 1208px) 100vw, 1208px\" \/><\/p>\n<hr \/>\n<p>Yap\u0131lan bu soru\u015fturma kapsam\u0131nda ifade verilmeye \u00e7a\u011fr\u0131lan Deniz, in\u015faat\u0131n sahibi olmad\u0131\u011f\u0131n\u0131, yap\u0131 ruhsat\u0131na ayk\u0131r\u0131 in\u015fa edildi\u011fini ve Sar\u0131yer Belediyesi\u2019nde yap\u0131 tatil tutana\u011f\u0131 karar\u0131yla haberdar oldu\u011funu vurgulayarak \u201c&#8221;Sar\u0131yer Belediyesi&#8217;ne ba\u015fvurduk ama bize d\u00f6nmedi. Ruhsata uygun hale getirilmesi i\u00e7in fiziki olarak bir i\u015flem yapmad\u0131m. Belediye&#8217;ye ba\u015fvuru yapmam\u0131za ra\u011fmen bizim ba\u015fvurumuzun ard\u0131ndan bize herhangi bir \u015fekilde olumlu ya da olumsuz d\u00f6n\u00fc\u015f yapmayan belediye taraf\u0131ndan ma\u011fdur edilmi\u015f durumday\u0131z&#8221; demi\u015fti.<\/p>\n<p><img loading=\"lazy\" decoding=\"async\" class=\"alignnone wp-image-157902\" src=\"https:\/\/www.tgrthaber.com\/mavikadin\/wp-content\/uploads\/haber-gorselleri-fotoshop-73-2-1024x576.jpg\" alt=\"\u00d6zcan Deniz\u2019in Sar\u0131yer Belediyesi\u2019ne yapt\u0131\u011f\u0131 ihtar\u0131n detaylar\u0131 ortaya \u00e7\u0131kt\u0131! \u00d6zcan Deniz dava a\u00e7\u0131yor\" width=\"1208\" height=\"680\" title=\"\" srcset=\"https:\/\/www.tgrthaber.com\/mavikadin\/wp-content\/uploads\/haber-gorselleri-fotoshop-73-2-1024x576.jpg 1024w, https:\/\/www.tgrthaber.com\/mavikadin\/wp-content\/uploads\/haber-gorselleri-fotoshop-73-2-300x169.jpg 300w, https:\/\/www.tgrthaber.com\/mavikadin\/wp-content\/uploads\/haber-gorselleri-fotoshop-73-2-768x432.jpg 768w, https:\/\/www.tgrthaber.com\/mavikadin\/wp-content\/uploads\/haber-gorselleri-fotoshop-73-2-1536x864.jpg 1536w, https:\/\/www.tgrthaber.com\/mavikadin\/wp-content\/uploads\/haber-gorselleri-fotoshop-73-2.jpg 1600w\" sizes=\"(max-width: 1208px) 100vw, 1208px\" \/><\/p>\n<hr \/>\n<p>\u00d6zcan Deniz, in\u015faat\u0131 yapan a\u011fabeyinin Ercan Deniz&#8217;in sahibi oldu\u011fu Deniz Filmcilik \u015firketine ve Sar\u0131yer Belediyesi&#8217;ne ihbar \u00e7ekti\u011fini s\u00f6ylemi\u015fti. S\u00f6yledi\u011fi o belgelerin detaylar\u0131na ula\u015f\u0131ld\u0131.<\/p>\n<h3>\u00d6ZCAN DEN\u0130Z DAVA A\u00c7IYOR<\/h3>\n<p><img loading=\"lazy\" decoding=\"async\" class=\"alignnone wp-image-157905\" src=\"https:\/\/www.tgrthaber.com\/mavikadin\/wp-content\/uploads\/haber-gorselleri-fotoshop-70-2-1024x576.jpg\" alt=\"\u00d6zcan Deniz\u2019in Sar\u0131yer Belediyesi\u2019ne yapt\u0131\u011f\u0131 ihtar\u0131n detaylar\u0131 ortaya \u00e7\u0131kt\u0131! \u00d6zcan Deniz dava a\u00e7\u0131yor\" width=\"1208\" height=\"680\" title=\"\" srcset=\"https:\/\/www.tgrthaber.com\/mavikadin\/wp-content\/uploads\/haber-gorselleri-fotoshop-70-2-1024x576.jpg 1024w, https:\/\/www.tgrthaber.com\/mavikadin\/wp-content\/uploads\/haber-gorselleri-fotoshop-70-2-300x169.jpg 300w, https:\/\/www.tgrthaber.com\/mavikadin\/wp-content\/uploads\/haber-gorselleri-fotoshop-70-2-768x432.jpg 768w, https:\/\/www.tgrthaber.com\/mavikadin\/wp-content\/uploads\/haber-gorselleri-fotoshop-70-2-1536x864.jpg 1536w, https:\/\/www.tgrthaber.com\/mavikadin\/wp-content\/uploads\/haber-gorselleri-fotoshop-70-2.jpg 1600w\" sizes=\"(max-width: 1208px) 100vw, 1208px\" \/><\/p>\n<hr \/>\n<p>Sabah Gazetesi\u2019nin haberine g\u00f6re, filmcilik \u015firketine \u00e7ekilen ihtarda, in\u015faat s\u00fcrecine ili\u015fkin ruhsatland\u0131rman\u0131n usule uygun olmad\u0131\u011f\u0131n\u0131 Belediye taraf\u0131ndan m\u00fch\u00fcrlendi\u011fi s\u00f6yledi. Deniz, devam\u0131nda ihtar hakk\u0131nda yap\u0131n\u0131n ruhsata uygun hale getirilmesi i\u00e7in gere\u011finin yap\u0131lmas\u0131n\u0131 istedi\u011fini aksi halde t\u00fcm hukuka ayk\u0131r\u0131 i\u015flemlerin sonucunda do\u011facak zararlar\u0131n kendilerine ait oldu\u011fu ihtarda yer ald\u0131.<\/p>\n<p><img loading=\"lazy\" decoding=\"async\" class=\"alignnone wp-image-157904\" src=\"https:\/\/www.tgrthaber.com\/mavikadin\/wp-content\/uploads\/haber-gorselleri-fotoshop-71-2-1024x576.jpg\" alt=\"\u00d6zcan Deniz\u2019in Sar\u0131yer Belediyesi\u2019ne yapt\u0131\u011f\u0131 ihtar\u0131n detaylar\u0131 ortaya \u00e7\u0131kt\u0131! \u00d6zcan Deniz dava a\u00e7\u0131yor\" width=\"1208\" height=\"680\" title=\"\" srcset=\"https:\/\/www.tgrthaber.com\/mavikadin\/wp-content\/uploads\/haber-gorselleri-fotoshop-71-2-1024x576.jpg 1024w, https:\/\/www.tgrthaber.com\/mavikadin\/wp-content\/uploads\/haber-gorselleri-fotoshop-71-2-300x169.jpg 300w, https:\/\/www.tgrthaber.com\/mavikadin\/wp-content\/uploads\/haber-gorselleri-fotoshop-71-2-768x432.jpg 768w, https:\/\/www.tgrthaber.com\/mavikadin\/wp-content\/uploads\/haber-gorselleri-fotoshop-71-2-1536x864.jpg 1536w, https:\/\/www.tgrthaber.com\/mavikadin\/wp-content\/uploads\/haber-gorselleri-fotoshop-71-2.jpg 1600w\" sizes=\"(max-width: 1208px) 100vw, 1208px\" \/><\/p>\n<hr \/>\n<p>Ya\u015fanan bu s\u00fcre\u00e7te \u00d6zcan Deniz, in\u015faat sahibi Deniz Filmcilik taraf\u0131ndan ma\u011fdur edildi\u011fini ve bu durum i\u00e7inde Hukuk Mahkemesi\u2019ne dava a\u00e7t\u0131klar\u0131na yer verdi.<\/p>\n","protected":false},"excerpt":{"rendered":"<p>\u00dcnl\u00fc oyuncu \u00d6zcan Deniz birka\u00e7 g\u00fcnd\u00fcr ya\u015fad\u0131\u011f\u0131 sorunlar ile g\u00fcndemdeki yerini ald\u0131. Deniz\u2019in \u00fc\u00e7 villas\u0131na izinsiz in\u015faat yapt\u0131rd\u0131\u011f\u0131 iddias\u0131 ile hakk\u0131nda ba\u015flat\u0131lan soru\u015fturma devam ediyo<\/p>\n","protected":false},"author":34,"featured_media":157906,"comment_status":"closed","ping_status":"closed","sticky":false,"template":"","format":"standard","meta":{"rank_math_lock_modified_date":false,"footnotes":""},"categories":[76],"tags":[16919,2218,2393,16918,16917,16920],"class_list":["post-157901","post","type-post","status-publish","format-standard","has-post-thumbnail","hentry","category-magazin","tag-deniz-filmcilik","tag-magazin-haberleri","tag-ozcan-deniz","tag-ozcan-deniz-dava","tag-sariyer-belediyesi","tag-sariyer-belediyesi-dava"],"_links":{"self":[{"href":"https:\/\/www.tgrthaber.com\/mavikadin\/wp-json\/wp\/v2\/posts\/157901"}],"collection":[{"href":"https:\/\/www.tgrthaber.com\/mavikadin\/wp-json\/wp\/v2\/posts"}],"about":[{"href":"https:\/\/www.tgrthaber.com\/mavikadin\/wp-json\/wp\/v2\/types\/post"}],"author":[{"embeddable":true,"href":"https:\/\/www.tgrthaber.com\/mavikadin\/wp-json\/wp\/v2\/users\/34"}],"replies":[{"embeddable":true,"href":"https:\/\/www.tgrthaber.com\/mavikadin\/wp-json\/wp\/v2\/comments?post=157901"}],"version-history":[{"count":3,"href":"https:\/\/www.tgrthaber.com\/mavikadin\/wp-json\/wp\/v2\/posts\/157901\/revisions"}],"predecessor-version":[{"id":157916,"href":"https:\/\/www.tgrthaber.com\/mavikadin\/wp-json\/wp\/v2\/posts\/157901\/revisions\/157916"}],"wp:featuredmedia":[{"embeddable":true,"href":"https:\/\/www.tgrthaber.com\/mavikadin\/wp-json\/wp\/v2\/media\/157906"}],"wp:attachment":[{"href":"https:\/\/www.tgrthaber.com\/mavikadin\/wp-json\/wp\/v2\/media?parent=157901"}],"wp:term":[{"taxonomy":"category","embeddable":true,"href":"https:\/\/www.tgrthaber.com\/mavikadin\/wp-json\/wp\/v2\/categories?post=157901"},{"taxonomy":"post_tag","embeddable":true,"href":"https:\/\/www.tgrthaber.com\/mavikadin\/wp-json\/wp\/v2\/tags?post=157901"}],"curies":[{"name":"wp","href":"https:\/\/api.w.org\/{rel}","templated":true}]}}