{"id":157966,"date":"2025-04-06T14:35:26","date_gmt":"2025-04-06T11:35:26","guid":{"rendered":"https:\/\/www.tgrthaber.com\/mavikadin\/?p=157966"},"modified":"2025-04-06T14:35:26","modified_gmt":"2025-04-06T11:35:26","slug":"usta-oyuncu-ahmet-levendoglu-neden-oldu-hastaligi-var-miydi","status":"publish","type":"post","link":"https:\/\/www.tgrthaber.com\/mavikadin\/usta-oyuncu-ahmet-levendoglu-neden-oldu-hastaligi-var-miydi\/","title":{"rendered":"Usta oyuncu Ahmet Levendo\u011flu neden \u00f6ld\u00fc, hastal\u0131\u011f\u0131 var m\u0131yd\u0131?"},"content":{"rendered":"<p>T\u00fcrk tiyatrosu ve televizyon d\u00fcnyas\u0131n\u0131n \u00f6nemli isimlerinden biri olup &#8220;Binbir Gece&#8221;, &#8220;K\u00fc\u00e7\u00fck Kad\u0131nlar&#8221;, &#8220;Kara Ekmek&#8221; gibi daha bir\u00e7ok \u00f6nemli yap\u0131mda rol alarak tan\u0131nan usta isim Ahmet Levendo\u011flu&#8217;dan ac\u0131 haber geldi.<\/p>\n<p>Ekranlar\u0131n ba\u015far\u0131l\u0131 isimlerinden Levendo\u011flu, 80 ya\u015f\u0131nda hayata g\u00f6zlerini yumdu. Peki usta oyuncu Ahmet Levendo\u011flu neden \u00f6ld\u00fc? \u00dcnl\u00fc oyuncu Ahmet Levendo\u011flu&#8217;nun bir hastal\u0131\u011f\u0131 var m\u0131yd\u0131? Cenaze bilgileri belli oldu mu?<\/p>\n<h3>USTA SANAT\u00c7I AHMET LEVENDO\u011eLU NEDEN \u00d6LD\u00dc?<\/h3>\n<p>Y\u0131llar\u0131n tiyatrocusu ve usta oyuncusu olan Ahmet Levendo\u011flu&#8217;nun ac\u0131 haberi sanat d\u00fcnyas\u0131nda tez yay\u0131ld\u0131. 80 ya\u015f\u0131nda hayata g\u00f6zlerini yuman usta isim Levendo\u011flu&#8217;nun \u00f6l\u00fcm haberini oyuncu Y\u0131ld\u0131ray \u015eahinler, aktif kulland\u0131\u011f\u0131 sosyal medya hesab\u0131ndan Levendo\u011flu&#8217;nun t\u00fcm sevenlerine duyurdu.<\/p>\n<p><img loading=\"lazy\" decoding=\"async\" class=\"wp-image-157968\" src=\"https:\/\/www.tgrthaber.com\/mavikadin\/wp-content\/uploads\/Ahmet-Levendoglu-2.jpg\" alt=\"Ahmet Levendo\u011flu \u00e7ocuklar\u0131 kimdir? Ahmet Levendo\u011flu kiminle evli?\" width=\"1208\" height=\"680\" title=\"\" srcset=\"https:\/\/www.tgrthaber.com\/mavikadin\/wp-content\/uploads\/Ahmet-Levendoglu-2.jpg 1600w, https:\/\/www.tgrthaber.com\/mavikadin\/wp-content\/uploads\/Ahmet-Levendoglu-2-300x169.jpg 300w, https:\/\/www.tgrthaber.com\/mavikadin\/wp-content\/uploads\/Ahmet-Levendoglu-2-1024x576.jpg 1024w, https:\/\/www.tgrthaber.com\/mavikadin\/wp-content\/uploads\/Ahmet-Levendoglu-2-768x432.jpg 768w, https:\/\/www.tgrthaber.com\/mavikadin\/wp-content\/uploads\/Ahmet-Levendoglu-2-1536x864.jpg 1536w\" sizes=\"(max-width: 1208px) 100vw, 1208px\" \/><\/p>\n<hr \/>\n<p>\u015eahinler, yay\u0131nlad\u0131\u011f\u0131 g\u00f6nderide &#8220;Hocam. Ahmet hocam! \u00dczerimde \u00e7ok b\u00fcy\u00fck eme\u011fi olan, sahnede oyuncuya \u00f6z g\u00fcven gibi \u00e7ok b\u00fcy\u00fck bir silah kazand\u0131ran, \u201cilke\u201d s\u00f6zc\u00fc\u011f\u00fcn\u00fcn ya\u015fayan an\u0131t\u0131, b\u00fcy\u00fck oyuncu Ahmet Levendo\u011flu. Huzurla uyu. Hakk\u0131n\u0131 helal et. \u0130kinci foto\u011frafta s\u0131n\u0131f\u0131m\u0131z\u0131n devam \u00e7izelgesi var. Saklam\u0131\u015f. Ne denli titiz bir tiyatro adam\u0131 oldu\u011funu o \u00e7izelgeden, ne kadar iyi bir hoca oldu\u011funu da s\u0131n\u0131ftaki isimlerden anlayabilirsiniz&#8221; notunu d\u00fc\u015ferek yay\u0131nlad\u0131.<\/p>\n<p>80 ya\u015f\u0131nda hayat\u0131n\u0131 kaybeden oyuncu, y\u00f6netmen, \u00e7evirmen ve yazar Ahmet Levendo\u011flu\u2019nun neden vefat etti\u011fine y\u00f6nelik herhangi bir ibare \u015fuan i\u00e7erisinde ge\u00e7memektedir. Merhum sanat\u00e7\u0131n\u0131n \u00f6l\u00fcm nedeni belli oldu\u011funda haberimiz g\u00fcncellenecektir&#8230;<\/p>\n<h3>USTA SANAT\u00c7I AHMET LEVENDO\u011eLU&#8217;NUN CENAZE DETAYLARI BELL\u0130 OLDU!<\/h3>\n<p>Sanat camias\u0131nda pek \u00e7ok tan\u0131nm\u0131\u015f \u00fcnl\u00fc ismin hocas\u0131 olup yol g\u00f6stermi\u015f olan 80 ya\u015f\u0131ndaki usta sanat\u00e7\u0131 Ahmet Levendo\u011flu\u2019nun cenazesinin 8 Nisan Sal\u0131 g\u00fcn\u00fc saat 11.00\u2019de Atat\u00fcrk K\u00fclt\u00fcr Merkezi Tiyatro Salonu\u2019nda d\u00fczenlenece\u011fi \u00f6\u011frenildi.<\/p>\n<p><img loading=\"lazy\" decoding=\"async\" class=\"alignnone wp-image-157975\" src=\"https:\/\/www.tgrthaber.com\/mavikadin\/wp-content\/uploads\/ss-12.png\" alt=\"\" width=\"1208\" height=\"660\" title=\"\" srcset=\"https:\/\/www.tgrthaber.com\/mavikadin\/wp-content\/uploads\/ss-12.png 906w, https:\/\/www.tgrthaber.com\/mavikadin\/wp-content\/uploads\/ss-12-300x164.png 300w, https:\/\/www.tgrthaber.com\/mavikadin\/wp-content\/uploads\/ss-12-768x420.png 768w\" sizes=\"(max-width: 1208px) 100vw, 1208px\" \/><\/p>\n<hr \/>\n<p>Sevenlerinin son kez vedala\u015fabilmesi i\u00e7in d\u00fczenlenen bu t\u00f6renin hemen sonras\u0131nda usta isim Zincirlikuyu Mezarl\u0131\u011f\u0131\u2019nda son yolculu\u011funa u\u011furlanarak topra\u011fa verilecek.<\/p>\n<p>&nbsp;<\/p>\n","protected":false},"excerpt":{"rendered":"<p>Ac\u0131 haberini \u00fcnl\u00fc oyuncu Y\u0131ld\u0131ray \u015eahinler&#8217;in duyurdu\u011fu usta sanat\u00e7\u0131 Ahmet Levendo\u011flu, 80 ya\u015f\u0131nda hayat\u0131n\u0131 kaybederek sevenlerini yasa bo\u011fdu. Peki usta oyuncu Ahmet Levendo\u011flu&#8217;nun \u00f6l\u00fcm nedeni belli mi, hastal\u0131\u011f\u0131 var m\u0131yd\u0131?<\/p>\n","protected":false},"author":27,"featured_media":157959,"comment_status":"closed","ping_status":"closed","sticky":false,"template":"","format":"standard","meta":{"rank_math_lock_modified_date":false,"footnotes":""},"categories":[76],"tags":[16927,16938,16936,16937],"class_list":["post-157966","post","type-post","status-publish","format-standard","has-post-thumbnail","hentry","category-magazin","tag-ahmet-levendoglu","tag-ahmet-levendoglu-cenaze-detaylari","tag-ahmet-levendoglu-neden-oldu","tag-ahmet-levendoglu-oldu"],"_links":{"self":[{"href":"https:\/\/www.tgrthaber.com\/mavikadin\/wp-json\/wp\/v2\/posts\/157966"}],"collection":[{"href":"https:\/\/www.tgrthaber.com\/mavikadin\/wp-json\/wp\/v2\/posts"}],"about":[{"href":"https:\/\/www.tgrthaber.com\/mavikadin\/wp-json\/wp\/v2\/types\/post"}],"author":[{"embeddable":true,"href":"https:\/\/www.tgrthaber.com\/mavikadin\/wp-json\/wp\/v2\/users\/27"}],"replies":[{"embeddable":true,"href":"https:\/\/www.tgrthaber.com\/mavikadin\/wp-json\/wp\/v2\/comments?post=157966"}],"version-history":[{"count":2,"href":"https:\/\/www.tgrthaber.com\/mavikadin\/wp-json\/wp\/v2\/posts\/157966\/revisions"}],"predecessor-version":[{"id":157977,"href":"https:\/\/www.tgrthaber.com\/mavikadin\/wp-json\/wp\/v2\/posts\/157966\/revisions\/157977"}],"wp:featuredmedia":[{"embeddable":true,"href":"https:\/\/www.tgrthaber.com\/mavikadin\/wp-json\/wp\/v2\/media\/157959"}],"wp:attachment":[{"href":"https:\/\/www.tgrthaber.com\/mavikadin\/wp-json\/wp\/v2\/media?parent=157966"}],"wp:term":[{"taxonomy":"category","embeddable":true,"href":"https:\/\/www.tgrthaber.com\/mavikadin\/wp-json\/wp\/v2\/categories?post=157966"},{"taxonomy":"post_tag","embeddable":true,"href":"https:\/\/www.tgrthaber.com\/mavikadin\/wp-json\/wp\/v2\/tags?post=157966"}],"curies":[{"name":"wp","href":"https:\/\/api.w.org\/{rel}","templated":true}]}}