{"id":157986,"date":"2025-04-06T15:01:39","date_gmt":"2025-04-06T12:01:39","guid":{"rendered":"https:\/\/www.tgrthaber.com\/mavikadin\/?p=157986"},"modified":"2025-04-06T15:01:40","modified_gmt":"2025-04-06T12:01:40","slug":"ibrahim-tatlisesin-kac-kardesi-var-ibrahim-tatlisesin-kardes-kavgasi","status":"publish","type":"post","link":"https:\/\/www.tgrthaber.com\/mavikadin\/ibrahim-tatlisesin-kac-kardesi-var-ibrahim-tatlisesin-kardes-kavgasi\/","title":{"rendered":"\u0130brahim Tatl\u0131ses\u2019in ka\u00e7 karde\u015fi var? \u0130brahim Tatl\u0131ses\u2019in karde\u015f kavgas\u0131!"},"content":{"rendered":"<p>Arabesk m\u00fczi\u011fin usta isimlerinden \u0130brahim Tatl\u0131ses, ba\u015far\u0131l\u0131 m\u00fczik kariyerinin yan\u0131 s\u0131ra \u00f6zel hayat\u0131 ve aile ili\u015fkileriyle de s\u0131k s\u0131k g\u00fcndeme geliyor. Daha \u00f6nce o\u011flu Ahmet Tatl\u0131 ve k\u0131z\u0131 Dilan \u00c7\u0131tak ile gergin anlar ya\u015fayan \u0130brahim Tatl\u0131ses, bu kez karde\u015fi H\u00fcseyin Tatl\u0131 ile anla\u015fmazl\u0131klardan dolay\u0131 g\u00fcndeme geldi. Ya\u015fanan bu anla\u015fmazl\u0131k \u00fczerine \u0130brahim Tatl\u0131ses\u2019in ka\u00e7 karde\u015finin oldu\u011fu merak edildi. Peki, \u0130brahim Tatl\u0131ses\u2019in ka\u00e7 karde\u015fi var? \u0130brahim Tatl\u0131ses\u2019in karde\u015fiyle neden kavga etti? \u0130\u015fte merak edilenler\u2026<\/p>\n<h3>\u0130BRAH\u0130M TATLISES\u2019\u0130N KA\u00c7 KARDE\u015e\u0130 VAR?<\/h3>\n<p>\u0130brahim Tatl\u0131ses, \u015eanl\u0131urfa\u2019da 1 Ocak 1952 tarihinde ci\u011ferci Ahmet Tatl\u0131 ve e\u015fi Leyla\u2019n\u0131n sekiz \u00e7ocu\u011funun en b\u00fcy\u00fc\u011f\u00fc olarak d\u00fcnyaya geldi. Babas\u0131 Arap annesi K\u00fcrt k\u00f6kenli olan Tatl\u0131ses, zaman zaman etnik kimli\u011fiyle alakal\u0131 farkl\u0131 a\u00e7\u0131klamalarda bulunmu\u015ftur.<\/p>\n<p><img loading=\"lazy\" decoding=\"async\" class=\"alignnone wp-image-157989\" src=\"https:\/\/www.tgrthaber.com\/mavikadin\/wp-content\/uploads\/Huseyin-Tatli-2-1024x576.jpg\" alt=\"\u0130brahim Tatl\u0131ses\u2019in ka\u00e7 karde\u015fi var? \u0130brahim Tatl\u0131ses\u2019in karde\u015f kavgas\u0131!\" width=\"1208\" height=\"680\" title=\"\" srcset=\"https:\/\/www.tgrthaber.com\/mavikadin\/wp-content\/uploads\/Huseyin-Tatli-2-1024x576.jpg 1024w, https:\/\/www.tgrthaber.com\/mavikadin\/wp-content\/uploads\/Huseyin-Tatli-2-300x169.jpg 300w, https:\/\/www.tgrthaber.com\/mavikadin\/wp-content\/uploads\/Huseyin-Tatli-2-768x432.jpg 768w, https:\/\/www.tgrthaber.com\/mavikadin\/wp-content\/uploads\/Huseyin-Tatli-2-1536x864.jpg 1536w, https:\/\/www.tgrthaber.com\/mavikadin\/wp-content\/uploads\/Huseyin-Tatli-2.jpg 1600w\" sizes=\"(max-width: 1208px) 100vw, 1208px\" \/><\/p>\n<hr \/>\n<p>Sekiz \u00e7ocuklu bir ailenin en b\u00fcy\u00fck \u00e7ocu\u011fu olarak d\u00fcnyaya gelen \u0130brahim Tatl\u0131ses\u2019in karde\u015flerinden biri olan H\u00fcseyin Tatl\u0131, 1973 y\u0131l\u0131nda d\u00fcnyaya gelmi\u015f olup ailenin en k\u00fc\u00e7\u00fck \u00fcyesidir. \u0130brahim Tatl\u0131ses\u2019in bir di\u011fer karde\u015fi ise Mahmut Tatl\u0131\u2019d\u0131r. Toplamda yedi karde\u015ften olu\u015fan \u0130brahim Tatl\u0131ses\u2019in di\u011fer aile \u00fcyeleri ve karde\u015fleri hakk\u0131nda kamuoyunda fazla bilgi bulunmamaktad\u0131r.<\/p>\n<h3>\u0130BRAH\u0130M TATLISES\u2019\u0130N KARDE\u015e\u0130 H\u00dcSEY\u0130N TATLI K\u0130MD\u0130R?<\/h3>\n<p>H\u00fcseyin Tatl\u0131, 1973 y\u0131l\u0131nda Mersin\u2019de d\u00fcnyaya geldi. Sekiz karde\u015fli bir ailenin en k\u00fc\u00e7\u00fc\u011f\u00fc olan H\u00fcseyin Tatl\u0131, \u00f6zellikle medyada \u0130brahim Tatl\u0131ses\u2019in karde\u015fi olarak tan\u0131n\u0131yor. Abisi \u0130brahim Tatl\u0131ses gibi sanat\u00e7\u0131 olan H\u00fcseyin Tatl\u0131, uzun bir s\u00fcre Ankara\u2019da hayat\u0131n\u0131 s\u00fcrd\u00fcrm\u00fc\u015f ard\u0131ndan \u0130stanbul\u2019a yerle\u015fmi\u015ftir.<\/p>\n<p><img loading=\"lazy\" decoding=\"async\" class=\"alignnone wp-image-157990\" src=\"https:\/\/www.tgrthaber.com\/mavikadin\/wp-content\/uploads\/Huseyin-Tatli-1024x576.jpg\" alt=\"\u0130brahim Tatl\u0131ses\u2019in ka\u00e7 karde\u015fi var? \u0130brahim Tatl\u0131ses\u2019in karde\u015f kavgas\u0131!\" width=\"1208\" height=\"680\" title=\"\" srcset=\"https:\/\/www.tgrthaber.com\/mavikadin\/wp-content\/uploads\/Huseyin-Tatli-1024x576.jpg 1024w, https:\/\/www.tgrthaber.com\/mavikadin\/wp-content\/uploads\/Huseyin-Tatli-300x169.jpg 300w, https:\/\/www.tgrthaber.com\/mavikadin\/wp-content\/uploads\/Huseyin-Tatli-768x432.jpg 768w, https:\/\/www.tgrthaber.com\/mavikadin\/wp-content\/uploads\/Huseyin-Tatli-1536x864.jpg 1536w, https:\/\/www.tgrthaber.com\/mavikadin\/wp-content\/uploads\/Huseyin-Tatli.jpg 1600w\" sizes=\"(max-width: 1208px) 100vw, 1208px\" \/><\/p>\n<hr \/>\n<p>H\u00fcseyin Tatl\u0131, babas\u0131 Ahmet Tatl\u0131\u2019y\u0131 hen\u00fcz iki ya\u015f\u0131ndayken kaybetmi\u015ftir. Tatl\u0131, abisi \u0130brahim Tatl\u0131ses\u2019in sanat d\u00fcnyas\u0131nda y\u00fckseli\u015fe ge\u00e7ti\u011fi d\u00f6nemlerde ailece \u015eanl\u0131urfa\u2019ya ta\u015f\u0131nm\u0131\u015ft\u0131r. Bu ta\u015f\u0131nma Tatl\u0131\u2019n\u0131n m\u00fczik kariyerini de \u00f6nemli \u00f6l\u00e7\u00fcde etkilemi\u015ftir.<\/p>\n<p>\u015eimdilerde 52 ya\u015f\u0131nda olan Tatl\u0131, m\u00fczik kariyerine 2000 y\u0131l\u0131nda \u201cVarl\u0131\u011f\u0131n Yeter\u201d alb\u00fcm\u00fcyle ba\u015flam\u0131\u015f, ard\u0131ndan 2016 y\u0131l\u0131nda \u201cBil \u0130stedim\u201d ve \u201cPardon\u201d alb\u00fcmlerini \u00e7\u0131karm\u0131\u015ft\u0131r. \u0130ki kez evlilik yapan Tatl\u0131\u2019n\u0131n bu evliliklerinden \u201cAsya\u201d ad\u0131nda bir k\u0131z\u0131 ve \u201cCan\u201d ad\u0131nda bir o\u011flu bulunmaktad\u0131r. H\u00fcseyin Tatl\u0131, \u0130brahim Tatl\u0131ses\u2019in \u00f6z karde\u015fidir.<\/p>\n<p><img loading=\"lazy\" decoding=\"async\" class=\"alignnone wp-image-157991\" src=\"https:\/\/www.tgrthaber.com\/mavikadin\/wp-content\/uploads\/Huseyin-Tatli-4-1024x576.jpg\" alt=\"\u0130brahim Tatl\u0131ses\u2019in ka\u00e7 karde\u015fi var? \u0130brahim Tatl\u0131ses\u2019in karde\u015f kavgas\u0131!\" width=\"1208\" height=\"680\" title=\"\" srcset=\"https:\/\/www.tgrthaber.com\/mavikadin\/wp-content\/uploads\/Huseyin-Tatli-4-1024x576.jpg 1024w, https:\/\/www.tgrthaber.com\/mavikadin\/wp-content\/uploads\/Huseyin-Tatli-4-300x169.jpg 300w, https:\/\/www.tgrthaber.com\/mavikadin\/wp-content\/uploads\/Huseyin-Tatli-4-768x432.jpg 768w, https:\/\/www.tgrthaber.com\/mavikadin\/wp-content\/uploads\/Huseyin-Tatli-4-1536x864.jpg 1536w, https:\/\/www.tgrthaber.com\/mavikadin\/wp-content\/uploads\/Huseyin-Tatli-4.jpg 1600w\" sizes=\"(max-width: 1208px) 100vw, 1208px\" \/><\/p>\n<hr \/>\n<h3>\u0130BRAH\u0130M TATLISES\u2019\u0130N KARDE\u015e KAVGASI!<\/h3>\n<p>Son zamanlarda \u0130brahim Tatl\u0131ses ve karde\u015fi H\u00fcseyin Tatl\u0131 aras\u0131nda ya\u015fanan anla\u015fmazl\u0131klar magazin d\u00fcnyas\u0131n\u0131n g\u00fcndemine bomba gibi oturdu. Sosyal medya hesaplar\u0131ndan yapt\u0131\u011f\u0131 a\u00e7\u0131klamalarla dikkat \u00e7eken H\u00fcseyin Tatl\u0131\u2019n\u0131n, abisi \u0130brahim Tatl\u0131ses ile olan anla\u015fmazl\u0131klar\u0131 etkisini art\u0131rarak devam ediyor. Abisinin izinden giderek \u015fark\u0131c\u0131 olan H\u00fcseyin Tatl\u0131, \u0130brahim Tatl\u0131ses\u2019in kendisi i\u00e7in \u201cSenden bir \u015fey olmaz\u201d dedi\u011fi iddialar\u0131na sosyal medya hesab\u0131ndan cevap verdi.<\/p>\n<p><img loading=\"lazy\" decoding=\"async\" class=\"alignnone wp-image-157992\" src=\"https:\/\/www.tgrthaber.com\/mavikadin\/wp-content\/uploads\/Huseyin-Tatli-3-1024x576.jpg\" alt=\"\u0130brahim Tatl\u0131ses\u2019in ka\u00e7 karde\u015fi var? \u0130brahim Tatl\u0131ses\u2019in karde\u015f kavgas\u0131!\" width=\"1208\" height=\"680\" title=\"\" srcset=\"https:\/\/www.tgrthaber.com\/mavikadin\/wp-content\/uploads\/Huseyin-Tatli-3-1024x576.jpg 1024w, https:\/\/www.tgrthaber.com\/mavikadin\/wp-content\/uploads\/Huseyin-Tatli-3-300x169.jpg 300w, https:\/\/www.tgrthaber.com\/mavikadin\/wp-content\/uploads\/Huseyin-Tatli-3-768x432.jpg 768w, https:\/\/www.tgrthaber.com\/mavikadin\/wp-content\/uploads\/Huseyin-Tatli-3-1536x864.jpg 1536w, https:\/\/www.tgrthaber.com\/mavikadin\/wp-content\/uploads\/Huseyin-Tatli-3.jpg 1600w\" sizes=\"(max-width: 1208px) 100vw, 1208px\" \/><\/p>\n<hr \/>\n<p>H\u00fcseyin Tatl\u0131, sosyal medya hesab\u0131ndan yapt\u0131\u011f\u0131 payla\u015f\u0131mlarla abisi \u0130brahim Tatl\u0131ses\u2019e sert cevaplar verdi. Tatl\u0131, payla\u015f\u0131m\u0131nda \u015fu ifadelere yer verdi:<\/p>\n<p>\u201cE\u011fri otur, do\u011fru konu\u015f derler adama. \u2018O\u011flum senden bir \u015fey olmaz kendini yorma\u2019 demi\u015fsin bana. Asla b\u00f6yle bir konu\u015fma olmad\u0131 seninle aram\u0131zda. Yalan s\u00f6yledin. Bak \u015fimdi yak\u0131\u015fmad\u0131.\u201d Abisi \u0130brahim Tatl\u0131ses\u2019in kendisine destek olmad\u0131\u011f\u0131n\u0131 dile getiren H\u00fcseyin Tatl\u0131, payla\u015f\u0131m\u0131na \u015fu s\u00f6zlerle devam etti:<\/p>\n<p>\u201c\u0130lk alb\u00fcm\u00fc 2000 y\u0131l\u0131nda bana yapt\u0131\u011f\u0131nda 10 g\u00fcn sonra toplatt\u0131n piyasadan. 360 bin sat\u0131\u015f yapm\u0131\u015ft\u0131. Kral TV\u2019den klibimi kald\u0131rtt\u0131n. Avustralya\u2019dan beni istediler. Yerime Ebru Ya\u015far\u2019\u0131 g\u00f6nderttin. Bir bu\u00e7uk sene \u00f6nce Bodrum\u2019a yan\u0131na geldim \u2018Yallah \u015eof\u00f6r\u2019 \u015fark\u0131s\u0131n\u0131 okumu\u015ftum, \u2018Abi story payla\u015f\u2019 dedim, sen \u2018Payla\u015fmam\u2019 dedin. \u2018Biz karde\u015fiz ne var\u2019 dedim, k\u00e2r etmedi. Bitmez anlatacaklar\u0131m. Ger\u00e7ekten destek olmak isteseydin, yap\u0131mc\u0131n Polat Ya\u011fc\u0131\u2019y\u0131 aray\u0131p \u2018H\u00fcseyin Tatl\u0131\u2019y\u0131 b\u00fcnyemize al. Gerek konser gerek \u015fark\u0131 bir \u015feyler yap\u2019 derdin. E\u011fer benden o zaman bir \u015fey olmasayd\u0131 ben de seni alk\u0131\u015flard\u0131m. \u015eimdilik bu kadar. Anam\u0131n o\u011flu.\u201d<\/p>\n","protected":false},"excerpt":{"rendered":"<p>Son zamanlarda karde\u015fi H\u00fcseyin Tatl\u0131 ile ya\u015fad\u0131\u011f\u0131 anla\u015fmazl\u0131klardan dolay\u0131 g\u00fcndeme gelen \u0130brahim Tatl\u0131ses\u2019in ka\u00e7 karde\u015finin oldu\u011fu merak ediliyor. Peki, \u0130brahim Tatl\u0131ses\u2019in ka\u00e7 karde\u015fi var? \u0130brahim Tatl\u0131ses\u2019in karde\u015fiyle neden kavga etti? \u0130\u015fte detaylar\u2026<\/p>\n","protected":false},"author":26,"featured_media":157988,"comment_status":"closed","ping_status":"closed","sticky":false,"template":"","format":"standard","meta":{"rank_math_lock_modified_date":false,"footnotes":""},"categories":[76],"tags":[16672,2640,16598,16596,133,2218],"class_list":["post-157986","post","type-post","status-publish","format-standard","has-post-thumbnail","hentry","category-magazin","tag-huseyin-tatli","tag-ibrahim-tatlises","tag-ibrahim-tatlises-huseyin-tatli-olayi","tag-ibrahim-tatlises-ve-kardesi-huseyin-tatli","tag-magazin","tag-magazin-haberleri"],"_links":{"self":[{"href":"https:\/\/www.tgrthaber.com\/mavikadin\/wp-json\/wp\/v2\/posts\/157986"}],"collection":[{"href":"https:\/\/www.tgrthaber.com\/mavikadin\/wp-json\/wp\/v2\/posts"}],"about":[{"href":"https:\/\/www.tgrthaber.com\/mavikadin\/wp-json\/wp\/v2\/types\/post"}],"author":[{"embeddable":true,"href":"https:\/\/www.tgrthaber.com\/mavikadin\/wp-json\/wp\/v2\/users\/26"}],"replies":[{"embeddable":true,"href":"https:\/\/www.tgrthaber.com\/mavikadin\/wp-json\/wp\/v2\/comments?post=157986"}],"version-history":[{"count":2,"href":"https:\/\/www.tgrthaber.com\/mavikadin\/wp-json\/wp\/v2\/posts\/157986\/revisions"}],"predecessor-version":[{"id":157994,"href":"https:\/\/www.tgrthaber.com\/mavikadin\/wp-json\/wp\/v2\/posts\/157986\/revisions\/157994"}],"wp:featuredmedia":[{"embeddable":true,"href":"https:\/\/www.tgrthaber.com\/mavikadin\/wp-json\/wp\/v2\/media\/157988"}],"wp:attachment":[{"href":"https:\/\/www.tgrthaber.com\/mavikadin\/wp-json\/wp\/v2\/media?parent=157986"}],"wp:term":[{"taxonomy":"category","embeddable":true,"href":"https:\/\/www.tgrthaber.com\/mavikadin\/wp-json\/wp\/v2\/categories?post=157986"},{"taxonomy":"post_tag","embeddable":true,"href":"https:\/\/www.tgrthaber.com\/mavikadin\/wp-json\/wp\/v2\/tags?post=157986"}],"curies":[{"name":"wp","href":"https:\/\/api.w.org\/{rel}","templated":true}]}}