{"id":158017,"date":"2025-04-06T16:21:08","date_gmt":"2025-04-06T13:21:08","guid":{"rendered":"https:\/\/www.tgrthaber.com\/mavikadin\/?p=158017"},"modified":"2025-04-06T16:21:08","modified_gmt":"2025-04-06T13:21:08","slug":"yillar-sonra-yeniden-bir-araya-geldiler-sihirli-annem-filminin-setinden-ilk-kare-yayinlandi","status":"publish","type":"post","link":"https:\/\/www.tgrthaber.com\/mavikadin\/yillar-sonra-yeniden-bir-araya-geldiler-sihirli-annem-filminin-setinden-ilk-kare-yayinlandi\/","title":{"rendered":"Y\u0131llar sonra yeniden bir araya geldiler! Sihirli Annem filminin setinden ilk kare yay\u0131nland\u0131"},"content":{"rendered":"<p>Bir d\u00f6neme damga vuran ve g\u00fcn\u00fcm\u00fczde hala yo\u011fun bir izleyici taraf\u0131ndan b\u00fcy\u00fck bir ilgiyle takip edilen Sihirli Annem dizisi beyazperdeye uyarlan\u0131yor. Eski oyuncu kadrosuyla seyirci kar\u015f\u0131s\u0131na \u00e7\u0131kmaya haz\u0131rlanan ekip, 22 y\u0131l aran\u0131n ard\u0131ndan yeniden bir araya geldi. \u00c7ekimlerine ba\u015flanan filmin setinden il kareyi usta oyuncu G\u00fcl Onat payla\u015ft\u0131. \u0130\u015fte Sihirli Annem filminin setinden ilk kare\u2026<\/p>\n<h3>S\u0130H\u0130RL\u0130 ANNEM OYUNCULARI YILLAR SONRA B\u0130R ARAYA GELD\u0130!<\/h3>\n<p>\u0130lk b\u00f6l\u00fcm\u00fc 2003 y\u0131l\u0131nda Kanal D ekranlar\u0131nda yay\u0131nlanan \u201cSihirli Annem\u201d dizisi, film versiyonuyla izleyici ile bulu\u015fmaya haz\u0131rlan\u0131yor.<\/p>\n<p>Yay\u0131nland\u0131\u011f\u0131 d\u00f6neme damga vuran ve geni\u015f bir izleyici kitlesine sahip olan Sihirli Annem dizisi, g\u00fcn\u00fcm\u00fczde yo\u011fun bir ilgiyle takip edilmeye devam ediyor. \u015eimdilerde beyazperdeye aktar\u0131lmaya haz\u0131rlanan dizi, orijinal oyuncu kadrosuyla seyirci kar\u015f\u0131s\u0131na \u00e7\u0131kacak.<\/p>\n<p><img loading=\"lazy\" decoding=\"async\" class=\"alignnone wp-image-158025\" src=\"https:\/\/www.tgrthaber.com\/mavikadin\/wp-content\/uploads\/Sihirli-Annem-1024x576.jpg\" alt=\"Y\u0131llar sonra yeniden bir araya geldiler! Sihirli Annem filminin setinden ilk kare yay\u0131nland\u0131\" width=\"1208\" height=\"680\" title=\"\" srcset=\"https:\/\/www.tgrthaber.com\/mavikadin\/wp-content\/uploads\/Sihirli-Annem-1024x576.jpg 1024w, https:\/\/www.tgrthaber.com\/mavikadin\/wp-content\/uploads\/Sihirli-Annem-300x169.jpg 300w, https:\/\/www.tgrthaber.com\/mavikadin\/wp-content\/uploads\/Sihirli-Annem-768x432.jpg 768w, https:\/\/www.tgrthaber.com\/mavikadin\/wp-content\/uploads\/Sihirli-Annem-1536x864.jpg 1536w, https:\/\/www.tgrthaber.com\/mavikadin\/wp-content\/uploads\/Sihirli-Annem.jpg 1600w\" sizes=\"(max-width: 1208px) 100vw, 1208px\" \/><\/p>\n<hr \/>\n<p>Ge\u00e7ti\u011fimiz y\u0131llarda yepyeni bir kadroyla \u00e7ekilen ve dijital platformda yay\u0131nlanan Sihirli Annem dizisi, bu kez eski kadrosuyla birlikte film olarak izleyici ile bulu\u015fmaya geliyor.<\/p>\n<p>Filmde unutulmaz isimler; \u0130nci T\u00fcrkay, \u015eahap Say\u0131lgan, Nevra Serezli, G\u00fcl Onat, Ay\u015fen \u0130nci, S\u00fceda \u00c7il, Jess Molho, Tiraje Ba\u015faran Damla Ersuba\u015f\u0131, Jennifer Boyner, Gizem G\u00fcven ve Zeynep \u00d6zkaya rol al\u0131yor. Dizinin eski oyuncu kadrosu 22 y\u0131l aran\u0131n ard\u0131ndan yeniden bir araya geldi.<\/p>\n<p><img loading=\"lazy\" decoding=\"async\" class=\"alignnone wp-image-158026\" src=\"https:\/\/www.tgrthaber.com\/mavikadin\/wp-content\/uploads\/Sihirli-Annem-1-2-1024x576.jpg\" alt=\"Y\u0131llar sonra yeniden bir araya geldiler! Sihirli Annem filminin setinden ilk kare yay\u0131nland\u0131\" width=\"1208\" height=\"680\" title=\"\" srcset=\"https:\/\/www.tgrthaber.com\/mavikadin\/wp-content\/uploads\/Sihirli-Annem-1-2-1024x576.jpg 1024w, https:\/\/www.tgrthaber.com\/mavikadin\/wp-content\/uploads\/Sihirli-Annem-1-2-300x169.jpg 300w, https:\/\/www.tgrthaber.com\/mavikadin\/wp-content\/uploads\/Sihirli-Annem-1-2-768x432.jpg 768w, https:\/\/www.tgrthaber.com\/mavikadin\/wp-content\/uploads\/Sihirli-Annem-1-2-1536x864.jpg 1536w, https:\/\/www.tgrthaber.com\/mavikadin\/wp-content\/uploads\/Sihirli-Annem-1-2.jpg 1600w\" sizes=\"(max-width: 1208px) 100vw, 1208px\" \/><\/p>\n<hr \/>\n<h3>S\u0130H\u0130RL\u0130 ANNEM F\u0130LM\u0130N\u0130N SET\u0130NDEN \u0130LK KARE YAYINLANDI!<\/h3>\n<p>\u0130zleyicinin merakla bekledi\u011fi Sihirli Annem filminin setinden ilk kare yay\u0131nland\u0131. Sihirli Annem dizisinde \u201cPerihan\u201d karakterini oynayan \u201cG\u00fcl Onat\u201d setten ilk kareyi payla\u015ft\u0131. 22 y\u0131l sonra bir araya gelen ekibin mutlulu\u011fu ise y\u00fczlerinden okundu. \u00c7ekimlerine ba\u015flanan ve b\u00fcy\u00fck bir merakla beklenen filmin ilk set karesi yo\u011fun ilgi g\u00f6rd\u00fc.<\/p>\n<p>\u0130\u015fte Sihirli Annem filminin setinden ilk kare&#8230;<\/p>\n<p><img loading=\"lazy\" decoding=\"async\" class=\"alignnone wp-image-158027\" src=\"https:\/\/www.tgrthaber.com\/mavikadin\/wp-content\/uploads\/Sihirli-Annem-2-1-1024x576.jpg\" alt=\"Y\u0131llar sonra yeniden bir araya geldiler! Sihirli Annem filminin setinden ilk kare yay\u0131nland\u0131\" width=\"1208\" height=\"680\" title=\"\" srcset=\"https:\/\/www.tgrthaber.com\/mavikadin\/wp-content\/uploads\/Sihirli-Annem-2-1-1024x576.jpg 1024w, https:\/\/www.tgrthaber.com\/mavikadin\/wp-content\/uploads\/Sihirli-Annem-2-1-300x169.jpg 300w, https:\/\/www.tgrthaber.com\/mavikadin\/wp-content\/uploads\/Sihirli-Annem-2-1-768x432.jpg 768w, https:\/\/www.tgrthaber.com\/mavikadin\/wp-content\/uploads\/Sihirli-Annem-2-1-1536x864.jpg 1536w, https:\/\/www.tgrthaber.com\/mavikadin\/wp-content\/uploads\/Sihirli-Annem-2-1.jpg 1600w\" sizes=\"(max-width: 1208px) 100vw, 1208px\" \/><\/p>\n<hr \/>\n<p>\u015eimdilerde film olarak seyirci kar\u015f\u0131s\u0131na \u00e7\u0131kacak Sihirli Annem projesinin ilk set karesinde; uzun zamand\u0131r Londra&#8217;da ya\u015fayan \u0130nci T\u00fcrkay, Gizem G\u00fcven, Zeynep \u00d6zkaya, Jennifer Boyner, Nevra Serezli ve G\u00fcl Onat yer ald\u0131.<\/p>\n","protected":false},"excerpt":{"rendered":"<p>Yay\u0131nland\u0131\u011f\u0131 d\u00f6neme damga vuran Sihirli Annem dizisinin film versiyonu seyirci ile bulu\u015fmaya haz\u0131rlan\u0131yor. Orijinal oyuncu kadrosuyla izleyici kar\u015f\u0131s\u0131na \u00e7\u0131kamaya haz\u0131rlanan ekip, 22 y\u0131l sonra yeniden bir araya geldi. Sihirli Annem filminin setinden ilk kare yay\u0131nland\u0131. \u0130\u015fte detaylar\u2026<\/p>\n","protected":false},"author":26,"featured_media":158024,"comment_status":"closed","ping_status":"closed","sticky":false,"template":"","format":"standard","meta":{"rank_math_lock_modified_date":false,"footnotes":""},"categories":[76],"tags":[133,2218,3680,14068,16948],"class_list":["post-158017","post","type-post","status-publish","format-standard","has-post-thumbnail","hentry","category-magazin","tag-magazin","tag-magazin-haberleri","tag-sihirli-annem","tag-sihirli-annem-film","tag-sihirli-annem-filmi-set"],"_links":{"self":[{"href":"https:\/\/www.tgrthaber.com\/mavikadin\/wp-json\/wp\/v2\/posts\/158017"}],"collection":[{"href":"https:\/\/www.tgrthaber.com\/mavikadin\/wp-json\/wp\/v2\/posts"}],"about":[{"href":"https:\/\/www.tgrthaber.com\/mavikadin\/wp-json\/wp\/v2\/types\/post"}],"author":[{"embeddable":true,"href":"https:\/\/www.tgrthaber.com\/mavikadin\/wp-json\/wp\/v2\/users\/26"}],"replies":[{"embeddable":true,"href":"https:\/\/www.tgrthaber.com\/mavikadin\/wp-json\/wp\/v2\/comments?post=158017"}],"version-history":[{"count":2,"href":"https:\/\/www.tgrthaber.com\/mavikadin\/wp-json\/wp\/v2\/posts\/158017\/revisions"}],"predecessor-version":[{"id":158029,"href":"https:\/\/www.tgrthaber.com\/mavikadin\/wp-json\/wp\/v2\/posts\/158017\/revisions\/158029"}],"wp:featuredmedia":[{"embeddable":true,"href":"https:\/\/www.tgrthaber.com\/mavikadin\/wp-json\/wp\/v2\/media\/158024"}],"wp:attachment":[{"href":"https:\/\/www.tgrthaber.com\/mavikadin\/wp-json\/wp\/v2\/media?parent=158017"}],"wp:term":[{"taxonomy":"category","embeddable":true,"href":"https:\/\/www.tgrthaber.com\/mavikadin\/wp-json\/wp\/v2\/categories?post=158017"},{"taxonomy":"post_tag","embeddable":true,"href":"https:\/\/www.tgrthaber.com\/mavikadin\/wp-json\/wp\/v2\/tags?post=158017"}],"curies":[{"name":"wp","href":"https:\/\/api.w.org\/{rel}","templated":true}]}}