{"id":158030,"date":"2025-04-06T17:05:50","date_gmt":"2025-04-06T14:05:50","guid":{"rendered":"https:\/\/www.tgrthaber.com\/mavikadin\/?p=158030"},"modified":"2025-04-06T17:05:50","modified_gmt":"2025-04-06T14:05:50","slug":"bu-aksam-teskilat-dizisi-var-mi-teskilat-dizisinin-6-nisan-bolumunde-aybuke-pusat-olacak-mi","status":"publish","type":"post","link":"https:\/\/www.tgrthaber.com\/mavikadin\/bu-aksam-teskilat-dizisi-var-mi-teskilat-dizisinin-6-nisan-bolumunde-aybuke-pusat-olacak-mi\/","title":{"rendered":"Bu ak\u015fam Te\u015fkilat dizisi var m\u0131? Te\u015fkilat dizisinin 6 Nisan b\u00f6l\u00fcm\u00fcnde Ayb\u00fcke Pusat olacak m\u0131?"},"content":{"rendered":"<p>TRT 1 ekranlar\u0131n\u0131n reyting rekortmeni dizisi Te\u015fkilat, yay\u0131nland\u0131\u011f\u0131 g\u00fcnden bu yana b\u00fcy\u00fck bir ilgiyle takip ediliyor. 5 sezondur yo\u011fun bir izleyici kitlesiyle pop\u00fclerli\u011fini art\u0131rmaya devam eden Te\u015fkilat dizisi, konusu ve g\u00fc\u00e7l\u00fc oyuncu kadrosuyla da dikkatleri \u00fczerine \u00e7ekiyor. Son olarak dizide Neslihan karakterini oynayan Ayb\u00fcke Pusat\u2019\u0131n Te\u015fkilat kadrosundan \u00e7\u0131kar\u0131lmas\u0131yla birlikte dizinin bu ak\u015fam yay\u0131nlan\u0131p yay\u0131nlanmayaca\u011f\u0131 merak ediliyor. \u00a0Bayram tatiline giren dizilerin ekranlara ne zaman d\u00f6nece\u011fi de merakla ara\u015ft\u0131r\u0131l\u0131yor. Peki, Te\u015fkilat dizisi bu ak\u015fam var m\u0131? Te\u015fkilat dizisinin 6 Nisan b\u00f6l\u00fcm\u00fcnde Ayb\u00fcke Pusat olacak m\u0131? \u0130\u015fte Te\u015fkilat dizisinin yeni b\u00f6l\u00fcm\u00fcn\u00fcn yay\u0131nlan\u0131p yay\u0131nlanmayaca\u011f\u0131na dair detaylar\u2026<\/p>\n<h3>BU AK\u015eAM TE\u015eK\u0130LAT D\u0130Z\u0130S\u0130 VAR MI?<\/h3>\n<p>TRT 1 ekranlar\u0131nda seyirci kar\u015f\u0131s\u0131na \u00e7\u0131kan Te\u015fkilat dizisi, konusu ve g\u00fc\u00e7l\u00fc oyuncu kadrosuyla dikkat \u00e7ekmeye devam ediyor. 5 sezondur b\u00fcy\u00fck bir ilgiyle takip edilen dizi, reytinglerde rekor k\u0131rmaya devam ediyor.<\/p>\n<p>Pazar ak\u015famlar\u0131n\u0131n vazge\u00e7ilmez dizileri aras\u0131nda yer alan Te\u015fkilat hem televizyon izleyicileri hem de sosyal medya kullan\u0131c\u0131lar\u0131 taraf\u0131ndan merakla ara\u015ft\u0131r\u0131l\u0131yor.<\/p>\n<p><img loading=\"lazy\" decoding=\"async\" class=\"alignnone wp-image-158032\" src=\"https:\/\/www.tgrthaber.com\/mavikadin\/wp-content\/uploads\/Teskilat-dizi-3-1-1024x576.jpg\" alt=\"Bu ak\u015fam Te\u015fkilat dizisi var m\u0131? Te\u015fkilat dizisinin 6 Nisan b\u00f6l\u00fcm\u00fcnde Ayb\u00fcke Pusat olacak m\u0131?\" width=\"1208\" height=\"680\" title=\"\" srcset=\"https:\/\/www.tgrthaber.com\/mavikadin\/wp-content\/uploads\/Teskilat-dizi-3-1-1024x576.jpg 1024w, https:\/\/www.tgrthaber.com\/mavikadin\/wp-content\/uploads\/Teskilat-dizi-3-1-300x169.jpg 300w, https:\/\/www.tgrthaber.com\/mavikadin\/wp-content\/uploads\/Teskilat-dizi-3-1-768x432.jpg 768w, https:\/\/www.tgrthaber.com\/mavikadin\/wp-content\/uploads\/Teskilat-dizi-3-1-1536x864.jpg 1536w, https:\/\/www.tgrthaber.com\/mavikadin\/wp-content\/uploads\/Teskilat-dizi-3-1.jpg 1600w\" sizes=\"(max-width: 1208px) 100vw, 1208px\" \/><\/p>\n<hr \/>\n<p>Ge\u00e7ti\u011fimiz hafta bayram tatili nedeniyle ekranlara gelmeyen\u00a0Te\u015fkilat dizisinin bu ak\u015fam yay\u0131nlan\u0131p yay\u0131nlanmayaca\u011f\u0131 merakla ara\u015ft\u0131r\u0131l\u0131yor. \u00c7e\u015fitli ayr\u0131l\u0131klar\u0131n ya\u015fand\u0131\u011f\u0131 dizi, son zamanlarda g\u00fcndemden d\u00fc\u015fmek bilmiyor. \u0130zleyicilerinin b\u00fcy\u00fck bir heyecanla bekledi\u011fi Te\u015fkilat dizisinde bayram tatili sona erdi.<\/p>\n<p>TRT 1 ekranlar\u0131n\u0131n sevilen dizisi Te\u015fkilat\u2019\u0131n yeni b\u00f6l\u00fcm\u00fc bu ak\u015fam ekranlara gelecek. 138. b\u00f6l\u00fcm\u00fcyle 6 Nisan Pazar 2025 ak\u015fam\u0131 ekranlara gelecek olan dizi, heyecan dolu yeni b\u00f6l\u00fcm\u00fcyle\u00a0TRT 1 ekranlar\u0131nda yay\u0131nlanacak. Te\u015fkilat dizisinin 138. b\u00f6l\u00fcm\u00fcn\u00fc izlemek isteyenler saat 20.00\u2019da TRT 1 ekranlar\u0131ndan ula\u015fabilecek. Te\u015fkilat yeni b\u00f6l\u00fcm\u00fc 6 Nisan Pazar 2025 saat 20.00\u2019da TRT 1 ekranlar\u0131nda seyirci ile bulu\u015facak.<\/p>\n<p><img loading=\"lazy\" decoding=\"async\" class=\"alignnone wp-image-158033\" src=\"https:\/\/www.tgrthaber.com\/mavikadin\/wp-content\/uploads\/Teskilat-dizi-4-1-1024x576.jpg\" alt=\"Bu ak\u015fam Te\u015fkilat dizisi var m\u0131? Te\u015fkilat dizisinin 6 Nisan b\u00f6l\u00fcm\u00fcnde Ayb\u00fcke Pusat olacak m\u0131?\" width=\"1208\" height=\"680\" title=\"\" srcset=\"https:\/\/www.tgrthaber.com\/mavikadin\/wp-content\/uploads\/Teskilat-dizi-4-1-1024x576.jpg 1024w, https:\/\/www.tgrthaber.com\/mavikadin\/wp-content\/uploads\/Teskilat-dizi-4-1-300x169.jpg 300w, https:\/\/www.tgrthaber.com\/mavikadin\/wp-content\/uploads\/Teskilat-dizi-4-1-768x432.jpg 768w, https:\/\/www.tgrthaber.com\/mavikadin\/wp-content\/uploads\/Teskilat-dizi-4-1-1536x864.jpg 1536w, https:\/\/www.tgrthaber.com\/mavikadin\/wp-content\/uploads\/Teskilat-dizi-4-1.jpg 1600w\" sizes=\"(max-width: 1208px) 100vw, 1208px\" \/><\/p>\n<hr \/>\n<h3>TE\u015eK\u0130LAT D\u0130Z\u0130S\u0130N\u0130N 6 N\u0130SAN B\u00d6L\u00dcM\u00dcNDE AYB\u00dcKE PUSAT OLACAK MI?<\/h3>\n<p>Ge\u00e7ti\u011fimiz g\u00fcnlerde yapt\u0131\u011f\u0131 boykot \u00e7a\u011fr\u0131s\u0131 nedeniyle Te\u015fkilat dizisinin oyuncu kadrosundan \u00e7\u0131kar\u0131lan Ayb\u00fcke Pusat\u2019\u0131n, 6 Nisan Pazar bu ak\u015fam yay\u0131nlanacak olan b\u00f6l\u00fcm\u00fcnde yer al\u0131p almayaca\u011f\u0131 merak ediliyor. Son olarak dizide Neslihan karakterini oynayan Ayb\u00fcke Pusat\u2019\u0131n Te\u015fkilat kadrosundan \u00e7\u0131kar\u0131lmas\u0131yla birlikte dizinin bu ak\u015famki b\u00f6l\u00fcm\u00fcnde olup olmayaca\u011f\u0131 ara\u015ft\u0131r\u0131l\u0131yor.<\/p>\n<p><img loading=\"lazy\" decoding=\"async\" class=\"alignnone wp-image-158035\" src=\"https:\/\/www.tgrthaber.com\/mavikadin\/wp-content\/uploads\/Teskilat-dizi-1-1-1024x576.jpg\" alt=\"Bu ak\u015fam Te\u015fkilat dizisi var m\u0131? Te\u015fkilat dizisinin 6 Nisan b\u00f6l\u00fcm\u00fcnde Ayb\u00fcke Pusat olacak m\u0131?\" width=\"1208\" height=\"680\" title=\"\" srcset=\"https:\/\/www.tgrthaber.com\/mavikadin\/wp-content\/uploads\/Teskilat-dizi-1-1-1024x576.jpg 1024w, https:\/\/www.tgrthaber.com\/mavikadin\/wp-content\/uploads\/Teskilat-dizi-1-1-300x169.jpg 300w, https:\/\/www.tgrthaber.com\/mavikadin\/wp-content\/uploads\/Teskilat-dizi-1-1-768x432.jpg 768w, https:\/\/www.tgrthaber.com\/mavikadin\/wp-content\/uploads\/Teskilat-dizi-1-1-1536x864.jpg 1536w, https:\/\/www.tgrthaber.com\/mavikadin\/wp-content\/uploads\/Teskilat-dizi-1-1.jpg 1600w\" sizes=\"(max-width: 1208px) 100vw, 1208px\" \/><\/p>\n<hr \/>\n<p>Te\u015fkilat dizisinin yap\u0131m\u0131n\u0131 \u00fcstlenen Tims&amp;B Productions\u2019un konuyla ilgili yapt\u0131\u011f\u0131 a\u00e7\u0131klamada, Neslihan karakteriyle izleyici kar\u015f\u0131s\u0131na \u00e7\u0131kan Ayb\u00fcke Pusat\u2019\u0131n diziden \u00e7\u0131kar\u0131ld\u0131\u011f\u0131 do\u011frulanm\u0131\u015ft\u0131. Fakat Ayb\u00fcke Pusat\u2019\u0131n daha \u00f6nce \u00e7ekilmi\u015f olan stok b\u00f6l\u00fcmlerindeki sahnelerin yay\u0131nlanmaya devam edece\u011fi belirtildi.<\/p>\n<p><img loading=\"lazy\" decoding=\"async\" class=\"alignnone wp-image-158036\" src=\"https:\/\/www.tgrthaber.com\/mavikadin\/wp-content\/uploads\/Teskilat-dizi-5-1024x576.jpg\" alt=\"Bu ak\u015fam Te\u015fkilat dizisi var m\u0131? Te\u015fkilat dizisinin 6 Nisan b\u00f6l\u00fcm\u00fcnde Ayb\u00fcke Pusat olacak m\u0131?\" width=\"1208\" height=\"680\" title=\"\" srcset=\"https:\/\/www.tgrthaber.com\/mavikadin\/wp-content\/uploads\/Teskilat-dizi-5-1024x576.jpg 1024w, https:\/\/www.tgrthaber.com\/mavikadin\/wp-content\/uploads\/Teskilat-dizi-5-300x169.jpg 300w, https:\/\/www.tgrthaber.com\/mavikadin\/wp-content\/uploads\/Teskilat-dizi-5-768x432.jpg 768w, https:\/\/www.tgrthaber.com\/mavikadin\/wp-content\/uploads\/Teskilat-dizi-5-1536x864.jpg 1536w, https:\/\/www.tgrthaber.com\/mavikadin\/wp-content\/uploads\/Teskilat-dizi-5.jpg 1600w\" sizes=\"(max-width: 1208px) 100vw, 1208px\" \/><\/p>\n<hr \/>\n<p>Bu sahnelerde herhangi bir kesinti yap\u0131lmayaca\u011f\u0131 fakat dizinin genel hikayesinde baz\u0131 de\u011fi\u015fikliklerin g\u00fcndeme gelebilece\u011fi de bildirildi. Ayb\u00fcke Pusat 6 Nisan Pazar bu ak\u015fam yay\u0131nlanacak olan Te\u015fkilat dizisinin b\u00f6l\u00fcm\u00fcnde yer alacak. Ancak Ayb\u00fcke Pusat\u2019\u0131n ilerleyen b\u00f6l\u00fcmlerde dizide yer al\u0131p almayaca\u011f\u0131 ise belirsizli\u011fini koruyor.<\/p>\n","protected":false},"excerpt":{"rendered":"<p>TRT 1 ekranlar\u0131n\u0131n b\u00fcy\u00fck bir ilgiyle takip edilen dizisi Te\u015fkilat\u2019\u0131n bu ak\u015fam olup olmad\u0131\u011f\u0131 merak ediliyor. Bayram tatiline giren dizilerin ekranlara ne zaman d\u00f6nece\u011fi merakla ara\u015ft\u0131r\u0131l\u0131yor. B\u00fcy\u00fck bir be\u011feniyle takip edilen diziler aras\u0131nda ise Te\u015fkilat bulunuyor. Peki, Te\u015fkilat dizisi bu ak\u015fam var m\u0131? Te\u015fkilat dizisinin 6 Nisan b\u00f6l\u00fcm\u00fcnde Ayb\u00fcke Pusat olacak m\u0131? \u0130\u015fte detaylar\u2026<\/p>\n","protected":false},"author":26,"featured_media":158031,"comment_status":"closed","ping_status":"closed","sticky":false,"template":"","format":"standard","meta":{"rank_math_lock_modified_date":false,"footnotes":""},"categories":[602],"tags":[2806,2628,840,16080,16328,13594,5608],"class_list":["post-158030","post","type-post","status-publish","format-standard","has-post-thumbnail","hentry","category-diziler","tag-aybuke-pusat","tag-dizi-haberleri","tag-teskilat","tag-teskilat-138-bolum","tag-teskilat-aybuke-pusat-ayriligi","tag-teskilat-dizi","tag-teskilat-dizisi"],"_links":{"self":[{"href":"https:\/\/www.tgrthaber.com\/mavikadin\/wp-json\/wp\/v2\/posts\/158030"}],"collection":[{"href":"https:\/\/www.tgrthaber.com\/mavikadin\/wp-json\/wp\/v2\/posts"}],"about":[{"href":"https:\/\/www.tgrthaber.com\/mavikadin\/wp-json\/wp\/v2\/types\/post"}],"author":[{"embeddable":true,"href":"https:\/\/www.tgrthaber.com\/mavikadin\/wp-json\/wp\/v2\/users\/26"}],"replies":[{"embeddable":true,"href":"https:\/\/www.tgrthaber.com\/mavikadin\/wp-json\/wp\/v2\/comments?post=158030"}],"version-history":[{"count":2,"href":"https:\/\/www.tgrthaber.com\/mavikadin\/wp-json\/wp\/v2\/posts\/158030\/revisions"}],"predecessor-version":[{"id":158038,"href":"https:\/\/www.tgrthaber.com\/mavikadin\/wp-json\/wp\/v2\/posts\/158030\/revisions\/158038"}],"wp:featuredmedia":[{"embeddable":true,"href":"https:\/\/www.tgrthaber.com\/mavikadin\/wp-json\/wp\/v2\/media\/158031"}],"wp:attachment":[{"href":"https:\/\/www.tgrthaber.com\/mavikadin\/wp-json\/wp\/v2\/media?parent=158030"}],"wp:term":[{"taxonomy":"category","embeddable":true,"href":"https:\/\/www.tgrthaber.com\/mavikadin\/wp-json\/wp\/v2\/categories?post=158030"},{"taxonomy":"post_tag","embeddable":true,"href":"https:\/\/www.tgrthaber.com\/mavikadin\/wp-json\/wp\/v2\/tags?post=158030"}],"curies":[{"name":"wp","href":"https:\/\/api.w.org\/{rel}","templated":true}]}}