{"id":158034,"date":"2025-04-06T17:47:32","date_gmt":"2025-04-06T14:47:32","guid":{"rendered":"https:\/\/www.tgrthaber.com\/mavikadin\/?p=158034"},"modified":"2025-04-06T17:47:32","modified_gmt":"2025-04-06T14:47:32","slug":"buyuk-umutlar-yarim-kaldi-bir-zamanlar-istanbul-final-karari-mi-aldi","status":"publish","type":"post","link":"https:\/\/www.tgrthaber.com\/mavikadin\/buyuk-umutlar-yarim-kaldi-bir-zamanlar-istanbul-final-karari-mi-aldi\/","title":{"rendered":"B\u00fcy\u00fck umutlar yar\u0131m kald\u0131! Bir Zamanlar \u0130stanbul final karar\u0131 m\u0131 ald\u0131?"},"content":{"rendered":"<p>TRT 1&#8217;in b\u00fcy\u00fck beklentilerle yay\u0131n hayat\u0131na ba\u015flayan dizisiyle ilgili s\u00fcrpriz bir iddia ortaya at\u0131ld\u0131. \u0130zleyicilerin heyecanla takip etti\u011fi, sevilen dizi \u015fimdi beklenmedik bir geli\u015fmeyle g\u00fcndemde.<\/p>\n<h3>B\u0130R ZAMANLAR \u0130STANBUL F\u0130NAL M\u0130 OLUYOR?<\/h3>\n<p>TRT 1\u2019in d\u00f6nem dizisi olarak ekrana ta\u015f\u0131d\u0131\u011f\u0131 Bir Zamanlar \u0130stanbul, ilk b\u00f6l\u00fcm\u00fcyle nostaljik havas\u0131, g\u00fc\u00e7l\u00fc oyunculuklar\u0131 ve dramatik hikayesiyle dikkatleri \u00fczerine \u00e7ekmi\u015fti. 90\u2019l\u0131 y\u0131llar\u0131n \u0130stanbul\u2019unda ge\u00e7en yap\u0131m, ge\u00e7mi\u015fle hesapla\u015fma ve adalet m\u00fccadelesini merkezine al\u0131yor. Ancak dizi, beklendi\u011fi gibi uzun soluklu bir proje olma yolunda ilerlemiyor gibi g\u00f6r\u00fcn\u00fcyor.<\/p>\n<p><img loading=\"lazy\" decoding=\"async\" class=\"alignnone wp-image-158064\" src=\"https:\/\/www.tgrthaber.com\/mavikadin\/wp-content\/uploads\/4-528.png\" alt=\"\" width=\"1208\" height=\"680\" title=\"\" srcset=\"https:\/\/www.tgrthaber.com\/mavikadin\/wp-content\/uploads\/4-528.png 1280w, https:\/\/www.tgrthaber.com\/mavikadin\/wp-content\/uploads\/4-528-300x169.png 300w, https:\/\/www.tgrthaber.com\/mavikadin\/wp-content\/uploads\/4-528-1024x576.png 1024w, https:\/\/www.tgrthaber.com\/mavikadin\/wp-content\/uploads\/4-528-768x432.png 768w\" sizes=\"(max-width: 1208px) 100vw, 1208px\" \/><\/p>\n<hr \/>\n<h3>F\u0130NAL \u0130DD\u0130ASI G\u00dcNDEMDE<\/h3>\n<p>Son g\u00fcnlerde dizinin beklenenden erken sona erece\u011fine dair iddialar, sosyal medyada h\u0131zla yay\u0131ld\u0131. Reytinglerde beklenen ba\u015far\u0131y\u0131 elde edemedi\u011fi konu\u015fulan dizinin, ekran \u00f6mr\u00fcn\u00fcn k\u0131sa s\u00fcrebilece\u011fi konu\u015fuluyor. Resmi bir a\u00e7\u0131klama gelmemi\u015f olsa da kulislerde dizinin final karar\u0131 ald\u0131\u011f\u0131na dair s\u00f6ylentiler g\u00fc\u00e7 kazanm\u0131\u015f durumda.<\/p>\n<h3>B\u0130R ZAMANLAR \u0130STANBUL D\u0130Z\u0130 KONUSU NED\u0130R?<\/h3>\n<p>Bir Zamanlar \u0130stanbul, \u0130stanbul \u00dcniversitesi Edebiyat Fak\u00fcltesi \u00f6\u011frencisi Ali\u2019nin \u00f6\u011fretmenlik hayaliyle ba\u015flad\u0131\u011f\u0131 yolculu\u011fun, ailesine yap\u0131lan ac\u0131mas\u0131z bir sald\u0131r\u0131yla tamamen de\u011fi\u015fmesini konu al\u0131yor. Ailesi karanl\u0131k bir \u00e7ete taraf\u0131ndan hedef al\u0131n\u0131nca, Ali, adaleti sa\u011flamak i\u00e7in kendi yoluna giriyor.<\/p>\n<p><img loading=\"lazy\" decoding=\"async\" class=\"alignnone size-full wp-image-158062\" src=\"https:\/\/www.tgrthaber.com\/mavikadin\/wp-content\/uploads\/2-647.png\" alt=\"\" width=\"1280\" height=\"720\" title=\"\" srcset=\"https:\/\/www.tgrthaber.com\/mavikadin\/wp-content\/uploads\/2-647.png 1280w, https:\/\/www.tgrthaber.com\/mavikadin\/wp-content\/uploads\/2-647-300x169.png 300w, https:\/\/www.tgrthaber.com\/mavikadin\/wp-content\/uploads\/2-647-1024x576.png 1024w, https:\/\/www.tgrthaber.com\/mavikadin\/wp-content\/uploads\/2-647-768x432.png 768w\" sizes=\"(max-width: 1280px) 100vw, 1280px\" \/><\/p>\n<hr \/>\n<p>Bu zorlu s\u00fcre\u00e7te, ba\u015fka bir b\u00f6l\u00fcmde okuyan Seher\u2019le yollar\u0131 kesi\u015fiyor. \u00dcniversitede bir m\u00fcnazara s\u0131ras\u0131nda tan\u0131\u015fan ikili, zamanla sadece birbirlerine de\u011fil, ayn\u0131 zamanda verdikleri adalet m\u00fccadelesine de ba\u011flan\u0131yor.<\/p>\n<h3>H\u0130KAYE G\u00dc\u00c7L\u00dcYD\u00dc AMA&#8230;<\/h3>\n<p>Dizi, d\u00f6nem atmosferi, toplumsal temalar\u0131 ve karakter derinli\u011fiyle be\u011feni toplasa da, ekran rekabetinde zorlanm\u0131\u015f gibi g\u00f6r\u00fcn\u00fcyor. \u0130zleyiciler, hik\u00e2yeyi ilgi \u00e7ekici bulsa da, yayg\u0131n izleme al\u0131\u015fkanl\u0131klar\u0131 ve dizinin a\u011f\u0131r anlat\u0131m dili bu s\u00fcreci etkileyen fakt\u00f6rlerden olabilir.<\/p>\n<p><img loading=\"lazy\" decoding=\"async\" class=\"alignnone wp-image-158063\" src=\"https:\/\/www.tgrthaber.com\/mavikadin\/wp-content\/uploads\/3-637.png\" alt=\"\" width=\"1208\" height=\"680\" title=\"\" srcset=\"https:\/\/www.tgrthaber.com\/mavikadin\/wp-content\/uploads\/3-637.png 1280w, https:\/\/www.tgrthaber.com\/mavikadin\/wp-content\/uploads\/3-637-300x169.png 300w, https:\/\/www.tgrthaber.com\/mavikadin\/wp-content\/uploads\/3-637-1024x576.png 1024w, https:\/\/www.tgrthaber.com\/mavikadin\/wp-content\/uploads\/3-637-768x432.png 768w\" sizes=\"(max-width: 1208px) 100vw, 1208px\" \/><\/p>\n<hr \/>\n<h3>F\u0130NAL M\u0130 GEL\u0130YOR?<\/h3>\n<p>Hen\u00fcz yap\u0131mc\u0131 ya da kanal taraf\u0131ndan resmi bir final a\u00e7\u0131klamas\u0131 yap\u0131lmad\u0131. Ancak dizinin yay\u0131n takviminde ya\u015fanan belirsizlikler ve son d\u00f6nemde b\u00f6l\u00fcm tan\u0131t\u0131mlar\u0131n\u0131n azalmas\u0131, bu s\u00f6ylentileri destekliyor. E\u011fer iddialar do\u011fruysa, Bir Zamanlar \u0130stanbul beklenenden \u00e7ok daha erken ekranlara veda edecek gibi duruyor.<\/p>\n<p>Dizinin ak\u0131beti netlik kazanmasa da, ya\u015fanan geli\u015fmeler Bir Zamanlar \u0130stanbul i\u00e7in b\u00fcy\u00fck umutlarla ba\u015flayan yolculu\u011fun erken son bulabilece\u011fi y\u00f6n\u00fcnde g\u00fc\u00e7l\u00fc sinyaller veriyor. \u0130zleyiciler \u015fimdi dizinin gelece\u011fiyle ilgili resmi a\u00e7\u0131klamay\u0131 bekliyor.<\/p>\n","protected":false},"excerpt":{"rendered":"<p>TRT 1 ekranlar\u0131nda yay\u0131n hayat\u0131na ba\u015flayan iddial\u0131 diziyle ilgili beklenmedik bir geli\u015fme g\u00fcndeme bomba gibi d\u00fc\u015ft\u00fc. Dizinin erken final yapaca\u011f\u0131 s\u00f6yleniyor. \u0130\u015fte detaylar&#8230;<\/p>\n","protected":false},"author":28,"featured_media":158061,"comment_status":"closed","ping_status":"closed","sticky":false,"template":"","format":"standard","meta":{"rank_math_lock_modified_date":false,"footnotes":""},"categories":[602],"tags":[3135,16956],"class_list":["post-158034","post","type-post","status-publish","format-standard","has-post-thumbnail","hentry","category-diziler","tag-bir-zamanlar-istanbul","tag-bir-zamanlar-istanbul-final-mi"],"_links":{"self":[{"href":"https:\/\/www.tgrthaber.com\/mavikadin\/wp-json\/wp\/v2\/posts\/158034"}],"collection":[{"href":"https:\/\/www.tgrthaber.com\/mavikadin\/wp-json\/wp\/v2\/posts"}],"about":[{"href":"https:\/\/www.tgrthaber.com\/mavikadin\/wp-json\/wp\/v2\/types\/post"}],"author":[{"embeddable":true,"href":"https:\/\/www.tgrthaber.com\/mavikadin\/wp-json\/wp\/v2\/users\/28"}],"replies":[{"embeddable":true,"href":"https:\/\/www.tgrthaber.com\/mavikadin\/wp-json\/wp\/v2\/comments?post=158034"}],"version-history":[{"count":2,"href":"https:\/\/www.tgrthaber.com\/mavikadin\/wp-json\/wp\/v2\/posts\/158034\/revisions"}],"predecessor-version":[{"id":158073,"href":"https:\/\/www.tgrthaber.com\/mavikadin\/wp-json\/wp\/v2\/posts\/158034\/revisions\/158073"}],"wp:featuredmedia":[{"embeddable":true,"href":"https:\/\/www.tgrthaber.com\/mavikadin\/wp-json\/wp\/v2\/media\/158061"}],"wp:attachment":[{"href":"https:\/\/www.tgrthaber.com\/mavikadin\/wp-json\/wp\/v2\/media?parent=158034"}],"wp:term":[{"taxonomy":"category","embeddable":true,"href":"https:\/\/www.tgrthaber.com\/mavikadin\/wp-json\/wp\/v2\/categories?post=158034"},{"taxonomy":"post_tag","embeddable":true,"href":"https:\/\/www.tgrthaber.com\/mavikadin\/wp-json\/wp\/v2\/tags?post=158034"}],"curies":[{"name":"wp","href":"https:\/\/api.w.org\/{rel}","templated":true}]}}