{"id":158044,"date":"2025-04-06T17:40:06","date_gmt":"2025-04-06T14:40:06","guid":{"rendered":"https:\/\/www.tgrthaber.com\/mavikadin\/?p=158044"},"modified":"2025-04-06T17:40:54","modified_gmt":"2025-04-06T14:40:54","slug":"sakir-pasa-ailesi-bu-aksam-yeni-bolum-mu-sakir-pasa-ailesi-12-bolum-ne-zaman","status":"publish","type":"post","link":"https:\/\/www.tgrthaber.com\/mavikadin\/sakir-pasa-ailesi-bu-aksam-yeni-bolum-mu-sakir-pasa-ailesi-12-bolum-ne-zaman\/","title":{"rendered":"\u015eakir Pa\u015fa Ailesi bu ak\u015fam yeni b\u00f6l\u00fcm m\u00fc? \u015eakir Pa\u015fa Ailesi 12. b\u00f6l\u00fcm ne zaman?"},"content":{"rendered":"<p>NOW TV ekranlar\u0131n\u0131n iddial\u0131 dizileri aras\u0131nda yer alan \u015eakir Pa\u015fa Ailesi: Mucizeler ve Skandallar, yay\u0131nland\u0131\u011f\u0131 g\u00fcnden bu yana b\u00fcy\u00fck bir ilgiyle takip edilmeye devam ediyor. Pazar ak\u015famlar\u0131n\u0131n vazge\u00e7ilmez dizileri aras\u0131nda yer alan dizi, konusu ve g\u00fc\u00e7l\u00fc oyuncu kadrosuyla da dikkatleri \u00fczerine \u00e7ekiyor. \u0130zleyiciler ise ak\u015fam \u015eakir Pa\u015fa Ailesi dizisinin yeni b\u00f6l\u00fcm olup olmad\u0131\u011f\u0131n\u0131 merak ediyor. Bayram tatiline giren dizilerin ekranlara ne zaman d\u00f6nece\u011fi merak edilirken, b\u00fcy\u00fck bir ilgiyle ara\u015ft\u0131r\u0131lan diziler aras\u0131nda \u015eakir Pa\u015fa Ailesi yer al\u0131yor. Peki, \u015eakir Pa\u015fa Ailesi bu ak\u015fam yeni b\u00f6l\u00fcm m\u00fc? \u015eakir Pa\u015fa Ailesi 12. b\u00f6l\u00fcm ne zaman? \u0130\u015fte \u015eakir Pa\u015fa Ailesi dizisinin bu ak\u015fam yay\u0131nlan\u0131p yay\u0131nlanmayaca\u011f\u0131na dair detaylar\u2026<\/p>\n<h3>\u015eAK\u0130R PA\u015eA A\u0130LES\u0130 BU AK\u015eAM YEN\u0130 B\u00d6L\u00dcM M\u00dc?<\/h3>\n<p>NOW TV ekranlar\u0131n\u0131n b\u00fcy\u00fck bir ilgiyle takip edilen dizisi \u015eakir Pa\u015fa Ailesi: Mucizeler ve Skandallar, yepyeni b\u00f6l\u00fcmleriyle seyirciyi ekran ba\u015f\u0131na kilitlemeye devam ediyor. Hem konusu hem de g\u00fc\u00e7l\u00fc oyuncu kadrosuyla yay\u0131nland\u0131\u011f\u0131 g\u00fcnden bu yana b\u00fcy\u00fck bir ilgi \u00e7eken dizi, izleyici taraf\u0131ndan da tam not al\u0131yor.<\/p>\n<p><img loading=\"lazy\" decoding=\"async\" class=\"alignnone wp-image-158047\" src=\"https:\/\/www.tgrthaber.com\/mavikadin\/wp-content\/uploads\/Sakir-Pasa-Ailesi-4-4-1024x576.jpg\" alt=\"\u015eakir Pa\u015fa Ailesi 12. b\u00f6l\u00fcm ne zaman?\" width=\"1208\" height=\"680\" title=\"\" srcset=\"https:\/\/www.tgrthaber.com\/mavikadin\/wp-content\/uploads\/Sakir-Pasa-Ailesi-4-4-1024x576.jpg 1024w, https:\/\/www.tgrthaber.com\/mavikadin\/wp-content\/uploads\/Sakir-Pasa-Ailesi-4-4-300x169.jpg 300w, https:\/\/www.tgrthaber.com\/mavikadin\/wp-content\/uploads\/Sakir-Pasa-Ailesi-4-4-768x432.jpg 768w, https:\/\/www.tgrthaber.com\/mavikadin\/wp-content\/uploads\/Sakir-Pasa-Ailesi-4-4-1536x864.jpg 1536w, https:\/\/www.tgrthaber.com\/mavikadin\/wp-content\/uploads\/Sakir-Pasa-Ailesi-4-4.jpg 1600w\" sizes=\"(max-width: 1208px) 100vw, 1208px\" \/><\/p>\n<hr \/>\n<p>Ge\u00e7ti\u011fimiz hafta 30 Mart 2025 ak\u015fam\u0131 bayram tatili nedeniyle ekranlara gelmeyen dizinin bu hafta yay\u0131nlan\u0131p yay\u0131nlanmayaca\u011f\u0131 ise merak ediliyor. Yay\u0131nland\u0131\u011f\u0131 g\u00fcnden bu yana bir\u00e7ok s\u0131k\u0131nt\u0131 ile kar\u015f\u0131 kar\u015f\u0131ya kalan \u015eakir Pa\u015fa Ailesi dizisinin, 12. b\u00f6l\u00fcm\u00fc bayram\u0131n ilk g\u00fcn\u00fcne denk geldi\u011fi i\u00e7in yay\u0131nlanmam\u0131\u015f ve dizi bayram tatiline \u00e7\u0131km\u0131\u015ft\u0131.<\/p>\n<p>Bayram tatilinden dolay\u0131 dizinin ge\u00e7ti\u011fimiz hafta yeni b\u00f6l\u00fcm\u00fc yay\u0131nlanmam\u0131\u015ft\u0131. Bayram tatili sona eren dizinin, bu ak\u015fam yeni b\u00f6l\u00fcm\u00fcyle izleyici kar\u015f\u0131s\u0131na \u00e7\u0131kaca\u011f\u0131 d\u00fc\u015f\u00fcn\u00fcl\u00fcyordu. Fakat yeni geli\u015fmelerle birlikte dizinin yeni b\u00f6l\u00fcm\u00fcn\u00fcn bu ak\u015fam yay\u0131nlanmayaca\u011f\u0131 \u00f6\u011frenildi.<\/p>\n<p><img loading=\"lazy\" decoding=\"async\" class=\"alignnone wp-image-158049\" src=\"https:\/\/www.tgrthaber.com\/mavikadin\/wp-content\/uploads\/Sakir-Pasa-Ailesi-3-7-1024x576.jpg\" alt=\"\u015eakir Pa\u015fa Ailesi 12. b\u00f6l\u00fcm ne zaman?\" width=\"1208\" height=\"680\" title=\"\" srcset=\"https:\/\/www.tgrthaber.com\/mavikadin\/wp-content\/uploads\/Sakir-Pasa-Ailesi-3-7-1024x576.jpg 1024w, https:\/\/www.tgrthaber.com\/mavikadin\/wp-content\/uploads\/Sakir-Pasa-Ailesi-3-7-300x169.jpg 300w, https:\/\/www.tgrthaber.com\/mavikadin\/wp-content\/uploads\/Sakir-Pasa-Ailesi-3-7-768x432.jpg 768w, https:\/\/www.tgrthaber.com\/mavikadin\/wp-content\/uploads\/Sakir-Pasa-Ailesi-3-7-1536x864.jpg 1536w, https:\/\/www.tgrthaber.com\/mavikadin\/wp-content\/uploads\/Sakir-Pasa-Ailesi-3-7.jpg 1600w\" sizes=\"(max-width: 1208px) 100vw, 1208px\" \/><\/p>\n<hr \/>\n<h3>\u015eAK\u0130R PA\u015eA A\u0130LES\u0130 12. B\u00d6L\u00dcM NE ZAMAN?<\/h3>\n<p>\u0130zleyicinin b\u00fcy\u00fck bir ilgiyle takip etti\u011fi\u00a0\u015eakir Pa\u015fa Ailesi hem televizyon izleyicilerinin hem de sosyal medya kullan\u0131c\u0131lar\u0131n\u0131n ilgisini \u00e7ekmeye devam ediyor. Tarihi konusu, kost\u00fcmleri ve g\u00fc\u00e7l\u00fc oyuncu kadrosuyla reytinglerde b\u00fcy\u00fck ba\u015far\u0131 elde eden dizinin, yeni b\u00f6l\u00fcm yay\u0131nlar\u0131 iptal edildi. Bu ak\u015fam 12. b\u00f6l\u00fcm\u00fcyle seyirci kar\u015f\u0131s\u0131na \u00e7\u0131kmas\u0131 planlanan dizide yeni bir geli\u015fme ya\u015fand\u0131.<\/p>\n<p><img loading=\"lazy\" decoding=\"async\" class=\"alignnone wp-image-158052\" src=\"https:\/\/www.tgrthaber.com\/mavikadin\/wp-content\/uploads\/Sakir-Pasa-Ailesi-6-6-1024x576.jpg\" alt=\"\u015eakir Pa\u015fa Ailesi bu ak\u015fam yeni b\u00f6l\u00fcm m\u00fc? \u015eakir Pa\u015fa Ailesi 12. b\u00f6l\u00fcm ne zaman?\" width=\"1208\" height=\"680\" title=\"\" srcset=\"https:\/\/www.tgrthaber.com\/mavikadin\/wp-content\/uploads\/Sakir-Pasa-Ailesi-6-6-1024x576.jpg 1024w, https:\/\/www.tgrthaber.com\/mavikadin\/wp-content\/uploads\/Sakir-Pasa-Ailesi-6-6-300x169.jpg 300w, https:\/\/www.tgrthaber.com\/mavikadin\/wp-content\/uploads\/Sakir-Pasa-Ailesi-6-6-768x432.jpg 768w, https:\/\/www.tgrthaber.com\/mavikadin\/wp-content\/uploads\/Sakir-Pasa-Ailesi-6-6-1536x864.jpg 1536w, https:\/\/www.tgrthaber.com\/mavikadin\/wp-content\/uploads\/Sakir-Pasa-Ailesi-6-6.jpg 1600w\" sizes=\"(max-width: 1208px) 100vw, 1208px\" \/><\/p>\n<hr \/>\n<p>Ge\u00e7ti\u011fimiz hafta bayram tatili nedeniyle yay\u0131nlanmayan dizinin 6 Nisan Pazar bu ak\u015fam 12. b\u00f6l\u00fcm\u00fcn\u00fcn yay\u0131nlanaca\u011f\u0131 s\u00f6yleniyordu. Fakat Birsen Altunta\u015f\u2019\u0131n haberine g\u00f6re; \u015eakir Pa\u015fa Ailesi dizisinin 12. b\u00f6l\u00fcm\u00fcn\u00fcn bu ak\u015fam yay\u0131nlanmamas\u0131n\u0131n sebebi d\u00fc\u015f\u00fck reklam geliri oldu.<\/p>\n<p>\u015eakir Pa\u015fa Ailesi dizisi, yay\u0131n ku\u015fa\u011f\u0131 boyunca b\u00f6l\u00fcm maliyetlerini \u00e7\u0131karabilecek kadar reklam toplayamad\u0131\u011f\u0131 sebebiyle tekrar b\u00f6l\u00fcm\u00fcyle bu ak\u015fam izleyici kar\u015f\u0131s\u0131na \u00e7\u0131kacak. Dizinin 12. b\u00f6l\u00fcm\u00fcn\u00fcn ne zaman yay\u0131nlanaca\u011f\u0131 ise belirsizli\u011fini korurken, 13 Nisan Pazar g\u00fcn\u00fc izleyici kar\u015f\u0131s\u0131na \u00e7\u0131kaca\u011f\u0131 d\u00fc\u015f\u00fcn\u00fcl\u00fcyor.<\/p>\n","protected":false},"excerpt":{"rendered":"<p>NOW TV ekranlar\u0131n\u0131n sevilen dizisi \u015eakir Pa\u015fa Ailesi: Mucizeler ve Skandallar t\u00fcm h\u0131z\u0131yla yay\u0131nlanmaya devam ediyor. Konusu ve g\u00fc\u00e7l\u00fc oyuncu kadrosuyla dikkatleri \u00fczerine \u00e7eken dizinin bu ak\u015fam yeni b\u00f6l\u00fcm\u00fcn\u00fcn yay\u0131nlan\u0131p yay\u0131nlanmayaca\u011f\u0131 merak ediliyor. Peki, \u015eakir Pa\u015fa Ailesi bu ak\u015fam yeni b\u00f6l\u00fcm m\u00fc? \u015eakir Pa\u015fa Ailesi 12. b\u00f6l\u00fcm ne zaman? \u0130\u015fte ayr\u0131nt\u0131lar\u2026<\/p>\n","protected":false},"author":26,"featured_media":158046,"comment_status":"closed","ping_status":"closed","sticky":false,"template":"","format":"standard","meta":{"rank_math_lock_modified_date":false,"footnotes":""},"categories":[602],"tags":[2628,2324,16952,15322,5365,6042],"class_list":["post-158044","post","type-post","status-publish","format-standard","has-post-thumbnail","hentry","category-diziler","tag-dizi-haberleri","tag-sakir-pasa-ailesi","tag-sakir-pasa-ailesi-12-bolum","tag-sakir-pasa-ailesi-dizi","tag-sakir-pasa-ailesi-dizisi","tag-sakir-pasa-ailesi-yeni-bolum"],"_links":{"self":[{"href":"https:\/\/www.tgrthaber.com\/mavikadin\/wp-json\/wp\/v2\/posts\/158044"}],"collection":[{"href":"https:\/\/www.tgrthaber.com\/mavikadin\/wp-json\/wp\/v2\/posts"}],"about":[{"href":"https:\/\/www.tgrthaber.com\/mavikadin\/wp-json\/wp\/v2\/types\/post"}],"author":[{"embeddable":true,"href":"https:\/\/www.tgrthaber.com\/mavikadin\/wp-json\/wp\/v2\/users\/26"}],"replies":[{"embeddable":true,"href":"https:\/\/www.tgrthaber.com\/mavikadin\/wp-json\/wp\/v2\/comments?post=158044"}],"version-history":[{"count":2,"href":"https:\/\/www.tgrthaber.com\/mavikadin\/wp-json\/wp\/v2\/posts\/158044\/revisions"}],"predecessor-version":[{"id":158055,"href":"https:\/\/www.tgrthaber.com\/mavikadin\/wp-json\/wp\/v2\/posts\/158044\/revisions\/158055"}],"wp:featuredmedia":[{"embeddable":true,"href":"https:\/\/www.tgrthaber.com\/mavikadin\/wp-json\/wp\/v2\/media\/158046"}],"wp:attachment":[{"href":"https:\/\/www.tgrthaber.com\/mavikadin\/wp-json\/wp\/v2\/media?parent=158044"}],"wp:term":[{"taxonomy":"category","embeddable":true,"href":"https:\/\/www.tgrthaber.com\/mavikadin\/wp-json\/wp\/v2\/categories?post=158044"},{"taxonomy":"post_tag","embeddable":true,"href":"https:\/\/www.tgrthaber.com\/mavikadin\/wp-json\/wp\/v2\/tags?post=158044"}],"curies":[{"name":"wp","href":"https:\/\/api.w.org\/{rel}","templated":true}]}}