{"id":158081,"date":"2025-04-06T18:40:29","date_gmt":"2025-04-06T15:40:29","guid":{"rendered":"https:\/\/www.tgrthaber.com\/mavikadin\/?p=158081"},"modified":"2025-04-06T18:40:29","modified_gmt":"2025-04-06T15:40:29","slug":"mahmut-kirmizigulun-dogum-gunu-kutlamasinda-ecem-alsandan-romantik-mesaj","status":"publish","type":"post","link":"https:\/\/www.tgrthaber.com\/mavikadin\/mahmut-kirmizigulun-dogum-gunu-kutlamasinda-ecem-alsandan-romantik-mesaj\/","title":{"rendered":"Mahmut K\u0131rm\u0131z\u0131g\u00fcl&#8217;\u00fcn do\u011fum g\u00fcn\u00fc kutlamas\u0131nda Ecem Alsan&#8217;dan romantik mesaj"},"content":{"rendered":"<p>\u00dcnl\u00fc sanat\u00e7\u0131 Mahsun K\u0131rm\u0131z\u0131g\u00fcl\u2019\u00fcn o\u011flu Mahmut K\u0131rm\u0131z\u0131g\u00fcl, son d\u00f6nemde \u00f6zel hayat\u0131yla dikkatleri \u00fczerine \u00e7ekiyor. Gen\u00e7 i\u015f insan\u0131, moda tasar\u0131mc\u0131s\u0131 Ecem Alsan ile olan ili\u015fkisini sosyal medya \u00fczerinden payla\u015ft\u0131\u011f\u0131 romantik foto\u011fraflarla duyurmu\u015ftu.<\/p>\n<h3>\u00c7\u0130FT\u0130N \u0130L\u0130\u015eK\u0130LER\u0130 NASIL BA\u015eLADI?<\/h3>\n<p>Ge\u00e7ti\u011fimiz Aral\u0131k ay\u0131nda, Ecem Alsan\u2019\u0131n sosyal medya hesab\u0131nda Mahmut K\u0131rm\u0131z\u0131g\u00fcl ile birlikte \u00e7ekildikleri bir foto\u011fraf\u0131 payla\u015fmas\u0131, \u00e7iftin ili\u015fkisini ilk kez g\u00f6zler \u00f6n\u00fcne sermi\u015fti. Alsan, bu payla\u015f\u0131m\u0131na \u201c\u0130yi ki a\u015fk\u0131m\u201d notunu d\u00fc\u015ferek duygular\u0131n\u0131 ifade etmi\u015fti.<\/p>\n<h3>DO\u011eUM G\u00dcN\u00dc KUTLAMASI<\/h3>\n<p>Son olarak, Ecem Alsan, Mahmut K\u0131rm\u0131z\u0131g\u00fcl\u2019\u00fcn do\u011fum g\u00fcn\u00fcn\u00fc de unutmad\u0131. Alsan, sosyal medya hesab\u0131n\u0131n hikaye b\u00f6l\u00fcm\u00fcnde payla\u015ft\u0131\u011f\u0131 g\u00f6nderiye \u201c\u0130yi ki a\u015fk\u0131m\u201d notunu ekleyerek sevgilisinin \u00f6zel g\u00fcn\u00fcn\u00fc kutlad\u0131.<\/p>\n<p><img loading=\"lazy\" decoding=\"async\" class=\"alignnone wp-image-158098\" src=\"https:\/\/www.tgrthaber.com\/mavikadin\/wp-content\/uploads\/3-638.png\" alt=\"\" width=\"1208\" height=\"680\" title=\"\" srcset=\"https:\/\/www.tgrthaber.com\/mavikadin\/wp-content\/uploads\/3-638.png 1280w, https:\/\/www.tgrthaber.com\/mavikadin\/wp-content\/uploads\/3-638-300x169.png 300w, https:\/\/www.tgrthaber.com\/mavikadin\/wp-content\/uploads\/3-638-1024x576.png 1024w, https:\/\/www.tgrthaber.com\/mavikadin\/wp-content\/uploads\/3-638-768x432.png 768w\" sizes=\"(max-width: 1208px) 100vw, 1208px\" \/><\/p>\n<hr \/>\n<h3>MAHMUT KIRMIZIG\u00dcL&#8217;\u00dcN HAYATI<\/h3>\n<p>Mahmut K\u0131rm\u0131z\u0131g\u00fcl, 1993 y\u0131l\u0131nda d\u00fcnyaya geldi. K\u00fc\u00e7\u00fck ya\u015flarda Galatasaray minikler tak\u0131m\u0131nda futbol oynayan Mahmut\u2019un, y\u00fczme ve futbol gibi sportif aktivitelerle ilgilendi\u011fi biliniyor. Ayr\u0131ca, I\u015f\u0131k Lisesi\u2019nin ilk\u00f6\u011fretim b\u00f6l\u00fcm\u00fcn\u00fc birincilikle tamamlad\u0131.<\/p>\n<p><img loading=\"lazy\" decoding=\"async\" class=\"alignnone wp-image-158099\" src=\"https:\/\/www.tgrthaber.com\/mavikadin\/wp-content\/uploads\/4-529.png\" alt=\"\" width=\"1208\" height=\"680\" title=\"\" srcset=\"https:\/\/www.tgrthaber.com\/mavikadin\/wp-content\/uploads\/4-529.png 1280w, https:\/\/www.tgrthaber.com\/mavikadin\/wp-content\/uploads\/4-529-300x169.png 300w, https:\/\/www.tgrthaber.com\/mavikadin\/wp-content\/uploads\/4-529-1024x576.png 1024w, https:\/\/www.tgrthaber.com\/mavikadin\/wp-content\/uploads\/4-529-768x432.png 768w\" sizes=\"(max-width: 1208px) 100vw, 1208px\" \/><\/p>\n<hr \/>\n<h3>ECEM ALSAN&#8217;IN KAR\u0130YER\u0130<\/h3>\n<p>Ecem Alsan, moda d\u00fcnyas\u0131nda tan\u0131nan bir isim olarak dikkat \u00e7ekiyor. \u00dcretken projeler ve tasar\u0131mlar\u0131yla bilinen Alsan, sosyal medyada da etkin bir \u015fekilde yer al\u0131yor. \u00d6zellikle Instagram\u2019da payla\u015ft\u0131\u011f\u0131 \u015f\u0131k ve zarif foto\u011fraflarla takip\u00e7ilerinin be\u011fenisini kazan\u0131yor.<\/p>\n<p>Sosyal medyada dola\u015fan baz\u0131 haberlere g\u00f6re, Mahmut K\u0131rm\u0131z\u0131g\u00fcl ve Ecem Alsan\u2019\u0131n ili\u015fkilerinde evlilik yolunda ilerledikleri belirtiliyor. Ancak, \u00e7iftten bu konuda resmi bir a\u00e7\u0131klama hen\u00fcz gelmedi.<\/p>\n<p><img loading=\"lazy\" decoding=\"async\" class=\"alignnone wp-image-158097\" src=\"https:\/\/www.tgrthaber.com\/mavikadin\/wp-content\/uploads\/2-648.png\" alt=\"\" width=\"1208\" height=\"680\" title=\"\" srcset=\"https:\/\/www.tgrthaber.com\/mavikadin\/wp-content\/uploads\/2-648.png 1280w, https:\/\/www.tgrthaber.com\/mavikadin\/wp-content\/uploads\/2-648-300x169.png 300w, https:\/\/www.tgrthaber.com\/mavikadin\/wp-content\/uploads\/2-648-1024x576.png 1024w, https:\/\/www.tgrthaber.com\/mavikadin\/wp-content\/uploads\/2-648-768x432.png 768w\" sizes=\"(max-width: 1208px) 100vw, 1208px\" \/><\/p>\n<hr \/>\n<p>\u00c7ift, ge\u00e7ti\u011fimiz g\u00fcnlerde Etiler\u2019deki \u2018Elbet\u2019 isimli mekandan el ele \u00e7\u0131karken g\u00f6r\u00fcnt\u00fclendi. Bu an, medyan\u0131n ilgisini \u00e7ekerken, \u00e7iftin mutlu halleri dikkatlerden ka\u00e7mad\u0131.<\/p>\n<p>Mahmut K\u0131rm\u0131z\u0131g\u00fcl ve Ecem Alsan\u2019\u0131n payla\u015f\u0131mlar\u0131, ili\u015fkilerinin ne denli samimi ve g\u00fc\u00e7l\u00fc oldu\u011funu g\u00f6steriyor. Sosyal medyada payla\u015ft\u0131klar\u0131 anlarla takip\u00e7ilerinin ilgisini \u00e7eken \u00e7ift, gelecek planlar\u0131yla da merak konusu. \u00d6n\u00fcm\u00fczdeki g\u00fcnlerde ili\u015fkileriyle ilgili daha fazla detay\u0131n ortaya \u00e7\u0131kmas\u0131 bekleniyor.<\/p>\n","protected":false},"excerpt":{"rendered":"<p>Mahsun K\u0131rm\u0131z\u0131g\u00fcl\u2019\u00fcn o\u011flu Mahmut, sevgilisi Ecem Alsan\u2019dan anlaml\u0131 bir do\u011fum g\u00fcn\u00fc mesaj\u0131 ald\u0131. Alsan, sosyal medyada \u201c\u0130yi ki a\u015fk\u0131m\u201d diyerek ili\u015fkilerine olan sevgisini payla\u015ft\u0131. \u0130\u015fte detaylar&#8230;<\/p>\n","protected":false},"author":28,"featured_media":158096,"comment_status":"closed","ping_status":"closed","sticky":false,"template":"","format":"standard","meta":{"rank_math_lock_modified_date":false,"footnotes":""},"categories":[76],"tags":[16961,16960,3603],"class_list":["post-158081","post","type-post","status-publish","format-standard","has-post-thumbnail","hentry","category-magazin","tag-ecem-alsan","tag-mahmut-kirmizigul","tag-mahsun-kirmizigul"],"_links":{"self":[{"href":"https:\/\/www.tgrthaber.com\/mavikadin\/wp-json\/wp\/v2\/posts\/158081"}],"collection":[{"href":"https:\/\/www.tgrthaber.com\/mavikadin\/wp-json\/wp\/v2\/posts"}],"about":[{"href":"https:\/\/www.tgrthaber.com\/mavikadin\/wp-json\/wp\/v2\/types\/post"}],"author":[{"embeddable":true,"href":"https:\/\/www.tgrthaber.com\/mavikadin\/wp-json\/wp\/v2\/users\/28"}],"replies":[{"embeddable":true,"href":"https:\/\/www.tgrthaber.com\/mavikadin\/wp-json\/wp\/v2\/comments?post=158081"}],"version-history":[{"count":2,"href":"https:\/\/www.tgrthaber.com\/mavikadin\/wp-json\/wp\/v2\/posts\/158081\/revisions"}],"predecessor-version":[{"id":158101,"href":"https:\/\/www.tgrthaber.com\/mavikadin\/wp-json\/wp\/v2\/posts\/158081\/revisions\/158101"}],"wp:featuredmedia":[{"embeddable":true,"href":"https:\/\/www.tgrthaber.com\/mavikadin\/wp-json\/wp\/v2\/media\/158096"}],"wp:attachment":[{"href":"https:\/\/www.tgrthaber.com\/mavikadin\/wp-json\/wp\/v2\/media?parent=158081"}],"wp:term":[{"taxonomy":"category","embeddable":true,"href":"https:\/\/www.tgrthaber.com\/mavikadin\/wp-json\/wp\/v2\/categories?post=158081"},{"taxonomy":"post_tag","embeddable":true,"href":"https:\/\/www.tgrthaber.com\/mavikadin\/wp-json\/wp\/v2\/tags?post=158081"}],"curies":[{"name":"wp","href":"https:\/\/api.w.org\/{rel}","templated":true}]}}