{"id":158087,"date":"2025-04-06T18:36:13","date_gmt":"2025-04-06T15:36:13","guid":{"rendered":"https:\/\/www.tgrthaber.com\/mavikadin\/?p=158087"},"modified":"2025-04-06T18:36:13","modified_gmt":"2025-04-06T15:36:13","slug":"kurulus-osmanin-bala-hatunu-ozge-torer-dizideki-unutamadigi-sahneyi-anlatti","status":"publish","type":"post","link":"https:\/\/www.tgrthaber.com\/mavikadin\/kurulus-osmanin-bala-hatunu-ozge-torer-dizideki-unutamadigi-sahneyi-anlatti\/","title":{"rendered":"Kurulu\u015f Osman\u2019\u0131n Bala Hatun\u2019u \u00d6zge T\u00f6rer dizideki unutamad\u0131\u011f\u0131 sahneyi anlatt\u0131!"},"content":{"rendered":"<p>Kurulu\u015f Osman dizisinde \u201cBala Hatun\u201d karakteriyle izleyici kar\u015f\u0131s\u0131na \u00e7\u0131kan \u00d6zge T\u00f6rer, dizideki unutamad\u0131\u011f\u0131 sahne hakk\u0131nda konu\u015ftu. Kurulu\u015f Osman dizisindeki ba\u015far\u0131l\u0131 performans\u0131yla dikkatleri \u00fczerine \u00e7eken \u00d6zge T\u00f6rer, ge\u00e7ti\u011fimiz g\u00fcn Bozda\u011f Platolar\u0131\u2019nda ger\u00e7ekle\u015fen s\u00f6yle\u015fide hayranlar\u0131yla bulu\u015ftu. \u0130lk projesinde b\u00fcy\u00fck bir ba\u015far\u0131 elde eden \u00d6zge T\u00f6rer, kendisine y\u00f6neltilen sorular\u0131 cevaplad\u0131. Bak\u0131n Kurulu\u015f Osman dizisinin Bala Hatun\u2019u \u00d6zge T\u00f6rer oynad\u0131\u011f\u0131 rol hakk\u0131nda neler s\u00f6yledi.<\/p>\n<h3>\u00d6ZGE T\u00d6RER KURULU\u015e OSMAN D\u0130Z\u0130S\u0130NDE UNUTAMADI\u011eI SAHNEY\u0130 ANLATTI!<\/h3>\n<p>ATV ekranlar\u0131nda izleyici kar\u015f\u0131s\u0131na \u00e7\u0131kan Kurulu\u015f Osman dizisi 6 sezondur b\u00fcy\u00fck bir ilgiyle takip edilmeye devam ediyor. Konusu ve g\u00fc\u00e7l\u00fc oyuncu kadrosuyla dikkatleri \u00fczerine \u00e7eken dizide \u201cBala Hatun\u201d karakterini oynayan \u00d6zge T\u00f6rer \u00f6n plana \u00e7\u0131k\u0131yor. \u0130lk oyunculuk deneyimini \u201cBala Hatun\u201d karakteriyle ger\u00e7ekle\u015ftiren T\u00f6rer, performans\u0131yla b\u00fcy\u00fck be\u011feni topluyor.<\/p>\n<p><img loading=\"lazy\" decoding=\"async\" class=\"alignnone wp-image-158090\" src=\"https:\/\/www.tgrthaber.com\/mavikadin\/wp-content\/uploads\/Ozge-Torer-4-1024x576.jpg\" alt=\"Kurulu\u015f Osman\u2019\u0131n Bala Hatun\u2019u \u00d6zge T\u00f6rer dizideki unutamad\u0131\u011f\u0131 sahneyi anlatt\u0131! \" width=\"1208\" height=\"680\" title=\"\" srcset=\"https:\/\/www.tgrthaber.com\/mavikadin\/wp-content\/uploads\/Ozge-Torer-4-1024x576.jpg 1024w, https:\/\/www.tgrthaber.com\/mavikadin\/wp-content\/uploads\/Ozge-Torer-4-300x169.jpg 300w, https:\/\/www.tgrthaber.com\/mavikadin\/wp-content\/uploads\/Ozge-Torer-4-768x432.jpg 768w, https:\/\/www.tgrthaber.com\/mavikadin\/wp-content\/uploads\/Ozge-Torer-4-1536x864.jpg 1536w, https:\/\/www.tgrthaber.com\/mavikadin\/wp-content\/uploads\/Ozge-Torer-4.jpg 1600w\" sizes=\"(max-width: 1208px) 100vw, 1208px\" \/><\/p>\n<hr \/>\n<p>Kurulu\u015f Osman dizisinin sevilen oyuncular\u0131 aras\u0131nda yer alan \u00d6zge T\u00f6rer, ge\u00e7ti\u011fimiz g\u00fcn Bozda\u011f Platolar\u0131\u2019nda ger\u00e7ekle\u015fen s\u00f6yle\u015fide hayranlar\u0131yla bulu\u015ftu. Kendisine y\u00f6neltilen sorular\u0131 cevaplayan T\u00f6rer, Kurulu\u015f Osman dizisinde unutamad\u0131\u011f\u0131 sahneyi \u015fu \u015fekilde anlatt\u0131:<\/p>\n<p>\u201cAlaeddin&#8217;in do\u011fum sahnesi unutulmazd\u0131. Ma\u011farada \u00e7ektik. T\u00fcm ekip o sahnenin atmosferine ve duygusuna kap\u0131ld\u0131k. Annelik benim bilmedi\u011fim ve tatmad\u0131\u011f\u0131m bir duygu ama enteresan bir \u015fekilde o sahneyi \u00e7ekerken ana\u00e7 ruhumla a\u011flamaya ba\u015flam\u0131\u015ft\u0131m. Biz de \u00e7ekim yaparken farkl\u0131 duygular\u0131m\u0131z\u0131 ke\u015ffediyoruz.\u201d<\/p>\n<p><img loading=\"lazy\" decoding=\"async\" class=\"alignnone wp-image-158091\" src=\"https:\/\/www.tgrthaber.com\/mavikadin\/wp-content\/uploads\/Ozge-Torer-6-1024x576.jpg\" alt=\"Kurulu\u015f Osman\u2019\u0131n Bala Hatun\u2019u \u00d6zge T\u00f6rer dizideki unutamad\u0131\u011f\u0131 sahneyi anlatt\u0131! \" width=\"1208\" height=\"680\" title=\"\" srcset=\"https:\/\/www.tgrthaber.com\/mavikadin\/wp-content\/uploads\/Ozge-Torer-6-1024x576.jpg 1024w, https:\/\/www.tgrthaber.com\/mavikadin\/wp-content\/uploads\/Ozge-Torer-6-300x169.jpg 300w, https:\/\/www.tgrthaber.com\/mavikadin\/wp-content\/uploads\/Ozge-Torer-6-768x432.jpg 768w, https:\/\/www.tgrthaber.com\/mavikadin\/wp-content\/uploads\/Ozge-Torer-6-1536x864.jpg 1536w, https:\/\/www.tgrthaber.com\/mavikadin\/wp-content\/uploads\/Ozge-Torer-6.jpg 1600w\" sizes=\"(max-width: 1208px) 100vw, 1208px\" \/><\/p>\n<hr \/>\n<h3>\u201c\u00c7OK \u0130Y\u0130 B\u0130R EK\u0130B\u0130M\u0130Z VAR\u201d<\/h3>\n<p>ATV ekranlar\u0131nda yay\u0131nlanan Kurulu\u015f Osman dizisinde 6 sezondur Burak \u00d6z\u00e7ivit ile ba\u015frol oynayan \u00d6zge T\u00f6rer, d\u00f6nem projesinde oynaman\u0131n \u00e7ok g\u00fczel bir deneyim oldu\u011funun alt\u0131n\u0131 \u00e7izdi. Bir\u00e7ok b\u00f6l\u00fcmde unutulmaz sahnelere imza att\u0131klar\u0131n\u0131 s\u00f6yleyen T\u00f6rer, ekibi hakk\u0131nda da konu\u015ftu.<\/p>\n<p><img loading=\"lazy\" decoding=\"async\" class=\"alignnone wp-image-158092\" src=\"https:\/\/www.tgrthaber.com\/mavikadin\/wp-content\/uploads\/Ozge-Torer-2-1-1024x576.jpg\" alt=\"Kurulu\u015f Osman\u2019\u0131n Bala Hatun\u2019u \u00d6zge T\u00f6rer dizideki unutamad\u0131\u011f\u0131 sahneyi anlatt\u0131! \" width=\"1208\" height=\"680\" title=\"\" srcset=\"https:\/\/www.tgrthaber.com\/mavikadin\/wp-content\/uploads\/Ozge-Torer-2-1-1024x576.jpg 1024w, https:\/\/www.tgrthaber.com\/mavikadin\/wp-content\/uploads\/Ozge-Torer-2-1-300x169.jpg 300w, https:\/\/www.tgrthaber.com\/mavikadin\/wp-content\/uploads\/Ozge-Torer-2-1-768x432.jpg 768w, https:\/\/www.tgrthaber.com\/mavikadin\/wp-content\/uploads\/Ozge-Torer-2-1-1536x864.jpg 1536w, https:\/\/www.tgrthaber.com\/mavikadin\/wp-content\/uploads\/Ozge-Torer-2-1.jpg 1600w\" sizes=\"(max-width: 1208px) 100vw, 1208px\" \/><\/p>\n<hr \/>\n<p>Kurulu\u015f Osman dizisinde \u201cBala Hatun\u201d karakterini oynayan \u00d6zge T\u00f6rer, \u201c\u00c7ok iyi bir ekibimiz var. \u0130lk g\u00fcnden beri keyifli ve uyum i\u00e7inde \u00e7al\u0131\u015f\u0131yoruz. Bizlerin bu kadar iyi anla\u015fmas\u0131n\u0131n da ekrana yans\u0131d\u0131\u011f\u0131n\u0131 d\u00fc\u015f\u00fcn\u00fcyoruz.\u201d ifadelerine yer verdi.<\/p>\n<h3>\u00d6ZGE T\u00d6RER BOZDA\u011e F\u0130LM PLATOSU\u2019NDA HAYRANLARIYLA BULU\u015eTU!<\/h3>\n<p>Kurulu\u015f Osman dizisi hem T\u00fcrkiye\u2019de hem de birbirinden farkl\u0131 \u00fclkelerde b\u00fcy\u00fck bir ilgi g\u00f6rmeye devam ediyor. Diziye yerli ve yabanc\u0131 izleyiciler taraf\u0131ndan ilgi git gide b\u00fcy\u00fcyerek art\u0131\u015f g\u00f6steriyor. Bozda\u011f Film Platolar\u0131\u2019nda dizinin setini izlemeye gelen bir\u00e7ok yerli ve yabanc\u0131 turist bulunuyor. Dizide Bala Hatun karakteriyle izleyici kar\u015f\u0131s\u0131na \u00e7\u0131kan \u00d6zge T\u00f6rer, ge\u00e7ti\u011fimiz g\u00fcn Bozda\u011f Platolar\u0131\u2019nda ger\u00e7ekle\u015fen s\u00f6yle\u015fide hayranlar\u0131yla bulu\u015ftu.<\/p>\n<p><img loading=\"lazy\" decoding=\"async\" class=\"alignnone wp-image-158093\" src=\"https:\/\/www.tgrthaber.com\/mavikadin\/wp-content\/uploads\/Ozge-Torer-5-1024x576.jpg\" alt=\"Kurulu\u015f Osman\u2019\u0131n Bala Hatun\u2019u \u00d6zge T\u00f6rer dizideki unutamad\u0131\u011f\u0131 sahneyi anlatt\u0131! \" width=\"1208\" height=\"680\" title=\"\" srcset=\"https:\/\/www.tgrthaber.com\/mavikadin\/wp-content\/uploads\/Ozge-Torer-5-1024x576.jpg 1024w, https:\/\/www.tgrthaber.com\/mavikadin\/wp-content\/uploads\/Ozge-Torer-5-300x169.jpg 300w, https:\/\/www.tgrthaber.com\/mavikadin\/wp-content\/uploads\/Ozge-Torer-5-768x432.jpg 768w, https:\/\/www.tgrthaber.com\/mavikadin\/wp-content\/uploads\/Ozge-Torer-5-1536x864.jpg 1536w, https:\/\/www.tgrthaber.com\/mavikadin\/wp-content\/uploads\/Ozge-Torer-5.jpg 1600w\" sizes=\"(max-width: 1208px) 100vw, 1208px\" \/><\/p>\n<hr \/>\n<p>Kar\u015f\u0131s\u0131nda kalabal\u0131k bir hayran kitlesini g\u00f6r\u00fcnce \u00e7ok mutlu olan \u00d6zge T\u00f6rer, \u015fu ifadelere yer verdi: \u201cBug\u00fcn kalabal\u0131k bir hayran kitlesini a\u011f\u0131rlad\u0131k. Hem T\u00fcrkiye&#8217;den hem de d\u00fcnyan\u0131n ba\u015fka bir ucundan gelen sevenlerimizle beraberdik. Ben de bu kadar kalabal\u0131\u011f\u0131 kar\u015f\u0131mda g\u00f6r\u00fcnce heyecanland\u0131m. \u00c7ok keyifli ve g\u00fczel ge\u00e7ti. Umar\u0131m ba\u015fka bir zaman yine bir araya geliriz. Benim i\u00e7in de mutluluk vericiydi.\u201d<\/p>\n","protected":false},"excerpt":{"rendered":"<p>Kurulu\u015f Osman dizisinde \u201cBala Hatun\u201d karakteriyle pop\u00fclerlik kazanan \u00d6zge T\u00f6rer, dizideki unutamad\u0131\u011f\u0131 sahneyi anlatt\u0131. \u0130lk projesinde b\u00fcy\u00fck bir ba\u015far\u0131 elde eden \u00d6zge T\u00f6rer, performans\u0131yla dikkat \u00e7ekmeye devam ediyor. Bak\u0131n Kurulu\u015f Osman dizisinin Bala Hatun\u2019u \u00d6zge T\u00f6rer oynad\u0131\u011f\u0131 rol hakk\u0131nda neler s\u00f6yledi. \u0130\u015fte detaylar\u2026<\/p>\n","protected":false},"author":26,"featured_media":158089,"comment_status":"closed","ping_status":"closed","sticky":false,"template":"","format":"standard","meta":{"rank_math_lock_modified_date":false,"footnotes":""},"categories":[76],"tags":[3072,3272,133,2218,3487],"class_list":["post-158087","post","type-post","status-publish","format-standard","has-post-thumbnail","hentry","category-magazin","tag-kurulus-osman","tag-kurulus-osman-bala-hatun","tag-magazin","tag-magazin-haberleri","tag-ozge-torer"],"_links":{"self":[{"href":"https:\/\/www.tgrthaber.com\/mavikadin\/wp-json\/wp\/v2\/posts\/158087"}],"collection":[{"href":"https:\/\/www.tgrthaber.com\/mavikadin\/wp-json\/wp\/v2\/posts"}],"about":[{"href":"https:\/\/www.tgrthaber.com\/mavikadin\/wp-json\/wp\/v2\/types\/post"}],"author":[{"embeddable":true,"href":"https:\/\/www.tgrthaber.com\/mavikadin\/wp-json\/wp\/v2\/users\/26"}],"replies":[{"embeddable":true,"href":"https:\/\/www.tgrthaber.com\/mavikadin\/wp-json\/wp\/v2\/comments?post=158087"}],"version-history":[{"count":2,"href":"https:\/\/www.tgrthaber.com\/mavikadin\/wp-json\/wp\/v2\/posts\/158087\/revisions"}],"predecessor-version":[{"id":158095,"href":"https:\/\/www.tgrthaber.com\/mavikadin\/wp-json\/wp\/v2\/posts\/158087\/revisions\/158095"}],"wp:featuredmedia":[{"embeddable":true,"href":"https:\/\/www.tgrthaber.com\/mavikadin\/wp-json\/wp\/v2\/media\/158089"}],"wp:attachment":[{"href":"https:\/\/www.tgrthaber.com\/mavikadin\/wp-json\/wp\/v2\/media?parent=158087"}],"wp:term":[{"taxonomy":"category","embeddable":true,"href":"https:\/\/www.tgrthaber.com\/mavikadin\/wp-json\/wp\/v2\/categories?post=158087"},{"taxonomy":"post_tag","embeddable":true,"href":"https:\/\/www.tgrthaber.com\/mavikadin\/wp-json\/wp\/v2\/tags?post=158087"}],"curies":[{"name":"wp","href":"https:\/\/api.w.org\/{rel}","templated":true}]}}