{"id":158140,"date":"2025-04-06T20:15:21","date_gmt":"2025-04-06T17:15:21","guid":{"rendered":"https:\/\/www.tgrthaber.com\/mavikadin\/?p=158140"},"modified":"2025-04-06T20:15:21","modified_gmt":"2025-04-06T17:15:21","slug":"zara-bardakci-kimdir-abdulkerim-bardakcinin-esi-zara-bardakci-nereli-kac-yasinda","status":"publish","type":"post","link":"https:\/\/www.tgrthaber.com\/mavikadin\/zara-bardakci-kimdir-abdulkerim-bardakcinin-esi-zara-bardakci-nereli-kac-yasinda\/","title":{"rendered":"Zara Bardak\u00e7\u0131 kimdir? Abdulkerim Bardak\u00e7\u0131&#8217;n\u0131n e\u015fi Zara bardak\u00e7\u0131 nereli, ka\u00e7 ya\u015f\u0131nda?"},"content":{"rendered":"<p>Galatasaray\u2019\u0131n ve Milli Tak\u0131m\u2019\u0131n ba\u015far\u0131l\u0131 futbolcusu Abd\u00fclkerim Bardak\u00e7\u0131, \u00f6zel hayat\u0131 ile de g\u00fcndem yaratmaya devam ediyor. 2023 y\u0131l\u0131nda e\u015fi Zara Bardak\u00e7\u0131 ile ilk kez bas\u0131na yans\u0131yan ikili, ge\u00e7ti\u011fimiz g\u00fcnlerde \u015eanl\u0131urfa\u2019n\u0131n Viran\u015fehir il\u00e7esinde kat\u0131ld\u0131klar\u0131 bir d\u00fc\u011f\u00fcnde nikah \u015fahidi oldu. D\u00fc\u011f\u00fcn sonras\u0131 davetlilerle birlikte halay \u00e7ekip e\u011flenen \u00e7ift, mutlu anlar\u0131n\u0131 sosyal medyada takip\u00e7ileriyle payla\u015ft\u0131. Peki, Zara Bardak\u00e7\u0131 kimdir? Nereli ve ka\u00e7 ya\u015f\u0131nda?<\/p>\n<h3>ZARA BARDAK\u00c7I K\u0130MD\u0130R?<\/h3>\n<p>Zara Bardak\u00e7\u0131, Abd\u00fclkerim Bardak\u00e7\u0131 ile 2023 y\u0131l\u0131 Mart ay\u0131nda gizlice evlendi\u011fi \u00f6\u011frenilen gen\u00e7 kad\u0131nd\u0131r. Ancak Zara, bas\u0131n mensuplar\u0131 taraf\u0131ndan yaln\u0131zca bir kez g\u00f6r\u00fcnt\u00fclenmi\u015f ve hakk\u0131nda pek fazla bilgi yer almam\u0131\u015ft\u0131r. Zara\u2019n\u0131n Kuzey Afrika k\u00f6kenli oldu\u011fu d\u00fc\u015f\u00fcn\u00fclmektedir, ancak bu konuda kesin bir bilgi bulunmamaktad\u0131r. Hakk\u0131nda detayl\u0131 bir biyografi yay\u0131mlanmam\u0131\u015f olmas\u0131, \u00f6zel ya\u015fam\u0131n\u0131 olduk\u00e7a gizli tutmay\u0131 tercih etti\u011fini g\u00f6steriyor.<\/p>\n<p><img loading=\"lazy\" decoding=\"async\" class=\"alignnone wp-image-158141\" src=\"https:\/\/www.tgrthaber.com\/mavikadin\/wp-content\/uploads\/1-614.png\" alt=\"\" width=\"1208\" height=\"680\" title=\"\" srcset=\"https:\/\/www.tgrthaber.com\/mavikadin\/wp-content\/uploads\/1-614.png 1280w, https:\/\/www.tgrthaber.com\/mavikadin\/wp-content\/uploads\/1-614-300x169.png 300w, https:\/\/www.tgrthaber.com\/mavikadin\/wp-content\/uploads\/1-614-1024x576.png 1024w, https:\/\/www.tgrthaber.com\/mavikadin\/wp-content\/uploads\/1-614-768x432.png 768w\" sizes=\"(max-width: 1208px) 100vw, 1208px\" \/><\/p>\n<hr \/>\n<h3>ZARA BARDAK\u00c7I VE ABDULKER\u0130M BARDAK\u00c7I&#8217;NIN EVL\u0130L\u0130\u011e\u0130<\/h3>\n<p>Abd\u00fclkerim Bardak\u00e7\u0131 ve Zara Bardak\u00e7\u0131, evliliklerini bas\u0131ndan uzak bir \u015fekilde s\u00fcrd\u00fcrmeyi tercih etseler de 2023 y\u0131l\u0131nda evlilikleri ilk kez kamuoyuna duyurulmu\u015ftur. \u00c7ift, mutlu bir evlilik ya\u015fam\u0131 s\u00fcrmekte ve Zara, Abd\u00fclkerim ile birlikte kat\u0131ld\u0131klar\u0131 etkinliklerde zaman zaman dikkat \u00e7ekmektedir.<\/p>\n<p><img loading=\"lazy\" decoding=\"async\" class=\"alignnone wp-image-158144\" src=\"https:\/\/www.tgrthaber.com\/mavikadin\/wp-content\/uploads\/4-533.png\" alt=\"\" width=\"1208\" height=\"680\" title=\"\" srcset=\"https:\/\/www.tgrthaber.com\/mavikadin\/wp-content\/uploads\/4-533.png 1280w, https:\/\/www.tgrthaber.com\/mavikadin\/wp-content\/uploads\/4-533-300x169.png 300w, https:\/\/www.tgrthaber.com\/mavikadin\/wp-content\/uploads\/4-533-1024x576.png 1024w, https:\/\/www.tgrthaber.com\/mavikadin\/wp-content\/uploads\/4-533-768x432.png 768w\" sizes=\"(max-width: 1208px) 100vw, 1208px\" \/><\/p>\n<hr \/>\n<h3>\u00c7\u0130FT\u0130N A\u0130LE HAYATI VE SOSYAL MEDYA PAYLA\u015eIMLARI<\/h3>\n<p>\u00c7iftin 2023 y\u0131l\u0131nda d\u00fcnyaya gelen Alara ad\u0131n\u0131 verdikleri bir k\u0131z \u00e7ocuklar\u0131 vard\u0131r. Aile, \u00f6zellikle sosyal medyada zaman zaman birlikte payla\u015f\u0131mlar yaparak mutlu anlar\u0131n\u0131 takip\u00e7ileriyle payla\u015fmaktad\u0131r. Zara Bardak\u00e7\u0131, sosyal medya platformlar\u0131nda @alarabaa kullan\u0131c\u0131 ad\u0131yla payla\u015f\u0131mlar yapmaktad\u0131r.<\/p>\n<p><img loading=\"lazy\" decoding=\"async\" class=\"alignnone wp-image-158142\" src=\"https:\/\/www.tgrthaber.com\/mavikadin\/wp-content\/uploads\/2-652.png\" alt=\"\" width=\"1208\" height=\"680\" title=\"\" srcset=\"https:\/\/www.tgrthaber.com\/mavikadin\/wp-content\/uploads\/2-652.png 1280w, https:\/\/www.tgrthaber.com\/mavikadin\/wp-content\/uploads\/2-652-300x169.png 300w, https:\/\/www.tgrthaber.com\/mavikadin\/wp-content\/uploads\/2-652-1024x576.png 1024w, https:\/\/www.tgrthaber.com\/mavikadin\/wp-content\/uploads\/2-652-768x432.png 768w\" sizes=\"(max-width: 1208px) 100vw, 1208px\" \/><\/p>\n<hr \/>\n<p>Abd\u00fclkerim ve Zara Bardak\u00e7\u0131, kat\u0131ld\u0131klar\u0131 sosyal etkinliklerde ve d\u00fc\u011f\u00fcnlerde de s\u0131k s\u0131k birlikte g\u00f6r\u00fcnt\u00fcleniyor. Bu t\u00fcr payla\u015f\u0131mlar, \u00e7iftin \u00f6zel hayat\u0131n\u0131 takip eden hayranlar\u0131 taraf\u0131ndan b\u00fcy\u00fck ilgiyle kar\u015f\u0131lan\u0131yor.<\/p>\n<p>Zara Bardak\u00e7\u0131, Abd\u00fclkerim Bardak\u00e7\u0131 ile mutlu bir aile ya\u015fam\u0131 s\u00fcrerken, gizlilik i\u00e7erisinde olan ya\u015fam\u0131na da sayg\u0131 g\u00f6sterilmesi gerekti\u011fini belirtiyor. \u00c7iftin gelecekteki payla\u015f\u0131mlar\u0131n\u0131 ise bir\u00e7ok ki\u015fi merakla bekliyor.<\/p>\n","protected":false},"excerpt":{"rendered":"<p>Galatasaray\u2019\u0131n ba\u015far\u0131l\u0131 futbolcusu Abd\u00fclkerim Bardak\u00e7\u0131, e\u015fi Zara Bardak\u00e7\u0131 ile birlikte ge\u00e7ti\u011fimiz g\u00fcnlerde \u015eanl\u0131urfa\u2019n\u0131n Viran\u015fehir il\u00e7esinde bir d\u00fc\u011f\u00fcne kat\u0131ld\u0131. D\u00fc\u011f\u00fcn sonras\u0131 davetlilerle halay \u00e7eken \u00e7ift, mutlu anlar\u0131n\u0131 sosyal medyada payla\u015ft\u0131. Zara Bardak\u00e7\u0131\u2019n\u0131n kim oldu\u011fu ise merak konusu oldu. Peki, Zara Bardak\u00e7\u0131 kimdir, nereli ve ka\u00e7 ya\u015f\u0131nda?<\/p>\n","protected":false},"author":28,"featured_media":158143,"comment_status":"closed","ping_status":"closed","sticky":false,"template":"","format":"standard","meta":{"rank_math_lock_modified_date":false,"footnotes":""},"categories":[491],"tags":[16972,16974,16973,16975],"class_list":["post-158140","post","type-post","status-publish","format-standard","has-post-thumbnail","hentry","category-biyografi","tag-zara-bardakci","tag-zara-bardakci-kac-yasinda","tag-zara-bardakci-kimdir","tag-zara-bardakci-nereli"],"_links":{"self":[{"href":"https:\/\/www.tgrthaber.com\/mavikadin\/wp-json\/wp\/v2\/posts\/158140"}],"collection":[{"href":"https:\/\/www.tgrthaber.com\/mavikadin\/wp-json\/wp\/v2\/posts"}],"about":[{"href":"https:\/\/www.tgrthaber.com\/mavikadin\/wp-json\/wp\/v2\/types\/post"}],"author":[{"embeddable":true,"href":"https:\/\/www.tgrthaber.com\/mavikadin\/wp-json\/wp\/v2\/users\/28"}],"replies":[{"embeddable":true,"href":"https:\/\/www.tgrthaber.com\/mavikadin\/wp-json\/wp\/v2\/comments?post=158140"}],"version-history":[{"count":2,"href":"https:\/\/www.tgrthaber.com\/mavikadin\/wp-json\/wp\/v2\/posts\/158140\/revisions"}],"predecessor-version":[{"id":158146,"href":"https:\/\/www.tgrthaber.com\/mavikadin\/wp-json\/wp\/v2\/posts\/158140\/revisions\/158146"}],"wp:featuredmedia":[{"embeddable":true,"href":"https:\/\/www.tgrthaber.com\/mavikadin\/wp-json\/wp\/v2\/media\/158143"}],"wp:attachment":[{"href":"https:\/\/www.tgrthaber.com\/mavikadin\/wp-json\/wp\/v2\/media?parent=158140"}],"wp:term":[{"taxonomy":"category","embeddable":true,"href":"https:\/\/www.tgrthaber.com\/mavikadin\/wp-json\/wp\/v2\/categories?post=158140"},{"taxonomy":"post_tag","embeddable":true,"href":"https:\/\/www.tgrthaber.com\/mavikadin\/wp-json\/wp\/v2\/tags?post=158140"}],"curies":[{"name":"wp","href":"https:\/\/api.w.org\/{rel}","templated":true}]}}