{"id":158147,"date":"2025-04-06T21:30:03","date_gmt":"2025-04-06T18:30:03","guid":{"rendered":"https:\/\/www.tgrthaber.com\/mavikadin\/?p=158147"},"modified":"2025-04-06T21:30:03","modified_gmt":"2025-04-06T18:30:03","slug":"mert-ramazan-demir-askere-gitti-mi-mert-ramazan-demir-bedelli-askerligini-nerede-yapacak","status":"publish","type":"post","link":"https:\/\/www.tgrthaber.com\/mavikadin\/mert-ramazan-demir-askere-gitti-mi-mert-ramazan-demir-bedelli-askerligini-nerede-yapacak\/","title":{"rendered":"Mert Ramazan Demir askere gitti mi? Mert Ramazan Demir bedelli askerli\u011fini nerede yapacak?"},"content":{"rendered":"<p>Mert Ramazan Demir, Yal\u0131 \u00c7apk\u0131n\u0131 ve \u015eahmaran dizisindeki oyunculuk performans\u0131yla geni\u015f bir hayran kitlesine ula\u015ft\u0131. Sosyal medyada takip\u00e7i say\u0131s\u0131 en fazla \u00fcnl\u00fcler aras\u0131nda yer alan Mert Ramazan Demir, oyunculu\u011funun yan\u0131 s\u0131ra \u00e7ekti\u011fi reklam filmleriyle de seyircinin be\u011fenisini kazand\u0131. Yal\u0131 \u00c7apk\u0131n\u0131n final yapmas\u0131 ard\u0131ndan askere giden Mert Ramazan Demir\u2019in asker t\u0131ra\u015f\u0131 hali \u00e7ok be\u011fenildi. Peki, Mert Ramazan Demir askere gitti mi? Mert Ramazan Demir bedelli askerli\u011fini nerede yapacak?<\/p>\n<h3>MERT RAMAZAN DEM\u0130R ASKERE G\u0130TT\u0130 M\u0130?<\/h3>\n<p>Yal\u0131 \u00c7apk\u0131n\u0131\u2019n\u0131n sevilen karakteri Ferit\u2019i oynayan Mert Ramazan Demir asker yolcusu. Yal\u0131 \u00c7apk\u0131n\u0131 101. B\u00f6l\u00fcm final yapmas\u0131 ard\u0131ndan vatani g\u00f6revini yerine getirmek i\u00e7in bedelli askerli\u011fe ba\u015fvuru yapm\u0131\u015ft\u0131. Gerekli \u015fartlar\u0131 yerine getiren Mert Ramazan Demir 3 Nisan 2025 g\u00fcn\u00fc bedelli askerlik yapaca\u011f\u0131 birli\u011fine teslim oldu. \u00dcnl\u00fc oyuncu askeri birli\u011fine teslim olmadan \u00f6nce ailesiyle birlikte bol bol zaman ge\u00e7irdi. Mert Ramazan Demir\u2019in askere gitmeden \u00f6nce 3 numaral\u0131 t\u0131ra\u015fl\u0131 hali sosyal medyada viral oldu. Oyuncunun bir\u00e7ok hayran\u0131 Mert Ramazan Demir i\u00e7in hay\u0131rl\u0131 tezkereler yorumlar\u0131nda bulundu. Ayn\u0131 zamanda \u00fcnl\u00fc oyuncunun asker t\u0131ra\u015f\u0131 olmu\u015f halini de \u00e7ok be\u011fendiler.<\/p>\n<p><img loading=\"lazy\" decoding=\"async\" class=\"alignnone wp-image-158148\" src=\"https:\/\/www.tgrthaber.com\/mavikadin\/wp-content\/uploads\/mert-ramazan-demir-askerligini-nerede-yapacak-300x169.jpg\" alt=\"mert ramazan demir askerli\u011fini nerede yapacak\" width=\"1208\" height=\"680\" title=\"\" srcset=\"https:\/\/www.tgrthaber.com\/mavikadin\/wp-content\/uploads\/mert-ramazan-demir-askerligini-nerede-yapacak-300x169.jpg 300w, https:\/\/www.tgrthaber.com\/mavikadin\/wp-content\/uploads\/mert-ramazan-demir-askerligini-nerede-yapacak-1024x576.jpg 1024w, https:\/\/www.tgrthaber.com\/mavikadin\/wp-content\/uploads\/mert-ramazan-demir-askerligini-nerede-yapacak-768x432.jpg 768w, https:\/\/www.tgrthaber.com\/mavikadin\/wp-content\/uploads\/mert-ramazan-demir-askerligini-nerede-yapacak-1536x864.jpg 1536w, https:\/\/www.tgrthaber.com\/mavikadin\/wp-content\/uploads\/mert-ramazan-demir-askerligini-nerede-yapacak.jpg 1920w\" sizes=\"(max-width: 1208px) 100vw, 1208px\" \/><\/p>\n<hr \/>\n<h3>MERT RAMAZAN DEM\u0130R BELL\u0130 ASKERL\u0130\u011e\u0130NE NEREDE YAPACAK?<\/h3>\n<p>Vatani g\u00f6revini yerine getirmek i\u00e7in Mert Ramazan Demir, Hatay\u2019\u0131n \u0130skender\u2019un il\u00e7esinde bedelli askerlik yapacak. Bedelli askerli\u011fini 30 g\u00fcn boyunca yerine getirecek olan \u00fcnl\u00fc oyuncu May\u0131s ay\u0131 gibi d\u00f6nece\u011fi d\u00fc\u015f\u00fcn\u00fcl\u00fcyor. \u00dcnl\u00fc oyuncunun bedelli askerli\u011finden terhis etmeden 3 ya da 4 g\u00fcn \u00f6nce askerlik yeminini ger\u00e7ekle\u015ftirecek. Askerden d\u00f6nd\u00fckten sonra dinlenmeye mi \u00e7ekilecek yoksa yeni projeleri inceleyip ekrana d\u00f6nmeye mi haz\u0131rlanacak o konu hakk\u0131nda herhangi bir bilgi bulunmamaktad\u0131r.<\/p>\n","protected":false},"excerpt":{"rendered":"<p>Yal\u0131 \u00c7apk\u0131n\u0131 final yapt\u0131ktan sonra Mert Ramazan Demir, askere gitmek i\u00e7in haz\u0131rl\u0131klara ba\u015flam\u0131\u015ft\u0131. Dizinin final sahnesi \u00e7ekildikten sonraki ilk g\u00f6r\u00fcnt\u00fcs\u00fc geldi. Mert Ramazan Demir\u2019in asker t\u0131ra\u015f\u0131 halini hayranlar\u0131 be\u011fendi. Mert Ramazan Demir, Hatay\u2019\u0131n \u0130skender\u2019un kentinde bedelli askerli\u011fini yapacak. <\/p>\n","protected":false},"author":10,"featured_media":158148,"comment_status":"closed","ping_status":"closed","sticky":false,"template":"","format":"standard","meta":{"rank_math_lock_modified_date":false,"footnotes":""},"categories":[76],"tags":[247,133,16351,2218,2779,16640],"class_list":["post-158147","post","type-post","status-publish","format-standard","has-post-thumbnail","hentry","category-magazin","tag-kesfet","tag-magazin","tag-magazin-gundemi","tag-magazin-haberleri","tag-mert-ramazan-demir","tag-mert-ramazan-demir-asker"],"_links":{"self":[{"href":"https:\/\/www.tgrthaber.com\/mavikadin\/wp-json\/wp\/v2\/posts\/158147"}],"collection":[{"href":"https:\/\/www.tgrthaber.com\/mavikadin\/wp-json\/wp\/v2\/posts"}],"about":[{"href":"https:\/\/www.tgrthaber.com\/mavikadin\/wp-json\/wp\/v2\/types\/post"}],"author":[{"embeddable":true,"href":"https:\/\/www.tgrthaber.com\/mavikadin\/wp-json\/wp\/v2\/users\/10"}],"replies":[{"embeddable":true,"href":"https:\/\/www.tgrthaber.com\/mavikadin\/wp-json\/wp\/v2\/comments?post=158147"}],"version-history":[{"count":1,"href":"https:\/\/www.tgrthaber.com\/mavikadin\/wp-json\/wp\/v2\/posts\/158147\/revisions"}],"predecessor-version":[{"id":158149,"href":"https:\/\/www.tgrthaber.com\/mavikadin\/wp-json\/wp\/v2\/posts\/158147\/revisions\/158149"}],"wp:featuredmedia":[{"embeddable":true,"href":"https:\/\/www.tgrthaber.com\/mavikadin\/wp-json\/wp\/v2\/media\/158148"}],"wp:attachment":[{"href":"https:\/\/www.tgrthaber.com\/mavikadin\/wp-json\/wp\/v2\/media?parent=158147"}],"wp:term":[{"taxonomy":"category","embeddable":true,"href":"https:\/\/www.tgrthaber.com\/mavikadin\/wp-json\/wp\/v2\/categories?post=158147"},{"taxonomy":"post_tag","embeddable":true,"href":"https:\/\/www.tgrthaber.com\/mavikadin\/wp-json\/wp\/v2\/tags?post=158147"}],"curies":[{"name":"wp","href":"https:\/\/api.w.org\/{rel}","templated":true}]}}