{"id":158175,"date":"2025-04-07T00:34:32","date_gmt":"2025-04-06T21:34:32","guid":{"rendered":"https:\/\/www.tgrthaber.com\/mavikadin\/?p=158175"},"modified":"2025-04-07T00:50:04","modified_gmt":"2025-04-06T21:50:04","slug":"alisanin-oglu-burak-ilk-macina-cikti-fenerbahceli-futbolcu-fred-rodrigues-ile-sahadaydi","status":"publish","type":"post","link":"https:\/\/www.tgrthaber.com\/mavikadin\/alisanin-oglu-burak-ilk-macina-cikti-fenerbahceli-futbolcu-fred-rodrigues-ile-sahadaydi\/","title":{"rendered":"Ali\u015fan\u2019\u0131n o\u011flu Burak ilk ma\u00e7\u0131na \u00e7\u0131kt\u0131! Fenerbah\u00e7eli futbolcu Fred Rodrigues ile sahadayd\u0131!"},"content":{"rendered":"<p>Fenerbah\u00e7e\u2019ye olan tutkusuyla bilinen \u00fcnl\u00fc \u015fark\u0131c\u0131 Ali\u015fan, o\u011flu Burak\u2019la birlikte ma\u00e7 izlemenin keyfini \u00e7\u0131kard\u0131. O\u011flu Burak do\u011fdu\u011fundan beri ona sol ayak \u00e7al\u0131\u015ft\u0131ran Ali\u015fan, Fenerbah\u00e7e\u2019nin ma\u00e7lar\u0131na g\u00f6t\u00fcrmeyi de ihmal etmedi. Kendisi gibi o\u011flu Burak\u2019\u0131 da koyu Fenerbah\u00e7e\u2019li yapan Ali\u015fan, bu kez farkl\u0131 bir heyecan ya\u015fad\u0131. Ali\u015fa\u2019n\u0131n o\u011flu Burak, 6 Mart 2025 Pazar ak\u015fam\u0131 oynan Fenerbah\u00e7e \u2013 Trabzonspor ma\u00e7\u0131na \u00e7\u0131kt\u0131.<\/p>\n<h3>AL\u0130\u015eAN\u2019IN O\u011eLU BURAK \u0130LK MA\u00c7INA \u00c7IKTI!<\/h3>\n<p>\u00dcnl\u00fc \u015fark\u0131c\u0131 Ali\u015fan o\u011flu Burak\u2019\u0131 6 Mart 2025 ak\u015fam\u0131 oynanan Fenerbah\u00e7e \u2013 Trabzonspor ma\u00e7\u0131na g\u00f6t\u00fcrd\u00fc. Ma\u00e7 ba\u015flang\u0131c\u0131 \u00f6ncesi futbolcular\u0131n \u00e7ocuklar\u0131yla \u00e7\u0131kt\u0131\u011f\u0131 sahada s\u00fcrpriz bir isim daha yer ald\u0131. Ali\u015fan\u2019\u0131n o\u011flu Burak, Fenerbah\u00e7e ma\u00e7\u0131na \u00e7\u0131kt\u0131. Fenerbah\u00e7e\u2019nin futbolcusu Fred Rodrigues ile birlikte sahaya \u00e7\u0131kan Burak\u2019\u0131n o anlar\u0131n\u0131 Ali\u015fan sosyal medya hesab\u0131ndan b\u00fcy\u00fck bir sevin\u00e7le payla\u015ft\u0131. Ya\u015fad\u0131\u011f\u0131 sevince aile dostlar\u0131n\u0131n da ortak olmas\u0131 Ali\u015fan\u2019\u0131 daha da \u00e7ok sevindirdi. \u201cBurkiiimmmmm\u201d notuyla o\u011flunun o anlar\u0131n\u0131 \u00f6l\u00fcms\u00fczle\u015ftirdi.<\/p>\n<p><img loading=\"lazy\" decoding=\"async\" class=\"alignnone wp-image-158176\" src=\"https:\/\/www.tgrthaber.com\/mavikadin\/wp-content\/uploads\/alisanin-ogli-burak-fenerbahceli-futbolcu-fred-le-300x169.jpg\" alt=\"ali\u015fan&#039;\u0131n o\u011flu burak fenerbah\u00e7eli futbolcu fred le\" width=\"1208\" height=\"680\" title=\"\" srcset=\"https:\/\/www.tgrthaber.com\/mavikadin\/wp-content\/uploads\/alisanin-ogli-burak-fenerbahceli-futbolcu-fred-le-300x169.jpg 300w, https:\/\/www.tgrthaber.com\/mavikadin\/wp-content\/uploads\/alisanin-ogli-burak-fenerbahceli-futbolcu-fred-le-1024x576.jpg 1024w, https:\/\/www.tgrthaber.com\/mavikadin\/wp-content\/uploads\/alisanin-ogli-burak-fenerbahceli-futbolcu-fred-le-768x432.jpg 768w, https:\/\/www.tgrthaber.com\/mavikadin\/wp-content\/uploads\/alisanin-ogli-burak-fenerbahceli-futbolcu-fred-le-1536x864.jpg 1536w, https:\/\/www.tgrthaber.com\/mavikadin\/wp-content\/uploads\/alisanin-ogli-burak-fenerbahceli-futbolcu-fred-le.jpg 1920w\" sizes=\"(max-width: 1208px) 100vw, 1208px\" \/><\/p>\n<hr \/>\n<h3>A\u0130LE DOSTLARIDA SEV\u0130NCE ORTAK OLDU<\/h3>\n<p>Ali\u015fan\u2019\u0131n sosyal medya hesab\u0131ndan o\u011flu Burak\u2019\u0131n ilk ma\u00e7\u0131na \u00e7\u0131k\u0131\u015f\u0131n\u0131 payla\u015ft\u0131\u011f\u0131 anlara aile dostlar\u0131 da e\u015flik etti. Ali\u015fan\u2019\u0131n o\u011flu Burak\u2019\u0131 televizyonda g\u00f6ren ailesi ve aile dostlar\u0131 o anlar\u0131n foto\u011fraf\u0131n\u0131 \u00e7ekerek \u00fcnl\u00fc sanat\u00e7\u0131y\u0131 ve o\u011flunu tebrik ettiler. Ali\u015fan\u2019\u0131n o\u011flu Burak\u2019\u0131n ileride futbolcu olaca\u011f\u0131n\u0131 ve sahalarda g\u00f6rmek istediklerine dair dileklerini ve tebriklerini ifade ettiler.<\/p>\n<figure id=\"attachment_158182\" aria-describedby=\"caption-attachment-158182\" style=\"width: 1208px\" class=\"wp-caption alignnone\"><img loading=\"lazy\" decoding=\"async\" class=\"wp-image-158182\" src=\"https:\/\/www.tgrthaber.com\/mavikadin\/wp-content\/uploads\/Anderson-Talisca-ve-Fred-Rodrigues-ile-Alisanin-oglu-Burak-300x169.jpg\" alt=\"Anderson Talisca ve Fred Rodrigues ile Ali\u015fan&#039;\u0131n o\u011flu Burak\" width=\"1208\" height=\"680\" title=\"\" srcset=\"https:\/\/www.tgrthaber.com\/mavikadin\/wp-content\/uploads\/Anderson-Talisca-ve-Fred-Rodrigues-ile-Alisanin-oglu-Burak-300x169.jpg 300w, https:\/\/www.tgrthaber.com\/mavikadin\/wp-content\/uploads\/Anderson-Talisca-ve-Fred-Rodrigues-ile-Alisanin-oglu-Burak-1024x576.jpg 1024w, https:\/\/www.tgrthaber.com\/mavikadin\/wp-content\/uploads\/Anderson-Talisca-ve-Fred-Rodrigues-ile-Alisanin-oglu-Burak-768x432.jpg 768w, https:\/\/www.tgrthaber.com\/mavikadin\/wp-content\/uploads\/Anderson-Talisca-ve-Fred-Rodrigues-ile-Alisanin-oglu-Burak-1536x864.jpg 1536w, https:\/\/www.tgrthaber.com\/mavikadin\/wp-content\/uploads\/Anderson-Talisca-ve-Fred-Rodrigues-ile-Alisanin-oglu-Burak.jpg 1920w\" sizes=\"(max-width: 1208px) 100vw, 1208px\" \/><figcaption id=\"caption-attachment-158182\" class=\"wp-caption-text\">Anderson Talisca ve Fred Rodrigues ile Ali\u015fan&#8217;\u0131n o\u011flu Burak<\/figcaption><\/figure>\n<hr \/>\n<h3>AL\u0130\u015eAN\u2019IN O\u011eLU BURAK FENERBAH\u00c7EL\u0130 FUTBOLCULARLA<\/h3>\n<p>Fenerbah\u00e7e ve Trabzonspor ma\u00e7\u0131 sonras\u0131 Ali\u015fan ve o\u011flu Burak Fenerbah\u00e7e\u2019nin iki orta saha futbolcusuyla foto\u011fraf \u00e7ekildi. Anderson Talisca ve Fred Rodrigues ile Ali\u015fan&#8217;\u0131n\u00a0 o\u011flu Burak\u2019\u0131n foto\u011fraflar\u0131n\u0131 \u00e7ekip sosyal medya hesab\u0131ndan hem Ali\u015fan hem de Buse Varol payla\u015ft\u0131. Ali\u015fan&#8217;\u0131n o anlar\u0131 sosyal medya hesab\u0131ndan takip\u00e7ileriyle payla\u015fmas\u0131 be\u011feni toplad\u0131.<\/p>\n","protected":false},"excerpt":{"rendered":"<p>\u00dcnl\u00fc \u015fark\u0131c\u0131 Ali\u015fan\u2019\u0131n Fenerbah\u00e7e\u2019ye olan a\u015fk\u0131 ve tutkusunu o\u011flu Burak\u2019a da a\u015f\u0131lad\u0131. Fenerbah\u00e7e\u2019nin her ma\u00e7\u0131na o\u011flunu da g\u00f6t\u00fcren Ali\u015fan, farkl\u0131 bir heyecan ya\u015fad\u0131. Ali\u015fan\u2019\u0131n o\u011flu Burak Fenerbah\u00e7eli futbolcu Fred Rodrigues ile birlikte ma\u00e7\u0131n ba\u015flang\u0131c\u0131nda sahaya \u00e7\u0131kt\u0131. <\/p>\n","protected":false},"author":10,"featured_media":158185,"comment_status":"closed","ping_status":"closed","sticky":false,"template":"","format":"standard","meta":{"rank_math_lock_modified_date":false,"footnotes":""},"categories":[76],"tags":[147,16984,16983,16985,133,16351,2218],"class_list":["post-158175","post","type-post","status-publish","format-standard","has-post-thumbnail","hentry","category-magazin","tag-alisan","tag-anderson-talisca","tag-anderson-talisca-ve-fred-rodrigues-ile-alisanin-oglu-burak","tag-fred-rodrigues","tag-magazin","tag-magazin-gundemi","tag-magazin-haberleri"],"_links":{"self":[{"href":"https:\/\/www.tgrthaber.com\/mavikadin\/wp-json\/wp\/v2\/posts\/158175"}],"collection":[{"href":"https:\/\/www.tgrthaber.com\/mavikadin\/wp-json\/wp\/v2\/posts"}],"about":[{"href":"https:\/\/www.tgrthaber.com\/mavikadin\/wp-json\/wp\/v2\/types\/post"}],"author":[{"embeddable":true,"href":"https:\/\/www.tgrthaber.com\/mavikadin\/wp-json\/wp\/v2\/users\/10"}],"replies":[{"embeddable":true,"href":"https:\/\/www.tgrthaber.com\/mavikadin\/wp-json\/wp\/v2\/comments?post=158175"}],"version-history":[{"count":1,"href":"https:\/\/www.tgrthaber.com\/mavikadin\/wp-json\/wp\/v2\/posts\/158175\/revisions"}],"predecessor-version":[{"id":158184,"href":"https:\/\/www.tgrthaber.com\/mavikadin\/wp-json\/wp\/v2\/posts\/158175\/revisions\/158184"}],"wp:featuredmedia":[{"embeddable":true,"href":"https:\/\/www.tgrthaber.com\/mavikadin\/wp-json\/wp\/v2\/media\/158185"}],"wp:attachment":[{"href":"https:\/\/www.tgrthaber.com\/mavikadin\/wp-json\/wp\/v2\/media?parent=158175"}],"wp:term":[{"taxonomy":"category","embeddable":true,"href":"https:\/\/www.tgrthaber.com\/mavikadin\/wp-json\/wp\/v2\/categories?post=158175"},{"taxonomy":"post_tag","embeddable":true,"href":"https:\/\/www.tgrthaber.com\/mavikadin\/wp-json\/wp\/v2\/tags?post=158175"}],"curies":[{"name":"wp","href":"https:\/\/api.w.org\/{rel}","templated":true}]}}