{"id":158186,"date":"2025-04-07T01:12:30","date_gmt":"2025-04-06T22:12:30","guid":{"rendered":"https:\/\/www.tgrthaber.com\/mavikadin\/?p=158186"},"modified":"2025-04-07T01:12:30","modified_gmt":"2025-04-06T22:12:30","slug":"izzet-yildizhana-surpriz-kutlama-aile-her-seydir","status":"publish","type":"post","link":"https:\/\/www.tgrthaber.com\/mavikadin\/izzet-yildizhana-surpriz-kutlama-aile-her-seydir\/","title":{"rendered":"\u0130zzet Y\u0131ld\u0131zhan&#8217;a s\u00fcrpriz kutlama! \u201c Aile her \u015feydir\u201d"},"content":{"rendered":"<p>\u00dcnl\u00fc \u015fark\u0131c\u0131 \u0130zzet Y\u0131ld\u0131zhan\u2019\u0131n 3 farkl\u0131 e\u015finden olan toplam 9 tane \u00e7ocu\u011fu vard\u0131r. \u00dcnl\u00fc sanat\u00e7\u0131, 9 \u00e7ocu\u011fuyla birlikte ayn\u0131 evde ya\u015famaktad\u0131r. Her biriyle ayr\u0131 ayr\u0131 ilgilenip \u00f6zen g\u00f6steren \u0130zzet Y\u0131ld\u0131zhan, verdi\u011fi r\u00f6portajlarda \u00e7ocuklar\u0131na olan sevgisini her f\u0131rsatta dile getirmi\u015fti. \u00dcnl\u00fc \u015fark\u0131c\u0131 1 Nisan g\u00fcn\u00fc b\u00fcy\u00fck bir s\u00fcrprizle kar\u015f\u0131la\u015ft\u0131. 9 \u00e7ocu\u011fuyla birlikte kutlad\u0131\u011f\u0131 do\u011fum g\u00fcn\u00fcn\u00fc toplu bir foto\u011frafla o kareyi \u00f6l\u00fcms\u00fcz hale getirdi.<\/p>\n<h3>\u201c A\u0130LE HER \u015eEYD\u0130R\u201d<\/h3>\n<p>\u00dcnl\u00fc \u015fark\u0131c\u0131 \u0130zzet Y\u0131ld\u0131zhan, 9 \u00e7ocu\u011funun ona haz\u0131rlad\u0131\u011f\u0131 s\u00fcrpriz ile do\u011fum g\u00fcn\u00fcn\u00fc kutlad\u0131. Her biri birbirinden g\u00fczel ve yak\u0131\u015f\u0131kl\u0131 olan \u00e7ocuklar\u0131yla beraber yeni ya\u015f\u0131na giren \u0130zzet Y\u0131ld\u0131zhan, \u201c Aile her \u015feydir\u201d notu ile \u00e7ekildikleri toplu foto\u011fraf\u0131 sevenleriyle ve takip\u00e7ileriyle payla\u015ft\u0131. Usta sanat\u00e7\u0131n\u0131n sosyal medyada payla\u015ft\u0131\u011f\u0131 foto\u011fraf\u0131n alt\u0131na binlerce g\u00fczel yorum yap\u0131l\u0131rken, resimleri be\u011feni ya\u011fmuruna da tutuldu. 7\u2019si erkek 2\u2019si k\u0131z olan \u0130zzet Y\u0131ld\u0131zhan\u2019\u0131n Londra\u2019da e\u011fitim g\u00f6ren o\u011flu Veysel Efe, o an yanlar\u0131nda olamasa da babas\u0131n\u0131n do\u011fum g\u00fcn\u00fcn\u00fc kutlamak i\u00e7in g\u00f6r\u00fcnt\u00fcl\u00fc arama yaparak kat\u0131ld\u0131\u011f\u0131 dikkatlerden ka\u00e7mad\u0131.<\/p>\n<p><img loading=\"lazy\" decoding=\"async\" class=\"alignnone wp-image-158190\" src=\"https:\/\/www.tgrthaber.com\/mavikadin\/wp-content\/uploads\/Izzet-Yildizhana-surpriz-kutlama-Aile-her-seydir-1-300x169.jpg\" alt=\"\u0130zzet Y\u0131ld\u0131zhan&#039;a s\u00fcrpriz kutlama! \u201c Aile her \u015feydir\u201d\" width=\"1208\" height=\"680\" title=\"\" srcset=\"https:\/\/www.tgrthaber.com\/mavikadin\/wp-content\/uploads\/Izzet-Yildizhana-surpriz-kutlama-Aile-her-seydir-1-300x169.jpg 300w, https:\/\/www.tgrthaber.com\/mavikadin\/wp-content\/uploads\/Izzet-Yildizhana-surpriz-kutlama-Aile-her-seydir-1-1024x576.jpg 1024w, https:\/\/www.tgrthaber.com\/mavikadin\/wp-content\/uploads\/Izzet-Yildizhana-surpriz-kutlama-Aile-her-seydir-1-768x432.jpg 768w, https:\/\/www.tgrthaber.com\/mavikadin\/wp-content\/uploads\/Izzet-Yildizhana-surpriz-kutlama-Aile-her-seydir-1-1536x864.jpg 1536w, https:\/\/www.tgrthaber.com\/mavikadin\/wp-content\/uploads\/Izzet-Yildizhana-surpriz-kutlama-Aile-her-seydir-1.jpg 1920w\" sizes=\"(max-width: 1208px) 100vw, 1208px\" \/><\/p>\n<hr \/>\n<h3>\u0130ZZET YILDIZHAN K\u0130MD\u0130R?<\/h3>\n<p>\u0130zzet Y\u0131ld\u0131zhan, 1 Nisan 1963 y\u0131l\u0131nda Diyarbak\u0131r\u2019\u0131n \u00c7ermik il\u00e7esine ba\u011fl\u0131 Sinek k\u00f6y\u00fcnde d\u00fcnyaya geldi. 15 \u00e7ocuklu bir ailenin en k\u00fc\u00e7\u00fck ferdi olan \u00fcnl\u00fc \u015fark\u0131c\u0131n\u0131n annesi Suriye Zelal, babas\u0131 ise Mustafa\u2019d\u0131r. Babas\u0131n\u0131 bir ya\u015f\u0131nda kaybeden Y\u0131ld\u0131zhan, ilkokulu ikinci s\u0131n\u0131fta b\u0131rakt\u0131. Ailesini ge\u00e7indirmek zorunda oldu\u011fu i\u00e7in 7 ya\u015f\u0131nda berber \u00e7\u0131rakl\u0131\u011f\u0131 yapt\u0131, 10 ya\u015f\u0131nda ise Adana\u2019da pamuk i\u015f\u00e7ili\u011fi yapt\u0131.<\/p>\n<p>13 ya\u015f\u0131nda kebap\u00e7\u0131 \u00e7\u0131ra\u011f\u0131 olan \u0130zzet Y\u0131ld\u0131zhan, Ankara\u2019ya giderek kebap\u00e7\u0131l\u0131k mesle\u011fine devam etti. 1980 y\u0131l\u0131nda TRT sanat\u00e7\u0131s\u0131 Fevzi Atl\u0131o\u011flu ile tan\u0131\u015fmas\u0131n\u0131n ard\u0131ndan m\u00fczik yolculu\u011fu ser\u00fcveni ba\u015flad\u0131. 1981 y\u0131l\u0131nda Ankara K\u0131nal\u0131 Pavyon\u2019da sahne alan Y\u0131ld\u0131zhan, 1994 y\u0131l\u0131nda \u0130stanbul\u2019da Selami \u015eahin ile tan\u0131\u015fmas\u0131yla hayat\u0131 de\u011fi\u015fir. M\u00fczik kariyerine ba\u015flayan \u00fcnl\u00fc sanat\u00e7\u0131 g\u00fcn\u00fcm\u00fcze kadar pek \u00e7ok \u015fark\u0131y\u0131 seslendirerek geni\u015f bir hayran kitlesine sahip olmu\u015ftur.<\/p>\n","protected":false},"excerpt":{"rendered":"<p>1 Nisan do\u011fum g\u00fcn\u00fc olan \u00fcnl\u00fc \u015fark\u0131c\u0131 \u0130zzet Y\u0131ld\u0131zhan, 9 \u00e7ocu\u011fu ile birlikte bir araya gelerek yeni ya\u015f\u0131n\u0131 kutlad\u0131. \u00c7ocuklar\u0131yla her daim bir arada olan ve onlarla ba\u011f\u0131 kuvvetli olan \u0130zzet Y\u0131ld\u0131zhan, \u201c Aile her \u015feydir\u201d notuyla \u00e7ocuklar\u0131yla olan foto\u011fraf\u0131n\u0131 payla\u015ft\u0131. <\/p>\n","protected":false},"author":10,"featured_media":158187,"comment_status":"closed","ping_status":"closed","sticky":false,"template":"","format":"standard","meta":{"rank_math_lock_modified_date":false,"footnotes":""},"categories":[76],"tags":[3157,16987,133,16351,2218],"class_list":["post-158186","post","type-post","status-publish","format-standard","has-post-thumbnail","hentry","category-magazin","tag-izzet-yildizhan","tag-izzet-yildizhan-dogum-gubu","tag-magazin","tag-magazin-gundemi","tag-magazin-haberleri"],"_links":{"self":[{"href":"https:\/\/www.tgrthaber.com\/mavikadin\/wp-json\/wp\/v2\/posts\/158186"}],"collection":[{"href":"https:\/\/www.tgrthaber.com\/mavikadin\/wp-json\/wp\/v2\/posts"}],"about":[{"href":"https:\/\/www.tgrthaber.com\/mavikadin\/wp-json\/wp\/v2\/types\/post"}],"author":[{"embeddable":true,"href":"https:\/\/www.tgrthaber.com\/mavikadin\/wp-json\/wp\/v2\/users\/10"}],"replies":[{"embeddable":true,"href":"https:\/\/www.tgrthaber.com\/mavikadin\/wp-json\/wp\/v2\/comments?post=158186"}],"version-history":[{"count":1,"href":"https:\/\/www.tgrthaber.com\/mavikadin\/wp-json\/wp\/v2\/posts\/158186\/revisions"}],"predecessor-version":[{"id":158191,"href":"https:\/\/www.tgrthaber.com\/mavikadin\/wp-json\/wp\/v2\/posts\/158186\/revisions\/158191"}],"wp:featuredmedia":[{"embeddable":true,"href":"https:\/\/www.tgrthaber.com\/mavikadin\/wp-json\/wp\/v2\/media\/158187"}],"wp:attachment":[{"href":"https:\/\/www.tgrthaber.com\/mavikadin\/wp-json\/wp\/v2\/media?parent=158186"}],"wp:term":[{"taxonomy":"category","embeddable":true,"href":"https:\/\/www.tgrthaber.com\/mavikadin\/wp-json\/wp\/v2\/categories?post=158186"},{"taxonomy":"post_tag","embeddable":true,"href":"https:\/\/www.tgrthaber.com\/mavikadin\/wp-json\/wp\/v2\/tags?post=158186"}],"curies":[{"name":"wp","href":"https:\/\/api.w.org\/{rel}","templated":true}]}}