{"id":158189,"date":"2025-04-07T01:55:34","date_gmt":"2025-04-06T22:55:34","guid":{"rendered":"https:\/\/www.tgrthaber.com\/mavikadin\/?p=158189"},"modified":"2025-04-07T01:55:46","modified_gmt":"2025-04-06T22:55:46","slug":"aslihan-malboranin-eski-sevgilisi-metin-temel-kimdir-kac-yasinda-metin-temelin-meslegi-ne","status":"publish","type":"post","link":"https:\/\/www.tgrthaber.com\/mavikadin\/aslihan-malboranin-eski-sevgilisi-metin-temel-kimdir-kac-yasinda-metin-temelin-meslegi-ne\/","title":{"rendered":"Asl\u0131han Malbora&#8217;n\u0131n eski sevgilisi Metin temel kimdir, ka\u00e7 ya\u015f\u0131nda? Metin Temel&#8217;in mesle\u011fi ne?"},"content":{"rendered":"<p>&#8220;Seven Ne Yapmaz&#8221;, &#8220;Kalbimin Sultan\u0131&#8221;, &#8220;Her Yerde Sen&#8221;, &#8220;Gel Dese A\u015fk&#8221;, &#8220;Yaban \u00c7i\u00e7ekleri&#8221;, &#8220;Darmaduman&#8221; ve &#8220;\u00dc\u00e7 Kuru\u015f&#8221; gibi \u00f6nemli yap\u0131mlarda rol alarak dikkat \u00e7eken g\u00fczel oyuncu Asl\u0131han Malbora, son zamanlarda magazin g\u00fcndeminde isminden bahsettiren isimlerden olmu\u015ftu.<\/p>\n<p>Malbora \u00f6zellikle de \u00c7a\u011fatay Ulusoy ile herkesten s\u0131r gibi saklad\u0131klar\u0131 ili\u015fkileri; \u0130stanbul Havaalan\u0131nda el ele ortaya \u00e7\u0131k\u0131nca g\u00fcndeme bomba gibi d\u00fc\u015fm\u00fc\u015f ve yakalan\u0131nca da hi\u00e7 bozuntuya vermeyip \u201c\u0130li\u015fkimiz gayet g\u00fczel gidiyor, hi\u00e7bir problem yok, her \u015fey yolunda\u201d demekle yetinmi\u015fti.<\/p>\n<p>Peki Asl\u0131han Malbora&#8217;n\u0131n \u00c7a\u011fatay Ulusoy&#8217;dan \u00f6nceki sevgilisi kimdi? Asl\u0131han Malbora&#8217;n\u0131n eski sevgilisi Metin temel kimdir, ka\u00e7 ya\u015f\u0131nda? Metin Temel hakk\u0131nda merak edilenler&#8230;<\/p>\n<h3>ASLIHAN MALBORA&#8217;NIN ESK\u0130 SEVG\u0130L\u0130S\u0130 MET\u0130N TEMEL K\u0130MD\u0130R?<\/h3>\n<p>30 ya\u015f\u0131ndaki g\u00fczel oyuncu Asl\u0131han Malbora&#8217;n\u0131n eski sevgilisi Metin Temel&#8217;in as\u0131l mesle\u011fi; m\u00fchendis olarak bilinmektedir.<\/p>\n<p>\u0130stanbul Teknik \u00fcniversitesinde &#8216;m\u00fchendislik&#8217; b\u00f6l\u00fcm\u00fcn\u00fc ba\u015far\u0131l\u0131 bir \u015fekilde tamamlay\u0131p mezuniyetini eline alan Metin Temel, lise d\u00f6neminde iken g\u00f6nl\u00fcn\u00fc oyuncu Asl\u0131han Malbora&#8217;ya kapt\u0131rm\u0131\u015ft\u0131r.<\/p>\n<p><img loading=\"lazy\" decoding=\"async\" class=\"alignnone wp-image-158195\" src=\"https:\/\/www.tgrthaber.com\/mavikadin\/wp-content\/uploads\/df-2.png\" alt=\"\" width=\"1208\" height=\"669\" title=\"\" srcset=\"https:\/\/www.tgrthaber.com\/mavikadin\/wp-content\/uploads\/df-2.png 906w, https:\/\/www.tgrthaber.com\/mavikadin\/wp-content\/uploads\/df-2-300x166.png 300w, https:\/\/www.tgrthaber.com\/mavikadin\/wp-content\/uploads\/df-2-768x426.png 768w\" sizes=\"(max-width: 1208px) 100vw, 1208px\" \/><\/p>\n<hr \/>\n<p>Metin Temel&#8217;in on y\u0131l kadar bir s\u00fcrede Malbora ile yak\u0131n bir ge\u00e7mi\u015fi bulunmaktad\u0131r.<\/p>\n<p>18 ya\u015f\u0131nda ba\u015flayan b\u00fcy\u00fck a\u015fklar\u0131 10 y\u0131l boyunca diri ve taze tutulur iken birbirine yak\u0131\u015ft\u0131r\u0131lan ikilinin sosyal medya hamleleri ayr\u0131l\u0131klar\u0131n\u0131 ele vermi\u015fti.<\/p>\n<p>G\u00fczel oyuncu Asl\u0131han Malbora&#8217;n\u0131n, zaman i\u00e7inde y\u0131pranan ili\u015fkisini noktalad\u0131\u011f\u0131 \u00f6\u011frenildi.<\/p>\n<h3>ASLIHAN MALBORA \u0130LE MET\u0130N TEMEL NEDEN AYRILMI\u015eTI?<\/h3>\n<p>10 y\u0131ll\u0131k sevgilisi ile ili\u015fkisini noktalayan \u00fcnl\u00fc oyuncu Asl\u0131han Malbora, liseden beri beraber oldu\u011fu erkek arkada\u015f\u0131 Metin Temel ile olan \u00f6zel hayat\u0131n\u0131 an ve an sosyal medyas\u0131na da yans\u0131tmay\u0131 ihmal etmiyordu.<\/p>\n<p><img loading=\"lazy\" decoding=\"async\" class=\"alignnone wp-image-158197\" src=\"https:\/\/www.tgrthaber.com\/mavikadin\/wp-content\/uploads\/fdd-1.png\" alt=\"\" width=\"1208\" height=\"869\" title=\"\" srcset=\"https:\/\/www.tgrthaber.com\/mavikadin\/wp-content\/uploads\/fdd-1.png 911w, https:\/\/www.tgrthaber.com\/mavikadin\/wp-content\/uploads\/fdd-1-300x216.png 300w, https:\/\/www.tgrthaber.com\/mavikadin\/wp-content\/uploads\/fdd-1-768x552.png 768w\" sizes=\"(max-width: 1208px) 100vw, 1208px\" \/><\/p>\n<hr \/>\n<p>Sevgilisiyle a\u015fk dolu karelerini aktif kulland\u0131\u011f\u0131 sosyal medya hesab\u0131ndan takip\u00e7ilerine yay\u0131nlayan g\u00fczel ve ba\u015far\u0131l\u0131 oyuncu Asl\u0131han Malbora&#8217;n\u0131n sosyal medyada bulundu\u011fu bir eylem ili\u015fkinin bitti\u011fini g\u00f6zler \u00f6n\u00fcne serdi.<\/p>\n<p>\u00dcnl\u00fc oyuncu Asl\u0131han Malbora, Liseli a\u015f\u0131\u011f\u0131 Metin Temel\u2019le olan t\u00fcm foto\u011fraflar\u0131n\u0131 silerken, Temel\u2019in ise hi\u00e7bir foto\u011fraf\u0131n\u0131 kald\u0131rmamas\u0131 dikkat \u00e7ekmi\u015fti.<\/p>\n","protected":false},"excerpt":{"rendered":"<p>Ekranlar\u0131n g\u00fczel oyuncusu Asl\u0131han Malbora&#8217;n\u0131n eski sevgilisi olan Metin Temel kimdir, mesle\u011fi ne? Malbora&#8217;n\u0131n on y\u0131l boyunca berabar oldu\u011fu Metin Temel hakk\u0131nda merak edilenler&#8230;<\/p>\n","protected":false},"author":27,"featured_media":158198,"comment_status":"closed","ping_status":"closed","sticky":false,"template":"","format":"standard","meta":{"rank_math_lock_modified_date":false,"footnotes":""},"categories":[491],"tags":[4635,16988,2765,133,16971,16989],"class_list":["post-158189","post","type-post","status-publish","format-standard","has-post-thumbnail","hentry","category-biyografi","tag-aslihan-malbora","tag-aslihan-malboranin-sevgilisi","tag-cagatay-ulusoy","tag-magazin","tag-metin-temel","tag-metin-temel-kimdir"],"_links":{"self":[{"href":"https:\/\/www.tgrthaber.com\/mavikadin\/wp-json\/wp\/v2\/posts\/158189"}],"collection":[{"href":"https:\/\/www.tgrthaber.com\/mavikadin\/wp-json\/wp\/v2\/posts"}],"about":[{"href":"https:\/\/www.tgrthaber.com\/mavikadin\/wp-json\/wp\/v2\/types\/post"}],"author":[{"embeddable":true,"href":"https:\/\/www.tgrthaber.com\/mavikadin\/wp-json\/wp\/v2\/users\/27"}],"replies":[{"embeddable":true,"href":"https:\/\/www.tgrthaber.com\/mavikadin\/wp-json\/wp\/v2\/comments?post=158189"}],"version-history":[{"count":3,"href":"https:\/\/www.tgrthaber.com\/mavikadin\/wp-json\/wp\/v2\/posts\/158189\/revisions"}],"predecessor-version":[{"id":158201,"href":"https:\/\/www.tgrthaber.com\/mavikadin\/wp-json\/wp\/v2\/posts\/158189\/revisions\/158201"}],"wp:featuredmedia":[{"embeddable":true,"href":"https:\/\/www.tgrthaber.com\/mavikadin\/wp-json\/wp\/v2\/media\/158198"}],"wp:attachment":[{"href":"https:\/\/www.tgrthaber.com\/mavikadin\/wp-json\/wp\/v2\/media?parent=158189"}],"wp:term":[{"taxonomy":"category","embeddable":true,"href":"https:\/\/www.tgrthaber.com\/mavikadin\/wp-json\/wp\/v2\/categories?post=158189"},{"taxonomy":"post_tag","embeddable":true,"href":"https:\/\/www.tgrthaber.com\/mavikadin\/wp-json\/wp\/v2\/tags?post=158189"}],"curies":[{"name":"wp","href":"https:\/\/api.w.org\/{rel}","templated":true}]}}