{"id":158211,"date":"2025-04-07T03:15:43","date_gmt":"2025-04-07T00:15:43","guid":{"rendered":"https:\/\/www.tgrthaber.com\/mavikadin\/?p=158211"},"modified":"2025-04-07T03:15:43","modified_gmt":"2025-04-07T00:15:43","slug":"teskilat-son-bolum-138-de-neler-oldu-teskilat-139-fragman-yayinlandi-mi","status":"publish","type":"post","link":"https:\/\/www.tgrthaber.com\/mavikadin\/teskilat-son-bolum-138-de-neler-oldu-teskilat-139-fragman-yayinlandi-mi\/","title":{"rendered":"Te\u015fkilat son b\u00f6l\u00fcm 138 de neler oldu? Te\u015fkilat 139. Fragman yay\u0131nland\u0131 m\u0131?"},"content":{"rendered":"<p>Her Pazar ak\u015fam\u0131 saat 20.00&#8217;da TRT1 ekranlar\u0131nda yay\u0131nlanan ve yay\u0131nland\u0131\u011f\u0131 ilk b\u00f6l\u00fcmden itibaren izleyicilerin b\u00fcy\u00fck bir oranda be\u011feni kazand\u0131\u011f\u0131 &#8216;Te\u015fkilat&#8217; dizisi g\u00fc\u00e7l\u00fc ve ba\u015far\u0131l\u0131 oyuncu kadrosuyla dikkat \u00e7ekiyor.<\/p>\n<p>5 sezon boyunca TRT1 ekranlar\u0131nda izleyicisiyle bulu\u015fan &#8216;Te\u015fkilat&#8217; dizisi, aksiyon ve gerilim dolu sahneler ile izleyiciyi ekran ba\u015f\u0131na kilitlemeyi ba\u015far\u0131yor. Normal \u015fartlar alt\u0131nda 30 Mart 2025 Pazar g\u00fcn\u00fc yay\u0131nlanmas\u0131 beklenen 138. b\u00f6l\u00fcm, m\u00fcbarek Ramazan Bayram\u0131&#8217;n\u0131n birinci g\u00fcn\u00fcne denk gelmesi sebebinden dolay\u0131 ertelenmi\u015fti.<\/p>\n<p>Dikkat \u00e7ekici senaryosu ve g\u00fc\u00e7l\u00fc oyuncu ekibiyle diziseverleri ekran ba\u015f\u0131na kilitleyen &#8216;Te\u015fkilat&#8217; dizisi 138. b\u00f6l\u00fcm\u00fcyle 6 Nisan 2025 Pazar g\u00fcn\u00fc yay\u0131na verildi. Peki &#8216;Te\u015fkilat&#8217; dizisi 138. b\u00f6l\u00fcm\u00fcnde neler oldu? &#8216;Te\u015fkilat&#8217; dizisi 138. b\u00f6l\u00fcm \u00f6zeti:<\/p>\n<h3>&#8216;TE\u015eK\u0130LAT&#8217; D\u0130Z\u0130S\u0130N\u0130N SON B\u00d6L\u00dcM\u00dcNDE NE OLMU\u015eTU? &#8216;TE\u015eK\u0130LAT&#8217; D\u0130Z\u0130S\u0130138. B\u00d6L\u00dcM \u00d6ZET\u0130:<\/h3>\n<p>Altay nihayet Krali\u00e7e\u2019nin Kate oldu\u011funu tespit eder. Altay \u00f6\u011frendi\u011fi bu bilgi ile y\u00fczle\u015fir iken di\u011fer tarafta Korkut\u2019un da hayat\u0131 b\u00fcy\u00fck bir tehlike alt\u0131ndad\u0131r.<\/p>\n<p>Altay ve Neslihan karakterleri \u00f6\u011frendikleri t\u00fcm bu \u015fok edici bilginin yan\u0131 s\u0131ra Korkut\u2019a yard\u0131m etmeleri gerekti\u011finin bilincindedirler.<\/p>\n<p><img loading=\"lazy\" decoding=\"async\" class=\"alignnone wp-image-158212\" src=\"https:\/\/www.tgrthaber.com\/mavikadin\/wp-content\/uploads\/jjj-3.png\" alt=\"\" width=\"1208\" height=\"652\" title=\"\" srcset=\"https:\/\/www.tgrthaber.com\/mavikadin\/wp-content\/uploads\/jjj-3.png 1412w, https:\/\/www.tgrthaber.com\/mavikadin\/wp-content\/uploads\/jjj-3-300x162.png 300w, https:\/\/www.tgrthaber.com\/mavikadin\/wp-content\/uploads\/jjj-3-1024x553.png 1024w, https:\/\/www.tgrthaber.com\/mavikadin\/wp-content\/uploads\/jjj-3-768x414.png 768w\" sizes=\"(max-width: 1208px) 100vw, 1208px\" \/><\/p>\n<hr \/>\n<p>Kate, Korkut\u2019un kendisine olan sadakati konusunda birtak\u0131m \u015f\u00fcpheleri oldu\u011fundan dolay\u0131 onu kendisi i\u00e7in bir nevi tehlike olarak alg\u0131lamaktad\u0131r. Korkut ise Krali\u00e7e\u2019nin g\u00fcvenini yeniden geri alabilmek i\u00e7in b\u00fcy\u00fck bir riski g\u00f6ze alacakt\u0131r.<\/p>\n<p>Kurtbey ve F\u0131rt\u0131na sonunda yollar\u0131n\u0131 kesi\u015ftirip tan\u0131\u015facaklard\u0131r. Bu iki karakter d\u00fc\u015fman\u0131 bozguna u\u011fratmay\u0131 ama\u00e7larken bu g\u00fc\u00e7 birli\u011fi t\u00fcm dengeleri alt \u00fcst edecektir.<\/p>\n<p><strong><em>&#8216;Te\u015fkilat&#8217; dizisi her Pazar ak\u015fam\u0131 TRT1 ekranlar\u0131nda saat 20.00&#8217;da!<\/em><\/strong><\/p>\n<h3>TE\u015eK\u0130LAT D\u0130Z\u0130S\u0130 139. B\u00d6L\u00dcM FRAGMANI YAYINLANDI MI?<\/h3>\n<p>4 saat \u00f6nce gelecek haftaki b\u00f6l\u00fcm\u00fcn\u00fcn fragman\u0131n\u0131n yay\u0131nland\u0131\u011f\u0131 &#8216;Te\u015fkilat&#8217; dizisinde; Altay yeniden kurtulur. Neslihan ise beklenmedik bir \u015fekilde g\u00f6zlerden kaybolur.<\/p>\n<p>Neslihan&#8217;\u0131n kaybolmas\u0131yla birlikte Altay Y\u00fczba\u015f\u0131 ve Korkut harekete ge\u00e7er. F\u0131rt\u0131na ve Kurtbey ilk defa yeni bir operasyona giri\u015f yapar. Ejder art\u0131k hepten k\u00f6\u015feye s\u0131k\u0131\u015fm\u0131\u015ft\u0131r.<\/p>\n<h3>&#8216;TE\u015eK\u0130LAT&#8217; D\u0130Z\u0130S\u0130 OYUNCU KADROSUNDA K\u0130MLER VAR? HANG\u0130 OYUNCU K\u0130M\u0130 OYNUYOR?<\/h3>\n<p><img loading=\"lazy\" decoding=\"async\" class=\"alignnone wp-image-158213\" src=\"https:\/\/www.tgrthaber.com\/mavikadin\/wp-content\/uploads\/hhgh-1.png\" alt=\"\" width=\"1208\" height=\"664\" title=\"\" srcset=\"https:\/\/www.tgrthaber.com\/mavikadin\/wp-content\/uploads\/hhgh-1.png 1302w, https:\/\/www.tgrthaber.com\/mavikadin\/wp-content\/uploads\/hhgh-1-300x165.png 300w, https:\/\/www.tgrthaber.com\/mavikadin\/wp-content\/uploads\/hhgh-1-1024x563.png 1024w, https:\/\/www.tgrthaber.com\/mavikadin\/wp-content\/uploads\/hhgh-1-768x422.png 768w\" sizes=\"(max-width: 1208px) 100vw, 1208px\" \/><\/p>\n<hr \/>\n<p>Neslihan (Ayb\u00fcke Pusat)<\/p>\n<p>Korkut (Yunus Emre Y\u0131ld\u0131r\u0131mer)<\/p>\n<p>Kate (Tuvana T\u00fcrkay)<\/p>\n<p>Tufan (Murat Aygen)<\/p>\n<p>Makinist (Ushan \u00c7ak\u0131r)<\/p>\n<p>Uzay (Serdar Ye\u011fin)<\/p>\n<p>Nazl\u0131 (Melisa Akman)<\/p>\n<p>Sedat (Eren Hac\u0131saliho\u011flu)<\/p>\n<p>G\u00fcniz (\u00d6zlem Maden)<\/p>\n<p>Hamdi (Murat Han)<\/p>\n<p>Akif Ba\u015fkan (Adnan Biricik)<\/p>\n","protected":false},"excerpt":{"rendered":"<p>TRT1 kanal\u0131n\u0131n iddial\u0131 ve sevilen dizisi &#8216;Te\u015fkilat&#8217;\u0131n son b\u00f6l\u00fcm\u00fcnde neler oldu?  Te\u015fkilat dizisinin 159. b\u00f6l\u00fcm fragman\u0131 yay\u0131nland\u0131 m\u0131? \u0130\u015fte merak edilenler&#8230;<\/p>\n","protected":false},"author":27,"featured_media":158214,"comment_status":"closed","ping_status":"closed","sticky":false,"template":"","format":"standard","meta":{"rank_math_lock_modified_date":false,"footnotes":""},"categories":[602],"tags":[16995,5608,16994,16993],"class_list":["post-158211","post","type-post","status-publish","format-standard","has-post-thumbnail","hentry","category-diziler","tag-terimi-kaldir-teskilat-dizisi-teskilat-dizisi-159-bolum-fragmani","tag-teskilat-dizisi","tag-teskilat-dizisi-158-bolum-ozeti","tag-teskilat-dizisi-son-bolum"],"_links":{"self":[{"href":"https:\/\/www.tgrthaber.com\/mavikadin\/wp-json\/wp\/v2\/posts\/158211"}],"collection":[{"href":"https:\/\/www.tgrthaber.com\/mavikadin\/wp-json\/wp\/v2\/posts"}],"about":[{"href":"https:\/\/www.tgrthaber.com\/mavikadin\/wp-json\/wp\/v2\/types\/post"}],"author":[{"embeddable":true,"href":"https:\/\/www.tgrthaber.com\/mavikadin\/wp-json\/wp\/v2\/users\/27"}],"replies":[{"embeddable":true,"href":"https:\/\/www.tgrthaber.com\/mavikadin\/wp-json\/wp\/v2\/comments?post=158211"}],"version-history":[{"count":1,"href":"https:\/\/www.tgrthaber.com\/mavikadin\/wp-json\/wp\/v2\/posts\/158211\/revisions"}],"predecessor-version":[{"id":158215,"href":"https:\/\/www.tgrthaber.com\/mavikadin\/wp-json\/wp\/v2\/posts\/158211\/revisions\/158215"}],"wp:featuredmedia":[{"embeddable":true,"href":"https:\/\/www.tgrthaber.com\/mavikadin\/wp-json\/wp\/v2\/media\/158214"}],"wp:attachment":[{"href":"https:\/\/www.tgrthaber.com\/mavikadin\/wp-json\/wp\/v2\/media?parent=158211"}],"wp:term":[{"taxonomy":"category","embeddable":true,"href":"https:\/\/www.tgrthaber.com\/mavikadin\/wp-json\/wp\/v2\/categories?post=158211"},{"taxonomy":"post_tag","embeddable":true,"href":"https:\/\/www.tgrthaber.com\/mavikadin\/wp-json\/wp\/v2\/tags?post=158211"}],"curies":[{"name":"wp","href":"https:\/\/api.w.org\/{rel}","templated":true}]}}