{"id":158261,"date":"2025-04-07T10:50:36","date_gmt":"2025-04-07T07:50:36","guid":{"rendered":"https:\/\/www.tgrthaber.com\/mavikadin\/?p=158261"},"modified":"2025-04-07T10:50:36","modified_gmt":"2025-04-07T07:50:36","slug":"aybuke-albere-kimdir-kac-yasinda-aybuke-albere-meslegi-nedir","status":"publish","type":"post","link":"https:\/\/www.tgrthaber.com\/mavikadin\/aybuke-albere-kimdir-kac-yasinda-aybuke-albere-meslegi-nedir\/","title":{"rendered":"Ayb\u00fcke Albere kimdir ka\u00e7 ya\u015f\u0131nda? Ayb\u00fcke Albere mesle\u011fi nedir?"},"content":{"rendered":"<p>Ayb\u00fcke Albere kimdir ka\u00e7 ya\u015f\u0131nda? merak konusu oldu. Sanat\u00e7\u0131 ve m\u00fczisyen olan Ayb\u00fcke Albere performans\u0131 ve sanat \u00e7al\u0131\u015fmalar\u0131yla magazin g\u00fcndeminden d\u00fc\u015fm\u00fcyor.<\/p>\n<h3>AYB\u00dcKE ALBERE K\u0130MD\u0130R KA\u00c7 YA\u015eINDA?<\/h3>\n<p>D\u00f6nem d\u00f6nem s\u00f6yledi\u011fi \u015fark\u0131larla g\u00fcndem olan gen\u00e7 \u015fark\u0131c\u0131 sosyal medya payla\u015f\u0131mlar\u0131yla dikkat \u00e7ekiyor.<\/p>\n<p>\u0130zmir\u2019de 1990 y\u0131l\u0131nda d\u00fcnyaya gelen Ayb\u00fcke Albere kendi bestelerini ve m\u00fczik \u00e7al\u0131\u015fmalar\u0131n\u0131 yap\u0131yor.<\/p>\n<p><img loading=\"lazy\" decoding=\"async\" class=\"alignnone size-full wp-image-158263\" src=\"https:\/\/www.tgrthaber.com\/mavikadin\/wp-content\/uploads\/Aybuke-Albere-2.png\" alt=\"\" width=\"1208\" height=\"680\" title=\"\" srcset=\"https:\/\/www.tgrthaber.com\/mavikadin\/wp-content\/uploads\/Aybuke-Albere-2.png 1208w, https:\/\/www.tgrthaber.com\/mavikadin\/wp-content\/uploads\/Aybuke-Albere-2-300x169.png 300w, https:\/\/www.tgrthaber.com\/mavikadin\/wp-content\/uploads\/Aybuke-Albere-2-1024x576.png 1024w, https:\/\/www.tgrthaber.com\/mavikadin\/wp-content\/uploads\/Aybuke-Albere-2-768x432.png 768w\" sizes=\"(max-width: 1208px) 100vw, 1208px\" \/><\/p>\n<hr \/>\n<p>Ge\u00e7ti\u011fimiz y\u0131llarda O Ses T\u00fcrkiye yar\u0131\u015fmas\u0131na kat\u0131lan \u00fcnl\u00fc isim programda seslendirdi\u011fi \u015fark\u0131s\u0131yla kimseyi d\u00f6nd\u00fcrememi\u015fti.<\/p>\n<p>Ayb\u00fcke Albere&#8217;nin sosyal medyada pop\u00fcler olan Ne Diyorsan adl\u0131 bir \u015fark\u0131s\u0131 yer al\u0131yor.<\/p>\n<p>Ayb\u00fcke Albere giyim tarz\u0131 ve sa\u00e7 modeliyle dikkatleri \u00fczerine \u00e7ekmeyi ba\u015far\u0131yor.<\/p>\n<p><img loading=\"lazy\" decoding=\"async\" class=\"alignnone size-full wp-image-158264\" src=\"https:\/\/www.tgrthaber.com\/mavikadin\/wp-content\/uploads\/Aybuke-Albere-4.png\" alt=\"\" width=\"1208\" height=\"680\" title=\"\" srcset=\"https:\/\/www.tgrthaber.com\/mavikadin\/wp-content\/uploads\/Aybuke-Albere-4.png 1208w, https:\/\/www.tgrthaber.com\/mavikadin\/wp-content\/uploads\/Aybuke-Albere-4-300x169.png 300w, https:\/\/www.tgrthaber.com\/mavikadin\/wp-content\/uploads\/Aybuke-Albere-4-1024x576.png 1024w, https:\/\/www.tgrthaber.com\/mavikadin\/wp-content\/uploads\/Aybuke-Albere-4-768x432.png 768w\" sizes=\"(max-width: 1208px) 100vw, 1208px\" \/><\/p>\n<hr \/>\n<p>Celal Bayar \u00dcniversitesi Sanat Tarihi b\u00f6l\u00fcm\u00fc mezunu olan Ayb\u00fcke Albere, 14 ya\u015f\u0131ndan beri aktif olarak m\u00fczikle ilgileniyor. Bir s\u00fcre \u0130stanbul&#8217;da Soner Sar\u0131kabaday\u0131 prod\u00fckt\u00f6rl\u00fc\u011f\u00fcnde Pdnd\u00a0 m\u00fczi\u011fe ba\u011fl\u0131 olarak \u00e7al\u0131\u015fmalar\u0131n\u0131 devam ettirdi.<\/p>\n<p>Menajeri \u015eebnem \u00d6zberk olan Albere \u00e7ocukluk arkada\u015f\u0131 Edis G\u00f6rg\u00fcl\u00fc&#8217;ye back vokalleri ile destek veriyor.<\/p>\n","protected":false},"excerpt":{"rendered":"<p>Ayb\u00fcke Albere kimdir ka\u00e7 ya\u015f\u0131nda? merak ediliyor. Sevilen \u015fark\u0131lar\u0131yla dikkat \u00e7eken \u00fcnl\u00fc isim tarz\u0131yla da g\u00fcndemden d\u00fc\u015fm\u00fcyor.<\/p>\n","protected":false},"author":5,"featured_media":158262,"comment_status":"closed","ping_status":"closed","sticky":false,"template":"","format":"standard","meta":{"rank_math_lock_modified_date":false,"footnotes":""},"categories":[491],"tags":[17004,3374],"class_list":["post-158261","post","type-post","status-publish","format-standard","has-post-thumbnail","hentry","category-biyografi","tag-aybuke-albere","tag-biyografi"],"_links":{"self":[{"href":"https:\/\/www.tgrthaber.com\/mavikadin\/wp-json\/wp\/v2\/posts\/158261"}],"collection":[{"href":"https:\/\/www.tgrthaber.com\/mavikadin\/wp-json\/wp\/v2\/posts"}],"about":[{"href":"https:\/\/www.tgrthaber.com\/mavikadin\/wp-json\/wp\/v2\/types\/post"}],"author":[{"embeddable":true,"href":"https:\/\/www.tgrthaber.com\/mavikadin\/wp-json\/wp\/v2\/users\/5"}],"replies":[{"embeddable":true,"href":"https:\/\/www.tgrthaber.com\/mavikadin\/wp-json\/wp\/v2\/comments?post=158261"}],"version-history":[{"count":2,"href":"https:\/\/www.tgrthaber.com\/mavikadin\/wp-json\/wp\/v2\/posts\/158261\/revisions"}],"predecessor-version":[{"id":158266,"href":"https:\/\/www.tgrthaber.com\/mavikadin\/wp-json\/wp\/v2\/posts\/158261\/revisions\/158266"}],"wp:featuredmedia":[{"embeddable":true,"href":"https:\/\/www.tgrthaber.com\/mavikadin\/wp-json\/wp\/v2\/media\/158262"}],"wp:attachment":[{"href":"https:\/\/www.tgrthaber.com\/mavikadin\/wp-json\/wp\/v2\/media?parent=158261"}],"wp:term":[{"taxonomy":"category","embeddable":true,"href":"https:\/\/www.tgrthaber.com\/mavikadin\/wp-json\/wp\/v2\/categories?post=158261"},{"taxonomy":"post_tag","embeddable":true,"href":"https:\/\/www.tgrthaber.com\/mavikadin\/wp-json\/wp\/v2\/tags?post=158261"}],"curies":[{"name":"wp","href":"https:\/\/api.w.org\/{rel}","templated":true}]}}