{"id":158291,"date":"2025-04-07T11:30:32","date_gmt":"2025-04-07T08:30:32","guid":{"rendered":"https:\/\/www.tgrthaber.com\/mavikadin\/?p=158291"},"modified":"2025-04-07T11:30:32","modified_gmt":"2025-04-07T08:30:32","slug":"uzak-sehir-bu-aksam-var-mi-20-bolumde-neler-olacak","status":"publish","type":"post","link":"https:\/\/www.tgrthaber.com\/mavikadin\/uzak-sehir-bu-aksam-var-mi-20-bolumde-neler-olacak\/","title":{"rendered":"Uzak \u015eehir bu ak\u015fam var m\u0131? 20. B\u00f6l\u00fcmde neler olacak?"},"content":{"rendered":"<p>Uzak \u015eehir bu ak\u015fam var m\u0131? merak konusu oldu. 20. B\u00f6l\u00fcm fragman\u0131 adeta nefes kesen Uzak \u015eehir heyecanla bekleniyor. \u0130lgiyle takip edilen Uzak \u015eehir dizisinde fragmandaki bo\u011fulma sahnesi y\u00fcrekleri a\u011fza getiriyor.<\/p>\n<h3>UZAK \u015eEH\u0130R BU AK\u015eAM VAR MI?<\/h3>\n<p>Kanal D&#8217;nin b\u00fcy\u00fck ilgiyle izlenen dizisinde yeni b\u00f6l\u00fcmde neler olaca\u011f\u0131 \u015fimdiden merak ediliyor. 20. b\u00f6l\u00fcm bu ak\u015fam g\u00fcn\u00fc saat 20.00&#8217;de Kanal D ekranlar\u0131nda yay\u0131nlanacak.<\/p>\n<p><img loading=\"lazy\" decoding=\"async\" class=\"alignnone size-full wp-image-158296\" src=\"https:\/\/www.tgrthaber.com\/mavikadin\/wp-content\/uploads\/Uzak-Sehir-1-5.png\" alt=\"\" width=\"1208\" height=\"680\" title=\"\" srcset=\"https:\/\/www.tgrthaber.com\/mavikadin\/wp-content\/uploads\/Uzak-Sehir-1-5.png 1208w, https:\/\/www.tgrthaber.com\/mavikadin\/wp-content\/uploads\/Uzak-Sehir-1-5-300x169.png 300w, https:\/\/www.tgrthaber.com\/mavikadin\/wp-content\/uploads\/Uzak-Sehir-1-5-1024x576.png 1024w, https:\/\/www.tgrthaber.com\/mavikadin\/wp-content\/uploads\/Uzak-Sehir-1-5-768x432.png 768w\" sizes=\"(max-width: 1208px) 100vw, 1208px\" \/><\/p>\n<hr \/>\n<h3>UZAK \u015eEH\u0130R 20. B\u00d6L\u00dcM<\/h3>\n<p>Bu ak\u015fam izleyicisiyle bulu\u015fmak i\u00e7in saatleri sayan dizide Alya\u2019n\u0131n kalbi o\u011flu i\u00e7in \u00e7arp\u0131yor. Cihan Deniz\u2019in ortadan kaybolu\u015fu herkesi b\u00fcy\u00fck bir endi\u015feye s\u00fcr\u00fckl\u00fcyor.<\/p>\n<p>31 Mart ak\u015fam\u0131 Ramazan Bayram\u0131 nedeniyle yay\u0131nlanmayan dizi bu ak\u015fam yeni b\u00f6l\u00fcm\u00fcyle ekranlara gelecek.<\/p>\n<p>Uzak \u015eehir 20. b\u00f6l\u00fcm fragman\u0131nda Alya&#8217;n\u0131n b\u00fcy\u00fck bir sars\u0131nt\u0131 ya\u015fad\u0131\u011f\u0131 ve Cihan&#8217;\u0131n ge\u00e7mi\u015fine dair yeni bilgiler \u00f6\u011frendi\u011fi g\u00f6r\u00fcl\u00fcyor.<\/p>\n<p>Karanl\u0131k s\u0131rlarla y\u00fczle\u015fen Alya\u2019n\u0131n do\u011fru bildikleri de\u011fi\u015fiyor.<\/p>\n<p><img loading=\"lazy\" decoding=\"async\" class=\"alignnone size-full wp-image-158297\" src=\"https:\/\/www.tgrthaber.com\/mavikadin\/wp-content\/uploads\/Uzak-Sehir-2-2.png\" alt=\"\" width=\"1208\" height=\"680\" title=\"\" srcset=\"https:\/\/www.tgrthaber.com\/mavikadin\/wp-content\/uploads\/Uzak-Sehir-2-2.png 1208w, https:\/\/www.tgrthaber.com\/mavikadin\/wp-content\/uploads\/Uzak-Sehir-2-2-300x169.png 300w, https:\/\/www.tgrthaber.com\/mavikadin\/wp-content\/uploads\/Uzak-Sehir-2-2-1024x576.png 1024w, https:\/\/www.tgrthaber.com\/mavikadin\/wp-content\/uploads\/Uzak-Sehir-2-2-768x432.png 768w\" sizes=\"(max-width: 1208px) 100vw, 1208px\" \/><\/p>\n<hr \/>\n<p>Alya\u2019n\u0131n annesinin geri d\u00f6n\u00fc\u015f\u00fc dizi izleyicilerini daha da merakland\u0131r\u0131yor. Alya\u2019n\u0131n ya\u015fad\u0131\u011f\u0131 bu s\u00fcre\u00e7 zorluklar\u0131 da beraberinde getirecek gibi g\u00f6r\u00fcn\u00fcyor.<\/p>\n<p>Dizinin yeni b\u00f6l\u00fcm fragman\u0131nda Boran\u2019la ilgili karanl\u0131k detaylar g\u00fcn y\u00fcz\u00fcne \u00e7\u0131k\u0131yor.<\/p>\n<p>Doktor U\u011fur\u2019un itiraf\u0131 sonras\u0131 Alya\u2019n\u0131n endi\u015feleri daha da art\u0131yor.<\/p>\n<p>Alya annesinin geri d\u00f6nmesiyle hayat\u0131nda yeni bir d\u00f6n\u00fcm noktas\u0131na giriyor.<\/p>\n<p><img loading=\"lazy\" decoding=\"async\" class=\"alignnone size-full wp-image-158298\" src=\"https:\/\/www.tgrthaber.com\/mavikadin\/wp-content\/uploads\/Uzak-Sehir-3-2.png\" alt=\"\" width=\"1208\" height=\"680\" title=\"\" srcset=\"https:\/\/www.tgrthaber.com\/mavikadin\/wp-content\/uploads\/Uzak-Sehir-3-2.png 1208w, https:\/\/www.tgrthaber.com\/mavikadin\/wp-content\/uploads\/Uzak-Sehir-3-2-300x169.png 300w, https:\/\/www.tgrthaber.com\/mavikadin\/wp-content\/uploads\/Uzak-Sehir-3-2-1024x576.png 1024w, https:\/\/www.tgrthaber.com\/mavikadin\/wp-content\/uploads\/Uzak-Sehir-3-2-768x432.png 768w\" sizes=\"(max-width: 1208px) 100vw, 1208px\" \/><\/p>\n<hr \/>\n<p>Senaryosunu G\u00fclizar Irmak\u2019\u0131n kaleme ald\u0131\u011f\u0131 Uzak \u015eehir, Ay Yap\u0131m ve AyNA Yap\u0131m imzas\u0131n\u0131 ta\u015f\u0131yor.<\/p>\n<p>\u0130lk b\u00f6l\u00fcm\u00fc 11 Kas\u0131m 2024 tarihinde yay\u0131nlanan Uzak \u015eehir\u2019de y\u00f6netmen koltu\u011funda Ahmet Kat\u0131ks\u0131z, Emre Aybek ve Y\u0131ld\u0131z A\u015fanbo\u011fa oturuyor.<\/p>\n<p>Dram t\u00fcr\u00fcndeki Uzak \u015eehir 2017 y\u0131l\u0131 L\u00fcbnan yap\u0131m\u0131 olan Al Hayba dizisinden uyarlanm\u0131\u015ft\u0131r.<\/p>\n<p><img loading=\"lazy\" decoding=\"async\" class=\"alignnone size-full wp-image-158299\" src=\"https:\/\/www.tgrthaber.com\/mavikadin\/wp-content\/uploads\/Uzak-Sehir-4-3.png\" alt=\"\" width=\"1208\" height=\"680\" title=\"\" srcset=\"https:\/\/www.tgrthaber.com\/mavikadin\/wp-content\/uploads\/Uzak-Sehir-4-3.png 1208w, https:\/\/www.tgrthaber.com\/mavikadin\/wp-content\/uploads\/Uzak-Sehir-4-3-300x169.png 300w, https:\/\/www.tgrthaber.com\/mavikadin\/wp-content\/uploads\/Uzak-Sehir-4-3-1024x576.png 1024w, https:\/\/www.tgrthaber.com\/mavikadin\/wp-content\/uploads\/Uzak-Sehir-4-3-768x432.png 768w\" sizes=\"(max-width: 1208px) 100vw, 1208px\" \/><\/p>\n<hr \/>\n<h3>&#8220;YAPIMCILAR TESAD\u00dcFLERE \u015eANS VERMEY\u0130 SEVMEZLER&#8221;<\/h3>\n<p>Bir dergiye r\u00f6portaj veren Ozan Akbaba \u2018Seni genellikle g\u00fc\u00e7l\u00fc karakterlerde izliyoruz. Bu tarz roller mi sana daha yak\u0131n yoksa tesad\u00fcf m\u00fc?\u2019 sorusuna \u015fu \u015fekilde cevap vermi\u015fti: \u201cDaha \u00f6nce san\u0131yorum kendimi bu tip rollerde kan\u0131tlama f\u0131rsat\u0131 yakalad\u0131\u011f\u0131m i\u00e7in olabilir. Yap\u0131mc\u0131lar tesad\u00fcflere \u015fans vermeyi sevmezler, illaki bir bildikleri vard\u0131r. \u201c<\/p>\n","protected":false},"excerpt":{"rendered":"<p>Ekranlar\u0131n sevilen dizisi Uzak \u015eehir bu ak\u015fam yay\u0131nlanacak m\u0131 merak ediliyor. Bayram dolay\u0131s\u0131yla yeni b\u00f6l\u00fcm\u00fc ekranlara gelmeyen dizide neler olacak \u015fimdiden ara\u015ft\u0131r\u0131l\u0131yor.<\/p>\n","protected":false},"author":5,"featured_media":158301,"comment_status":"closed","ping_status":"closed","sticky":false,"template":"","format":"standard","meta":{"rank_math_lock_modified_date":false,"footnotes":""},"categories":[602],"tags":[2628,2293],"class_list":["post-158291","post","type-post","status-publish","format-standard","has-post-thumbnail","hentry","category-diziler","tag-dizi-haberleri","tag-uzak-sehir"],"_links":{"self":[{"href":"https:\/\/www.tgrthaber.com\/mavikadin\/wp-json\/wp\/v2\/posts\/158291"}],"collection":[{"href":"https:\/\/www.tgrthaber.com\/mavikadin\/wp-json\/wp\/v2\/posts"}],"about":[{"href":"https:\/\/www.tgrthaber.com\/mavikadin\/wp-json\/wp\/v2\/types\/post"}],"author":[{"embeddable":true,"href":"https:\/\/www.tgrthaber.com\/mavikadin\/wp-json\/wp\/v2\/users\/5"}],"replies":[{"embeddable":true,"href":"https:\/\/www.tgrthaber.com\/mavikadin\/wp-json\/wp\/v2\/comments?post=158291"}],"version-history":[{"count":2,"href":"https:\/\/www.tgrthaber.com\/mavikadin\/wp-json\/wp\/v2\/posts\/158291\/revisions"}],"predecessor-version":[{"id":158303,"href":"https:\/\/www.tgrthaber.com\/mavikadin\/wp-json\/wp\/v2\/posts\/158291\/revisions\/158303"}],"wp:featuredmedia":[{"embeddable":true,"href":"https:\/\/www.tgrthaber.com\/mavikadin\/wp-json\/wp\/v2\/media\/158301"}],"wp:attachment":[{"href":"https:\/\/www.tgrthaber.com\/mavikadin\/wp-json\/wp\/v2\/media?parent=158291"}],"wp:term":[{"taxonomy":"category","embeddable":true,"href":"https:\/\/www.tgrthaber.com\/mavikadin\/wp-json\/wp\/v2\/categories?post=158291"},{"taxonomy":"post_tag","embeddable":true,"href":"https:\/\/www.tgrthaber.com\/mavikadin\/wp-json\/wp\/v2\/tags?post=158291"}],"curies":[{"name":"wp","href":"https:\/\/api.w.org\/{rel}","templated":true}]}}