{"id":158369,"date":"2025-04-07T14:26:05","date_gmt":"2025-04-07T11:26:05","guid":{"rendered":"https:\/\/www.tgrthaber.com\/mavikadin\/?p=158369"},"modified":"2025-04-07T14:26:05","modified_gmt":"2025-04-07T11:26:05","slug":"aleyna-tilki-dunyaca-unlu-justin-bieber-tarafindan-takibe-alindi-sosyal-medyada-gundem-oldu","status":"publish","type":"post","link":"https:\/\/www.tgrthaber.com\/mavikadin\/aleyna-tilki-dunyaca-unlu-justin-bieber-tarafindan-takibe-alindi-sosyal-medyada-gundem-oldu\/","title":{"rendered":"Aleyna Tilki d\u00fcnyaca \u00fcnl\u00fc Justin Bieber taraf\u0131ndan takibe al\u0131nd\u0131! Sosyal medyada g\u00fcndem oldu"},"content":{"rendered":"<p>D\u00fcnyaca \u00fcnl\u00fc \u015fark\u0131c\u0131, sosyal medyas\u0131ndan Aleyna Tilki\u2019yi takibe ald\u0131. Bu haber magazin g\u00fcndemine bomba gibi d\u00fc\u015ft\u00fc.<\/p>\n<h3>ALEYNA T\u0130LK\u0130 D\u00dcNYACA \u00dcNL\u00dc JUST\u0130N B\u0130EBER TARAFINDAN TAK\u0130BE ALINDI<\/h3>\n<p>\u00dcnl\u00fc \u015fark\u0131c\u0131 Aleyna Tilki, zaman zaman yapt\u0131\u011f\u0131 payla\u015f\u0131mlarla g\u00fcndem de yer al\u0131yor. \u2018Sen Olsan Bari, Ba\u015f\u0131ma Belas\u0131n ve Yalan\u2019 gibi \u015fark\u0131larla pop\u00fclerle\u015fen Tilki, sosyal medyada konu\u015fulmaya devam ediyor. Son zamanlarda yapt\u0131\u011f\u0131 a\u00e7\u0131klama ile magazin g\u00fcndemine d\u00fc\u015fen Tilki, d\u00fcnyaca \u00fcnl\u00fc isim taraf\u0131ndan sosyal medyada takibe al\u0131nd\u0131.<\/p>\n<p><img loading=\"lazy\" decoding=\"async\" class=\"alignnone wp-image-158386\" src=\"https:\/\/www.tgrthaber.com\/mavikadin\/wp-content\/uploads\/haber-gorselleri-fotoshop-24-5-1024x576.jpg\" alt=\"Aleyna Tilki d\u00fcnyaca \u00fcnl\u00fc Justin Bieber taraf\u0131ndan takibe al\u0131nd\u0131! Sosyal medyada g\u00fcndem oldu\" width=\"1208\" height=\"680\" title=\"\" srcset=\"https:\/\/www.tgrthaber.com\/mavikadin\/wp-content\/uploads\/haber-gorselleri-fotoshop-24-5-1024x576.jpg 1024w, https:\/\/www.tgrthaber.com\/mavikadin\/wp-content\/uploads\/haber-gorselleri-fotoshop-24-5-300x169.jpg 300w, https:\/\/www.tgrthaber.com\/mavikadin\/wp-content\/uploads\/haber-gorselleri-fotoshop-24-5-768x432.jpg 768w, https:\/\/www.tgrthaber.com\/mavikadin\/wp-content\/uploads\/haber-gorselleri-fotoshop-24-5-1536x864.jpg 1536w, https:\/\/www.tgrthaber.com\/mavikadin\/wp-content\/uploads\/haber-gorselleri-fotoshop-24-5.jpg 1600w\" sizes=\"(max-width: 1208px) 100vw, 1208px\" \/><\/p>\n<hr \/>\n<p>Aleyna Tilki, d\u00fcnyaca \u00fcnl\u00fc \u015fark\u0131c\u0131 Justin Bieber taraf\u0131ndan takibe ald\u0131nd\u0131. 2022 y\u0131l\u0131nda kat\u0131ld\u0131 bir programda Justin Bieber hakk\u0131nda konu\u015fan Tilki, o d\u00f6nemlerde magazin g\u00fcndemi taraf\u0131ndan ilgi oda\u011f\u0131 olmu\u015ftu. Program da s\u00f6yledi\u011fi, &#8216;Justin Bieber bana y\u00fcr\u00fcm\u00fc\u015ft\u00fc\u2019 diyen Tilki, ya\u015fad\u0131klar\u0131n\u0131 \u015f\u00f6yle anlatm\u0131\u015ft\u0131.<\/p>\n<h3><img loading=\"lazy\" decoding=\"async\" class=\"alignnone wp-image-158384\" src=\"https:\/\/www.tgrthaber.com\/mavikadin\/wp-content\/uploads\/haber-gorselleri-fotoshop-26-4-1024x576.jpg\" alt=\"Aleyna Tilki d\u00fcnyaca \u00fcnl\u00fc Justin Bieber taraf\u0131ndan takibe al\u0131nd\u0131! Sosyal medyada g\u00fcndem oldu\" width=\"1208\" height=\"680\" title=\"\" srcset=\"https:\/\/www.tgrthaber.com\/mavikadin\/wp-content\/uploads\/haber-gorselleri-fotoshop-26-4-1024x576.jpg 1024w, https:\/\/www.tgrthaber.com\/mavikadin\/wp-content\/uploads\/haber-gorselleri-fotoshop-26-4-300x169.jpg 300w, https:\/\/www.tgrthaber.com\/mavikadin\/wp-content\/uploads\/haber-gorselleri-fotoshop-26-4-768x432.jpg 768w, https:\/\/www.tgrthaber.com\/mavikadin\/wp-content\/uploads\/haber-gorselleri-fotoshop-26-4-1536x864.jpg 1536w, https:\/\/www.tgrthaber.com\/mavikadin\/wp-content\/uploads\/haber-gorselleri-fotoshop-26-4.jpg 1600w\" sizes=\"(max-width: 1208px) 100vw, 1208px\" \/><\/h3>\n<hr \/>\n<h3>SOSYAL MEDYADA G\u00dcNDEM OLDU<\/h3>\n<p>Aleyna Tilki, \u201cJustin Bieber, evlenmeden \u00f6nce, The Beverly Hills Hotel&#8217;de bana y\u00fcr\u00fcd\u00fc. Sufle yemek i\u00e7in gittim. Ya\u015f\u0131m tutmad\u0131\u011f\u0131 i\u00e7in bara oturmama izin vermediler. En az\u0131ndan bekleyene kadar orada oturmak istedim. Sonra yan\u0131mda bir \u00e7ocuk geldi ama \u00e7ingen yani. Ben de i\u015fte bu ne yap\u0131yor burada i\u015fsiz falan dedim. \u00c7ocuk garsona &#8216;Biraz beklesin burada s\u0131k\u0131nt\u0131 yok&#8217; falan dedi. Bende &#8216;Bu kim? Mek\u00e2n\u0131n sahibinin o\u011flu falan m\u0131?&#8217; dedimi\u015ftim. S\u00fcrekli kula\u011f\u0131ma gelip, bir \u015feyler s\u00f6yl\u00fcyor. Bende &#8216;S\u00fcrekli kula\u011f\u0131ma bir \u015fey s\u00f6yleme. \u00c7\u00fcnk\u00fc ben \u00e7ok \u00fcnl\u00fcy\u00fcm kendi \u00fclkemde&#8217; dedim. O da &#8216;Tamam o zaman&#8217; dedi. &#8216;Ben sana masa ayarl\u0131yorum, orada tak\u0131l&#8217; dedi. Sonra ben \u00e7ok \u00fcz\u00fcld\u00fcm.&#8221; s\u00f6zlerini ifade etmi\u015fti.<\/p>\n<p><img loading=\"lazy\" decoding=\"async\" class=\"alignnone wp-image-158387\" src=\"https:\/\/www.tgrthaber.com\/mavikadin\/wp-content\/uploads\/haber-gorselleri-fotoshop-23-5-1024x576.jpg\" alt=\"Aleyna Tilki d\u00fcnyaca \u00fcnl\u00fc Justin Bieber taraf\u0131ndan takibe al\u0131nd\u0131! Sosyal medyada g\u00fcndem oldu\" width=\"1208\" height=\"680\" title=\"\" srcset=\"https:\/\/www.tgrthaber.com\/mavikadin\/wp-content\/uploads\/haber-gorselleri-fotoshop-23-5-1024x576.jpg 1024w, https:\/\/www.tgrthaber.com\/mavikadin\/wp-content\/uploads\/haber-gorselleri-fotoshop-23-5-300x169.jpg 300w, https:\/\/www.tgrthaber.com\/mavikadin\/wp-content\/uploads\/haber-gorselleri-fotoshop-23-5-768x432.jpg 768w, https:\/\/www.tgrthaber.com\/mavikadin\/wp-content\/uploads\/haber-gorselleri-fotoshop-23-5-1536x864.jpg 1536w, https:\/\/www.tgrthaber.com\/mavikadin\/wp-content\/uploads\/haber-gorselleri-fotoshop-23-5.jpg 1600w\" sizes=\"(max-width: 1208px) 100vw, 1208px\" \/><\/p>\n<hr \/>\n<p>Justin Bieber&#8217;\u0131 o d\u00f6nemde tan\u0131mad\u0131\u011f\u0131n\u0131 ve insanlar\u0131n onunla foto\u011fraf \u00e7ekilmesi \u00fczerine orada \u00e7al\u0131\u015fan bir garsona sorarak Justin Bieber oldu\u011funu \u00f6\u011frendi\u011fini s\u00f6ylemi\u015fti. Bu ya\u015fanan olayla ilgili Bieber taraf\u0131ndan o d\u00f6nem de bir a\u00e7\u0131klama gelmemi\u015fti. Bu s\u00f6zleri ile sosyal medyada g\u00fcndem olmu\u015f ve \u00e7ok konu\u015fulmu\u015ftu.<\/p>\n<p><img loading=\"lazy\" decoding=\"async\" class=\"alignnone wp-image-158389\" src=\"https:\/\/www.tgrthaber.com\/mavikadin\/wp-content\/uploads\/haber-gorselleri-fotoshop-28-4-1024x576.jpg\" alt=\"Aleyna Tilki d\u00fcnyaca \u00fcnl\u00fc Justin Bieber taraf\u0131ndan takibe al\u0131nd\u0131! Sosyal medyada g\u00fcndem oldu\" width=\"1208\" height=\"680\" title=\"\" srcset=\"https:\/\/www.tgrthaber.com\/mavikadin\/wp-content\/uploads\/haber-gorselleri-fotoshop-28-4-1024x576.jpg 1024w, https:\/\/www.tgrthaber.com\/mavikadin\/wp-content\/uploads\/haber-gorselleri-fotoshop-28-4-300x169.jpg 300w, https:\/\/www.tgrthaber.com\/mavikadin\/wp-content\/uploads\/haber-gorselleri-fotoshop-28-4-768x432.jpg 768w, https:\/\/www.tgrthaber.com\/mavikadin\/wp-content\/uploads\/haber-gorselleri-fotoshop-28-4-1536x864.jpg 1536w, https:\/\/www.tgrthaber.com\/mavikadin\/wp-content\/uploads\/haber-gorselleri-fotoshop-28-4.jpg 1600w\" sizes=\"(max-width: 1208px) 100vw, 1208px\" \/><\/p>\n<hr \/>\n<p>\u015eimdi tekrardan ge\u00e7ti\u011fimiz dakikalarda d\u00fcnyaca \u00fcnl\u00fc \u015fark\u0131c\u0131 Bieber taraf\u0131ndan takibe al\u0131nan Aleyna Tilki g\u00fcndeme tekrardan geldi. 25 ya\u015f\u0131nda olan \u015fark\u0131c\u0131 her zaman hayalinin d\u00fcnyaya a\u00e7\u0131lmak oldu\u011funu da dile getiriyordu.<\/p>\n","protected":false},"excerpt":{"rendered":"<p>\u00dcnl\u00fc \u015fark\u0131c\u0131 Aleyna Tilki payla\u015f\u0131mlar\u0131yla ad\u0131ndan s\u00f6z ettirmeye devam ediyor. D\u00fcnyaca \u00fcnl\u00fc isim olan sanat\u00e7\u0131 Tilki\u2019yi takibe ald\u0131. \u0130\u015fte detaylar\u2026<\/p>\n","protected":false},"author":34,"featured_media":158388,"comment_status":"closed","ping_status":"closed","sticky":false,"template":"","format":"standard","meta":{"rank_math_lock_modified_date":false,"footnotes":""},"categories":[76],"tags":[3552,4031,2218,3169],"class_list":["post-158369","post","type-post","status-publish","format-standard","has-post-thumbnail","hentry","category-magazin","tag-aleyna-tilki","tag-justin-bieber","tag-magazin-haberleri","tag-sosyal-medya"],"_links":{"self":[{"href":"https:\/\/www.tgrthaber.com\/mavikadin\/wp-json\/wp\/v2\/posts\/158369"}],"collection":[{"href":"https:\/\/www.tgrthaber.com\/mavikadin\/wp-json\/wp\/v2\/posts"}],"about":[{"href":"https:\/\/www.tgrthaber.com\/mavikadin\/wp-json\/wp\/v2\/types\/post"}],"author":[{"embeddable":true,"href":"https:\/\/www.tgrthaber.com\/mavikadin\/wp-json\/wp\/v2\/users\/34"}],"replies":[{"embeddable":true,"href":"https:\/\/www.tgrthaber.com\/mavikadin\/wp-json\/wp\/v2\/comments?post=158369"}],"version-history":[{"count":1,"href":"https:\/\/www.tgrthaber.com\/mavikadin\/wp-json\/wp\/v2\/posts\/158369\/revisions"}],"predecessor-version":[{"id":158391,"href":"https:\/\/www.tgrthaber.com\/mavikadin\/wp-json\/wp\/v2\/posts\/158369\/revisions\/158391"}],"wp:featuredmedia":[{"embeddable":true,"href":"https:\/\/www.tgrthaber.com\/mavikadin\/wp-json\/wp\/v2\/media\/158388"}],"wp:attachment":[{"href":"https:\/\/www.tgrthaber.com\/mavikadin\/wp-json\/wp\/v2\/media?parent=158369"}],"wp:term":[{"taxonomy":"category","embeddable":true,"href":"https:\/\/www.tgrthaber.com\/mavikadin\/wp-json\/wp\/v2\/categories?post=158369"},{"taxonomy":"post_tag","embeddable":true,"href":"https:\/\/www.tgrthaber.com\/mavikadin\/wp-json\/wp\/v2\/tags?post=158369"}],"curies":[{"name":"wp","href":"https:\/\/api.w.org\/{rel}","templated":true}]}}