{"id":158382,"date":"2025-04-07T14:30:46","date_gmt":"2025-04-07T11:30:46","guid":{"rendered":"https:\/\/www.tgrthaber.com\/mavikadin\/?p=158382"},"modified":"2025-04-07T14:31:01","modified_gmt":"2025-04-07T11:31:01","slug":"orduda-bir-kadinin-azmi-igne-ve-iplikle-ailesinin-gecimini-sagliyor","status":"publish","type":"post","link":"https:\/\/www.tgrthaber.com\/mavikadin\/orduda-bir-kadinin-azmi-igne-ve-iplikle-ailesinin-gecimini-sagliyor\/","title":{"rendered":"Ordu&#8217;da bir kad\u0131n\u0131n azmi: \u0130\u011fne ve iplikle ailesinin ge\u00e7imini sa\u011fl\u0131yor"},"content":{"rendered":"<p>Ordu\u2019da ya\u015fayan 48 ya\u015f\u0131ndaki Meral M\u0131d\u0131ko\u011flu, e\u015finin beyin kanamas\u0131 ge\u00e7irmesi sebebiyle \u00fcniversite okuyan k\u0131z\u0131n\u0131n ge\u00e7imini sa\u011flamak i\u00e7in yapt\u0131\u011f\u0131 i\u011fne oyas\u0131 modelleri Ordu B\u00fcy\u00fck\u015fehir Belediyesi\u2019nin \u00fccretsiz olarak kad\u0131n giri\u015fimcilerin hizmetine sundu\u011fu &#8216;El Eme\u011fi \u00c7ar\u015f\u0131s\u0131\u2019nda sat\u0131yor.<\/p>\n<p>E\u015finin beyin kanamas\u0131 ge\u00e7irmesinden sonra birtak\u0131m sa\u011fl\u0131k problemleri ya\u015fayan M\u0131d\u0131ko\u011flu, e\u015fine bakt\u0131\u011f\u0131 gibi bir de i\u015fledi\u011fi el eme\u011fi \u00fcr\u00fcnleri sat\u0131\u015fa sunarak ge\u00e7imini sa\u011flamaya \u00e7al\u0131\u015f\u0131yor.<\/p>\n<p>Ba\u015flang\u0131\u00e7ta \u00fcr\u00fcnlerini satarken zorland\u0131\u011f\u0131n\u0131 ancak sonradan i\u015flerinin a\u00e7\u0131ld\u0131\u011f\u0131n\u0131 s\u00f6yleyen M\u0131d\u0131ko\u011flu, ya\u015fad\u0131\u011f\u0131 s\u00fcreci anlatt\u0131.<\/p>\n<h3>MERAL MIDIKO\u011eLU&#8217;NUN YAPTI\u011eI EL EME\u011e\u0130 \u00dcR\u00dcNLER B\u00dcY\u00dcK \u0130LG\u0130 G\u00d6RD\u00dc!<\/h3>\n<p>E\u015finin sa\u011fl\u0131k s\u0131k\u0131nt\u0131lar\u0131ndan \u00f6t\u00fcr\u00fc ev ekonomisine destek olmak ve \u00fcniversite \u00f6\u011frencisi k\u0131z\u0131n\u0131n e\u011fitim masraflar\u0131n\u0131 kar\u015f\u0131layabilmek i\u00e7in Meral M\u0131d\u0131ko\u011flu, i\u011fne oyas\u0131 \u00fcr\u00fcnlerini sat\u0131\u015fa sunuyor.<\/p>\n<p>Yapt\u0131\u011f\u0131 el i\u015fi g\u00f6z nuru \u00fcr\u00fcnlerini sat\u0131\u015fa sunmak i\u00e7in B\u00fcy\u00fck\u015fehir Belediyesi El Eme\u011fi \u00c7ar\u015f\u0131s\u0131\u2019n\u0131n kendisine \u00e7ok rahatl\u0131k ve b\u00fcy\u00fck kolayl\u0131k sa\u011flad\u0131\u011f\u0131n\u0131 dile getiren Meral M\u0131d\u0131ko\u011flu,<\/p>\n<p><img loading=\"lazy\" decoding=\"async\" class=\"alignnone wp-image-158390\" src=\"https:\/\/www.tgrthaber.com\/mavikadin\/wp-content\/uploads\/AW427251_01.jpg\" alt=\"\" width=\"1208\" height=\"805\" title=\"\" srcset=\"https:\/\/www.tgrthaber.com\/mavikadin\/wp-content\/uploads\/AW427251_01.jpg 999w, https:\/\/www.tgrthaber.com\/mavikadin\/wp-content\/uploads\/AW427251_01-300x200.jpg 300w, https:\/\/www.tgrthaber.com\/mavikadin\/wp-content\/uploads\/AW427251_01-768x512.jpg 768w\" sizes=\"(max-width: 1208px) 100vw, 1208px\" \/><\/p>\n<hr \/>\n<p>&#8220;23 y\u0131l Gebze\u2019de ya\u015fad\u0131ktan sonra memleketimiz \u00dcnye\u2019ye yerle\u015fme karar\u0131 ald\u0131k. Geldikten bir ay soran e\u015fim \u00e7ok \u00f6nemi bir sa\u011fl\u0131k problemi ya\u015fad\u0131. \u00c7ok zorlu s\u00fcre\u00e7ler ya\u015fad\u0131k. Bu s\u00fcre\u00e7ten sonra aile ekonomimize katk\u0131da bulunmak i\u00e7in \u00e7al\u0131\u015fmam gerekiyordu. Ben de bunun \u00fczerine en sevdi\u011fim en iyi bildi\u011fim i\u015f olan i\u011fne oyas\u0131 \u00fcr\u00fcnleri yapmaya ba\u015flad\u0131m.<\/p>\n<p>Bu s\u00fcre\u00e7te Ordu B\u00fcy\u00fck\u015fehir Belediyesi El Eme\u011fi \u00c7ar\u015f\u0131s\u0131\u2019na ba\u015fvurdum ve burada sat\u0131\u015flar yapmaya ba\u015flad\u0131.<\/p>\n<p>\u00c7ok fazla m\u00fc\u015fterimiz oldu. Sat\u0131\u015flar\u0131m\u0131z artt\u0131, telefonlarla sipari\u015fler almaya ba\u015flad\u0131k. Hem e\u015fimin ihtiya\u00e7lar\u0131n\u0131 gideriyor hem de burada \u00fccretsiz bir \u015fekilde \u00fcr\u00fcnlerimizi satabiliyoruz.<\/p>\n<p><img loading=\"lazy\" decoding=\"async\" class=\"alignnone wp-image-158393\" src=\"https:\/\/www.tgrthaber.com\/mavikadin\/wp-content\/uploads\/AW427251_02.jpg\" alt=\"\" width=\"1208\" height=\"805\" title=\"\" srcset=\"https:\/\/www.tgrthaber.com\/mavikadin\/wp-content\/uploads\/AW427251_02.jpg 999w, https:\/\/www.tgrthaber.com\/mavikadin\/wp-content\/uploads\/AW427251_02-300x200.jpg 300w, https:\/\/www.tgrthaber.com\/mavikadin\/wp-content\/uploads\/AW427251_02-768x512.jpg 768w\" sizes=\"(max-width: 1208px) 100vw, 1208px\" \/><\/p>\n<hr \/>\n<p>Buras\u0131 ayn\u0131 zamanda bir aile ortam\u0131 s\u0131cakl\u0131\u011f\u0131nda. Benim gibi bir\u00e7ok kad\u0131n arkada\u015f\u0131mda burada sat\u0131\u015f yap\u0131yor. Bize bu imk\u00e2n\u0131 sunan ve bize destek olan Ordu B\u00fcy\u00fck\u015fehir Belediyesi&#8217;ne \u00e7ok te\u015fekk\u00fcr ediyorum&#8221; ifadesinde bulundu.<\/p>\n<p>Bu sayede Meral M\u0131d\u0131ko\u011flu hem eve gelir sa\u011flarken hem de e\u015finin bak\u0131m\u0131yla daha rahat ilgilenebildi.<\/p>\n<p><img loading=\"lazy\" decoding=\"async\" class=\"alignnone wp-image-158394\" src=\"https:\/\/www.tgrthaber.com\/mavikadin\/wp-content\/uploads\/AW427251_05.jpg\" alt=\"\" width=\"1208\" height=\"805\" title=\"\" srcset=\"https:\/\/www.tgrthaber.com\/mavikadin\/wp-content\/uploads\/AW427251_05.jpg 999w, https:\/\/www.tgrthaber.com\/mavikadin\/wp-content\/uploads\/AW427251_05-300x200.jpg 300w, https:\/\/www.tgrthaber.com\/mavikadin\/wp-content\/uploads\/AW427251_05-768x512.jpg 768w\" sizes=\"(max-width: 1208px) 100vw, 1208px\" \/><\/p>\n<hr \/>\n<p>&nbsp;<\/p>\n","protected":false},"excerpt":{"rendered":"<p>Ordu B\u00fcy\u00fck\u015fehir Belediyesi\u2019nin kad\u0131nlar\u0131n hizmetine sundu\u011fu &#8216;El Eme\u011fi \u00c7ar\u015f\u0131s\u0131\u2019nda sat\u0131\u015f yaparak hem sa\u011fl\u0131k problemleri olan e\u015fine bakan hem de eve ekonomik katk\u0131 sa\u011flayan Meral M\u0131d\u0131ko\u011flu&#8217;nun i\u011fne oyas\u0131 \u00fcr\u00fcnleri b\u00fcy\u00fck ilgi g\u00f6rd\u00fc.<\/p>\n","protected":false},"author":27,"featured_media":158395,"comment_status":"closed","ping_status":"closed","sticky":false,"template":"","format":"standard","meta":{"rank_math_lock_modified_date":false,"footnotes":""},"categories":[78],"tags":[8888,5812,17022,17023,11951],"class_list":["post-158382","post","type-post","status-publish","format-standard","has-post-thumbnail","hentry","category-yasam","tag-igne-oyasi","tag-kadin-girisimci","tag-meral-midikoglu","tag-ordu-buyuksehir-belediyesi","tag-yasam-haberleri"],"_links":{"self":[{"href":"https:\/\/www.tgrthaber.com\/mavikadin\/wp-json\/wp\/v2\/posts\/158382"}],"collection":[{"href":"https:\/\/www.tgrthaber.com\/mavikadin\/wp-json\/wp\/v2\/posts"}],"about":[{"href":"https:\/\/www.tgrthaber.com\/mavikadin\/wp-json\/wp\/v2\/types\/post"}],"author":[{"embeddable":true,"href":"https:\/\/www.tgrthaber.com\/mavikadin\/wp-json\/wp\/v2\/users\/27"}],"replies":[{"embeddable":true,"href":"https:\/\/www.tgrthaber.com\/mavikadin\/wp-json\/wp\/v2\/comments?post=158382"}],"version-history":[{"count":3,"href":"https:\/\/www.tgrthaber.com\/mavikadin\/wp-json\/wp\/v2\/posts\/158382\/revisions"}],"predecessor-version":[{"id":158402,"href":"https:\/\/www.tgrthaber.com\/mavikadin\/wp-json\/wp\/v2\/posts\/158382\/revisions\/158402"}],"wp:featuredmedia":[{"embeddable":true,"href":"https:\/\/www.tgrthaber.com\/mavikadin\/wp-json\/wp\/v2\/media\/158395"}],"wp:attachment":[{"href":"https:\/\/www.tgrthaber.com\/mavikadin\/wp-json\/wp\/v2\/media?parent=158382"}],"wp:term":[{"taxonomy":"category","embeddable":true,"href":"https:\/\/www.tgrthaber.com\/mavikadin\/wp-json\/wp\/v2\/categories?post=158382"},{"taxonomy":"post_tag","embeddable":true,"href":"https:\/\/www.tgrthaber.com\/mavikadin\/wp-json\/wp\/v2\/tags?post=158382"}],"curies":[{"name":"wp","href":"https:\/\/api.w.org\/{rel}","templated":true}]}}