{"id":158462,"date":"2025-04-07T16:04:40","date_gmt":"2025-04-07T13:04:40","guid":{"rendered":"https:\/\/www.tgrthaber.com\/mavikadin\/?p=158462"},"modified":"2025-04-07T16:13:59","modified_gmt":"2025-04-07T13:13:59","slug":"eren-talu-kimdir-eren-talu-meslegi-ne-kimlerle-evlendi","status":"publish","type":"post","link":"https:\/\/www.tgrthaber.com\/mavikadin\/eren-talu-kimdir-eren-talu-meslegi-ne-kimlerle-evlendi\/","title":{"rendered":"Eren Talu kimdir? Eren Talu mesle\u011fi ne kimlerle evlendi?"},"content":{"rendered":"<p>Eren Talu mesle\u011fi ne kimlerle evlendi? ara\u015ft\u0131r\u0131l\u0131yor. Defne Samyeli&#8217;nin eski e\u015fi Eren Talu hakk\u0131nda kullan\u0131c\u0131lar bir\u00e7ok ara\u015ft\u0131rma yap\u0131yor.<\/p>\n<h3>EREN TALU K\u0130MD\u0130R?<\/h3>\n<p>Eski sunucu Defne Samyeli\u2019nin k\u0131zlar\u0131 ve eski e\u015fi g\u00fcndem oldu. Magazin g\u00fcndeminden d\u00fc\u015fmeyen ailenin \u00f6zel hayat\u0131 merak konusu oldu. Peki Eren Talu kimdir, evli mi? Eren Talu ka\u00e7 ya\u015f\u0131nda, mesle\u011fi ne? Defne Samyeli&#8217;nin eski e\u015fi, Deren ve Derin Talu&#8217;nun babalar\u0131 Eren Talu hakk\u0131nda bilinmeyenler.<\/p>\n<p><img loading=\"lazy\" decoding=\"async\" class=\"alignnone size-full wp-image-158468\" src=\"https:\/\/www.tgrthaber.com\/mavikadin\/wp-content\/uploads\/Eren-Talu-3.png\" alt=\"\" width=\"1208\" height=\"680\" title=\"\" srcset=\"https:\/\/www.tgrthaber.com\/mavikadin\/wp-content\/uploads\/Eren-Talu-3.png 1208w, https:\/\/www.tgrthaber.com\/mavikadin\/wp-content\/uploads\/Eren-Talu-3-300x169.png 300w, https:\/\/www.tgrthaber.com\/mavikadin\/wp-content\/uploads\/Eren-Talu-3-1024x576.png 1024w, https:\/\/www.tgrthaber.com\/mavikadin\/wp-content\/uploads\/Eren-Talu-3-768x432.png 768w\" sizes=\"(max-width: 1208px) 100vw, 1208px\" \/><\/p>\n<hr \/>\n<p>1960 y\u0131l\u0131nda do\u011fan Eren Talu, mimard\u0131r. Defne Samyeli ile olan evlili\u011fiyle tan\u0131nan Talu\u2019nun bir karde\u015fi bulunuyor.<\/p>\n<p>Eren Talu\u2019nun karde\u015fi de mimarl\u0131k mesle\u011fini yap\u0131yor. Lise e\u011fitimini Galatasaray Lisesi&#8217;nde tamamlayan Eren Talu, G\u00fczel Sanatlar Akademisini bitirdi.<\/p>\n<p>Lakab\u0131 \u2018Whites\u2019 olan Eren Talu uzun bir s\u00fcre \u00f6nce Defne Samyeli ile evliydi. Talu\u2019ya Whites denmesinin nedeni de yal\u0131n ve sade bir anlay\u0131\u015f\u0131 benimsedi\u011fi i\u00e7indir.<\/p>\n<p><img loading=\"lazy\" decoding=\"async\" class=\"alignnone size-full wp-image-158469\" src=\"https:\/\/www.tgrthaber.com\/mavikadin\/wp-content\/uploads\/Eren-Talu-4.png\" alt=\"\" width=\"1208\" height=\"680\" title=\"\" srcset=\"https:\/\/www.tgrthaber.com\/mavikadin\/wp-content\/uploads\/Eren-Talu-4.png 1208w, https:\/\/www.tgrthaber.com\/mavikadin\/wp-content\/uploads\/Eren-Talu-4-300x169.png 300w, https:\/\/www.tgrthaber.com\/mavikadin\/wp-content\/uploads\/Eren-Talu-4-1024x576.png 1024w, https:\/\/www.tgrthaber.com\/mavikadin\/wp-content\/uploads\/Eren-Talu-4-768x432.png 768w\" sizes=\"(max-width: 1208px) 100vw, 1208px\" \/><\/p>\n<hr \/>\n<p>Defne Samyeli ile olan evlili\u011finden Deren Talu ve Derin Talu ad\u0131nda iki \u00e7ocu\u011fu var. \u00c7ift \u00e7alkant\u0131l\u0131 bir bo\u015fanma s\u00fcreci ya\u015fad\u0131\u011f\u0131 i\u00e7in magazin g\u00fcndemine gelmi\u015fti.<\/p>\n<h3>EREN TALU RECA\u0130ZADE MAHMUT EKREM \u0130LE G\u00dcNDEM OLDU<\/h3>\n<p>Defne Samyeli\u2019nin k\u0131z\u0131 Derin Talu sosyal medya videolar\u0131yla g\u00fcndeme gelmeye devam ediyor.\u00a0 Bir kitap\u00e7\u0131ya giderek &#8220;Ben Recaizade Mahmut Ekrem&#8217;in torunuyum&#8221; diyen Talu&#8217;nun ger\u00e7ekten \u00fcnl\u00fc \u015fair ve yazar\u0131n torunu oldu\u011fu ortaya \u00e7\u0131kt\u0131.<\/p>\n<p>Defne Samyeli\u2019nin 2011\u2019de ayr\u0131ld\u0131\u011f\u0131 e\u015fi Eren Talu ile evlili\u011finden d\u00fcnyaya gelen k\u0131z\u0131 Derin Talu ger\u00e7e\u011fi ortaya \u00e7\u0131kard\u0131. Samyeli&#8217;nin 21 ya\u015f\u0131ndaki k\u0131z\u0131 Derin Talu Instagram sayfas\u0131ndan payla\u015f\u0131mlar\u0131na devam ediyor.<\/p>\n<p><img loading=\"lazy\" decoding=\"async\" class=\"alignnone size-full wp-image-152708\" src=\"https:\/\/www.tgrthaber.com\/mavikadin\/wp-content\/uploads\/Derin-talu-4.jpg\" alt=\"\" width=\"1208\" height=\"680\" title=\"\" srcset=\"https:\/\/www.tgrthaber.com\/mavikadin\/wp-content\/uploads\/Derin-talu-4.jpg 1208w, https:\/\/www.tgrthaber.com\/mavikadin\/wp-content\/uploads\/Derin-talu-4-300x169.jpg 300w, https:\/\/www.tgrthaber.com\/mavikadin\/wp-content\/uploads\/Derin-talu-4-1024x576.jpg 1024w, https:\/\/www.tgrthaber.com\/mavikadin\/wp-content\/uploads\/Derin-talu-4-768x432.jpg 768w\" sizes=\"(max-width: 1208px) 100vw, 1208px\" \/><\/p>\n<hr \/>\n<h3>CV \u0130LANI D\u0130KKAT \u00c7EKT\u0130<\/h3>\n<p>Derin Talu TikTok hesab\u0131ndan yay\u0131nlad\u0131\u011f\u0131 videolar\u0131ndan birinde sevgilim olmak istiyorsan\u0131z CV yollay\u0131n diyerek tepki \u00e7ekmi\u015fti.<\/p>\n<p><img loading=\"lazy\" decoding=\"async\" class=\"alignnone wp-image-155249\" src=\"https:\/\/www.tgrthaber.com\/mavikadin\/wp-content\/uploads\/haber-gorselleri-fotoshop-2025-03-31T151231.137.jpg\" alt=\"\" width=\"1208\" height=\"680\" title=\"\" srcset=\"https:\/\/www.tgrthaber.com\/mavikadin\/wp-content\/uploads\/haber-gorselleri-fotoshop-2025-03-31T151231.137.jpg 1600w, https:\/\/www.tgrthaber.com\/mavikadin\/wp-content\/uploads\/haber-gorselleri-fotoshop-2025-03-31T151231.137-300x169.jpg 300w, https:\/\/www.tgrthaber.com\/mavikadin\/wp-content\/uploads\/haber-gorselleri-fotoshop-2025-03-31T151231.137-1024x576.jpg 1024w, https:\/\/www.tgrthaber.com\/mavikadin\/wp-content\/uploads\/haber-gorselleri-fotoshop-2025-03-31T151231.137-768x432.jpg 768w, https:\/\/www.tgrthaber.com\/mavikadin\/wp-content\/uploads\/haber-gorselleri-fotoshop-2025-03-31T151231.137-1536x864.jpg 1536w\" sizes=\"(max-width: 1208px) 100vw, 1208px\" \/><\/p>\n<hr \/>\n<h3>SEVG\u0130L\u0130 KR\u0130TER\u0130N\u0130 A\u00c7IKLADI<\/h3>\n<p>Bir erkekte arad\u0131\u011f\u0131 kriterleri s\u0131ralayan Talu, \u015fu ifadeleri kullanm\u0131\u015ft\u0131:<\/p>\n<p>&#8216;Ben \u00e7ok kad\u0131nla birlikte olmu\u015f erkekleri tercih ediyorum. Ne yapt\u0131\u011f\u0131n\u0131 bilmesini istiyorum her anlamda. Di\u011fer t\u00fcrl\u00fc benden \u00e7ok utan\u0131yorlar. Bu saatten sonra utand\u0131\u011f\u0131m biriyle beraber olmayaca\u011f\u0131m, ailemle tan\u0131\u015ft\u0131ramayaca\u011f\u0131m biriyle beraber olmayaca\u011f\u0131m ve ben bir t\u0131k ya\u015fl\u0131 tercih ediyorum. \u00c7ok da de\u011fil ama hi\u00e7 kendi ya\u015f\u0131t\u0131m biriyle denk gelmedim, o anlamda bir \u015fey hissetmedim ama olabilir tabii ki ileride. Bu saatten sonra \u00e7al\u0131\u015fan erkeklerle birlikte olaca\u011f\u0131m sadece, \u00e7al\u0131\u015fmayan erkek kadar hi\u00e7bir i\u015fe yaramayan bir varl\u0131k yok. Hayata kar\u015f\u0131 t\u00fcm sinirlerini sizden \u00e7\u0131kart\u0131rlar&#8217;<\/p>\n","protected":false},"excerpt":{"rendered":"<p>Defne Samyeli\u2019nin eski e\u015fi Eren Talu kimdir? merak konusu oldu. Defne Samyeli\u2019nin k\u0131z\u0131 ve eski e\u015fi g\u00fcndemden d\u00fc\u015fm\u00fcyor.<\/p>\n","protected":false},"author":5,"featured_media":158466,"comment_status":"closed","ping_status":"closed","sticky":false,"template":"","format":"standard","meta":{"rank_math_lock_modified_date":false,"footnotes":""},"categories":[491],"tags":[3374,16026],"class_list":["post-158462","post","type-post","status-publish","format-standard","has-post-thumbnail","hentry","category-biyografi","tag-biyografi","tag-eren-talu"],"_links":{"self":[{"href":"https:\/\/www.tgrthaber.com\/mavikadin\/wp-json\/wp\/v2\/posts\/158462"}],"collection":[{"href":"https:\/\/www.tgrthaber.com\/mavikadin\/wp-json\/wp\/v2\/posts"}],"about":[{"href":"https:\/\/www.tgrthaber.com\/mavikadin\/wp-json\/wp\/v2\/types\/post"}],"author":[{"embeddable":true,"href":"https:\/\/www.tgrthaber.com\/mavikadin\/wp-json\/wp\/v2\/users\/5"}],"replies":[{"embeddable":true,"href":"https:\/\/www.tgrthaber.com\/mavikadin\/wp-json\/wp\/v2\/comments?post=158462"}],"version-history":[{"count":4,"href":"https:\/\/www.tgrthaber.com\/mavikadin\/wp-json\/wp\/v2\/posts\/158462\/revisions"}],"predecessor-version":[{"id":158476,"href":"https:\/\/www.tgrthaber.com\/mavikadin\/wp-json\/wp\/v2\/posts\/158462\/revisions\/158476"}],"wp:featuredmedia":[{"embeddable":true,"href":"https:\/\/www.tgrthaber.com\/mavikadin\/wp-json\/wp\/v2\/media\/158466"}],"wp:attachment":[{"href":"https:\/\/www.tgrthaber.com\/mavikadin\/wp-json\/wp\/v2\/media?parent=158462"}],"wp:term":[{"taxonomy":"category","embeddable":true,"href":"https:\/\/www.tgrthaber.com\/mavikadin\/wp-json\/wp\/v2\/categories?post=158462"},{"taxonomy":"post_tag","embeddable":true,"href":"https:\/\/www.tgrthaber.com\/mavikadin\/wp-json\/wp\/v2\/tags?post=158462"}],"curies":[{"name":"wp","href":"https:\/\/api.w.org\/{rel}","templated":true}]}}