{"id":158505,"date":"2025-04-07T17:24:09","date_gmt":"2025-04-07T14:24:09","guid":{"rendered":"https:\/\/www.tgrthaber.com\/mavikadin\/?p=158505"},"modified":"2025-04-07T17:24:09","modified_gmt":"2025-04-07T14:24:09","slug":"kral-kaybederse-dizisinin-cansusu-mujde-uzman-kimdir-oyuncunun-yasi-ve-kariyeri-arastiriliyor","status":"publish","type":"post","link":"https:\/\/www.tgrthaber.com\/mavikadin\/kral-kaybederse-dizisinin-cansusu-mujde-uzman-kimdir-oyuncunun-yasi-ve-kariyeri-arastiriliyor\/","title":{"rendered":"Kral Kaybederse dizisinin Cansu&#8217;su M\u00fcjde Uzman kimdir? Oyuncunun ya\u015f\u0131 ve kariyeri ara\u015ft\u0131r\u0131l\u0131yor"},"content":{"rendered":"<p>Ba\u015far\u0131l\u0131 oyuncu M\u00fcjde Uzman, Kral Kaybederse dizisinin kadrosuna dahil oldu. Dizi de \u2018Cansu\u2019 karakteri ile seyirci kar\u015f\u0131s\u0131na \u00e7\u0131kacak. Bu haber sonras\u0131 M\u00fcjde Uzman hakk\u0131nda bilgiler ara\u015ft\u0131r\u0131lmaya ba\u015fland\u0131. Peki, Kral Kaybederse dizisinin Cansu\u2019su M\u00fcjde Uzman kimdir? Oyuncunun ya\u015f\u0131 ve kariyeri ara\u015ft\u0131r\u0131l\u0131yor\u2026<\/p>\n<h3>KRAL KAYBEDERSE D\u0130Z\u0130S\u0130N\u0130N CANSU&#8217;SU M\u00dcJDE UZMAN K\u0130MD\u0130R?<\/h3>\n<p>Zarif ve yetenekli y\u0131ld\u0131zlar\u0131ndan biri olan M\u00fcjde Uzman, y\u0131llard\u0131r ekranlarda sergiledi\u011fi ba\u015far\u0131l\u0131 performanslar\u0131yla geni\u015f bir hayran kitlesi kazand\u0131. Hem g\u00fczelli\u011fi hem de oyunculuk yetene\u011fiyle dikkat \u00e7eken Uzman, seyircinin kalbinde taht kurdu.<\/p>\n<p><img loading=\"lazy\" decoding=\"async\" class=\"alignnone wp-image-158513\" src=\"https:\/\/www.tgrthaber.com\/mavikadin\/wp-content\/uploads\/haber-gorselleri-fotoshop-45-4-1024x576.jpg\" alt=\"Kral Kaybederse dizisinin Cansu&#039;su M\u00fcjde Uzman kimdir? Oyuncunun ya\u015f\u0131 ve kariyeri ara\u015ft\u0131r\u0131l\u0131yor\" width=\"1208\" height=\"680\" title=\"\" srcset=\"https:\/\/www.tgrthaber.com\/mavikadin\/wp-content\/uploads\/haber-gorselleri-fotoshop-45-4-1024x576.jpg 1024w, https:\/\/www.tgrthaber.com\/mavikadin\/wp-content\/uploads\/haber-gorselleri-fotoshop-45-4-300x169.jpg 300w, https:\/\/www.tgrthaber.com\/mavikadin\/wp-content\/uploads\/haber-gorselleri-fotoshop-45-4-768x432.jpg 768w, https:\/\/www.tgrthaber.com\/mavikadin\/wp-content\/uploads\/haber-gorselleri-fotoshop-45-4-1536x864.jpg 1536w, https:\/\/www.tgrthaber.com\/mavikadin\/wp-content\/uploads\/haber-gorselleri-fotoshop-45-4.jpg 1600w\" sizes=\"(max-width: 1208px) 100vw, 1208px\" \/><\/p>\n<hr \/>\n<p>M\u00fcjde Uzman, 26 Eyl\u00fcl 1984\u2019te \u0130stanbul\u2019da d\u00fcnyaya geldi. \u0130stanbul\u2019un sanat ve k\u00fclt\u00fcrle i\u00e7 i\u00e7e b\u00fcy\u00fcyen atmosferinde yeti\u015fmesi, onun yeteneklerini ke\u015ffetmesine erken ya\u015fta olanak tan\u0131d\u0131. Kariyer yolculu\u011funa ise g\u00fczelli\u011fiyle ad\u0131m att\u0131. 2001 y\u0131l\u0131nda d\u00fczenlenen Elite Model Look yar\u0131\u015fmas\u0131nda birincilik kazanan Uzman, bu ba\u015far\u0131yla modellik d\u00fcnyas\u0131na giri\u015f yapt\u0131.<\/p>\n<h3><img loading=\"lazy\" decoding=\"async\" class=\"alignnone wp-image-158514\" src=\"https:\/\/www.tgrthaber.com\/mavikadin\/wp-content\/uploads\/haber-gorselleri-fotoshop-44-4-1024x576.jpg\" alt=\"Kral Kaybederse dizisinin Cansu&#039;su M\u00fcjde Uzman kimdir? Oyuncunun ya\u015f\u0131 ve kariyeri ara\u015ft\u0131r\u0131l\u0131yor\" width=\"1208\" height=\"680\" title=\"\" srcset=\"https:\/\/www.tgrthaber.com\/mavikadin\/wp-content\/uploads\/haber-gorselleri-fotoshop-44-4-1024x576.jpg 1024w, https:\/\/www.tgrthaber.com\/mavikadin\/wp-content\/uploads\/haber-gorselleri-fotoshop-44-4-300x169.jpg 300w, https:\/\/www.tgrthaber.com\/mavikadin\/wp-content\/uploads\/haber-gorselleri-fotoshop-44-4-768x432.jpg 768w, https:\/\/www.tgrthaber.com\/mavikadin\/wp-content\/uploads\/haber-gorselleri-fotoshop-44-4-1536x864.jpg 1536w, https:\/\/www.tgrthaber.com\/mavikadin\/wp-content\/uploads\/haber-gorselleri-fotoshop-44-4.jpg 1600w\" sizes=\"(max-width: 1208px) 100vw, 1208px\" \/><\/h3>\n<hr \/>\n<h3>M\u00dcJDE UZMAN KA\u00c7 YA\u015eINDA?<\/h3>\n<p>Modellikten sonra m\u00fczik kanallar\u0131nda VJ\u2019lik ve sunuculuk yaparak ekran \u00f6n\u00fcndeki do\u011fal duru\u015funu peki\u015ftiren M\u00fcjde Uzman, ger\u00e7ek \u00e7\u0131k\u0131\u015f\u0131n\u0131 oyunculukla yapt\u0131. 2008 y\u0131l\u0131nda \u201cParampar\u00e7a A\u015fklar\u201d dizisinde oynad\u0131\u011f\u0131 Nil karakteriyle oyunculuk kariyerine ad\u0131m att\u0131. \u0130zleyiciden ald\u0131\u011f\u0131 olumlu geri d\u00f6n\u00fc\u015fler, onun sekt\u00f6rdeki yerini sa\u011flamla\u015ft\u0131rd\u0131. \u015eimdilerde 40 ya\u015f\u0131nda olan ba\u015far\u0131l\u0131 oyuncu Uzman, \u00e7e\u015fitli bir\u00e7ok proje de rol ald\u0131.<\/p>\n<h3><img loading=\"lazy\" decoding=\"async\" class=\"alignnone wp-image-158515\" src=\"https:\/\/www.tgrthaber.com\/mavikadin\/wp-content\/uploads\/haber-gorselleri-fotoshop-43-4-1024x576.jpg\" alt=\"Kral Kaybederse dizisinin Cansu&#039;su M\u00fcjde Uzman kimdir? Oyuncunun ya\u015f\u0131 ve kariyeri ara\u015ft\u0131r\u0131l\u0131yor\" width=\"1208\" height=\"680\" title=\"\" srcset=\"https:\/\/www.tgrthaber.com\/mavikadin\/wp-content\/uploads\/haber-gorselleri-fotoshop-43-4-1024x576.jpg 1024w, https:\/\/www.tgrthaber.com\/mavikadin\/wp-content\/uploads\/haber-gorselleri-fotoshop-43-4-300x169.jpg 300w, https:\/\/www.tgrthaber.com\/mavikadin\/wp-content\/uploads\/haber-gorselleri-fotoshop-43-4-768x432.jpg 768w, https:\/\/www.tgrthaber.com\/mavikadin\/wp-content\/uploads\/haber-gorselleri-fotoshop-43-4-1536x864.jpg 1536w, https:\/\/www.tgrthaber.com\/mavikadin\/wp-content\/uploads\/haber-gorselleri-fotoshop-43-4.jpg 1600w\" sizes=\"(max-width: 1208px) 100vw, 1208px\" \/><\/h3>\n<hr \/>\n<h3>M\u00dcJDE UZMAN\u2019IN ROL ALDI\u011eI PROJELER NELER?<\/h3>\n<p>Oyunculuk kariyerindeki en dikkat \u00e7eken rollerinden biri ise, \u201cMuhte\u015fem Y\u00fczy\u0131l\u201d dizisinde oynad\u0131\u011f\u0131 \u2018Armin Hatun\u2019 karakteri oldu. D\u00f6nem dizilerinin a\u011f\u0131r atmosferinde bile oyunculu\u011fuyla parlayan Uzman, tarihi bir karakteri oynayarak izleyiciyi adeta b\u00fcy\u00fcledi. Daha sonra \u201cKiral\u0131k A\u015fk\u201d dizisinde Seda karakteriyle izleyicinin kar\u015f\u0131s\u0131na \u00e7\u0131kt\u0131<\/p>\n<p><img loading=\"lazy\" decoding=\"async\" class=\"alignnone wp-image-158517\" src=\"https:\/\/www.tgrthaber.com\/mavikadin\/wp-content\/uploads\/haber-gorselleri-fotoshop-47-4-1024x576.jpg\" alt=\"Kral Kaybederse dizisinin Cansu&#039;su M\u00fcjde Uzman kimdir? Oyuncunun ya\u015f\u0131 ve kariyeri ara\u015ft\u0131r\u0131l\u0131yor\" width=\"1208\" height=\"680\" title=\"\" srcset=\"https:\/\/www.tgrthaber.com\/mavikadin\/wp-content\/uploads\/haber-gorselleri-fotoshop-47-4-1024x576.jpg 1024w, https:\/\/www.tgrthaber.com\/mavikadin\/wp-content\/uploads\/haber-gorselleri-fotoshop-47-4-300x169.jpg 300w, https:\/\/www.tgrthaber.com\/mavikadin\/wp-content\/uploads\/haber-gorselleri-fotoshop-47-4-768x432.jpg 768w, https:\/\/www.tgrthaber.com\/mavikadin\/wp-content\/uploads\/haber-gorselleri-fotoshop-47-4-1536x864.jpg 1536w, https:\/\/www.tgrthaber.com\/mavikadin\/wp-content\/uploads\/haber-gorselleri-fotoshop-47-4.jpg 1600w\" sizes=\"(max-width: 1208px) 100vw, 1208px\" \/><\/p>\n<hr \/>\n<p>M\u00fcjde Uzman yaln\u0131zca televizyon projeleriyle de\u011fil, beyaz perdede de yer ald\u0131. Karakterlerinin alt\u0131n\u0131 ba\u015far\u0131yla dolduran oyuncu, duygusal yo\u011funlu\u011fu y\u00fcksek sahnelerdeki ba\u015far\u0131s\u0131yla ad\u0131ndan s\u0131k\u00e7a s\u00f6z ettirdi. Samimi tav\u0131rlar\u0131, do\u011fal g\u00fczelli\u011fi ve profesyonel duru\u015fuyla sekt\u00f6rde \u00f6rnek g\u00f6sterilen oyuncular aras\u0131nda yer al\u0131yor.<\/p>\n","protected":false},"excerpt":{"rendered":"<p>Star TV ekranlar\u0131n\u0131 sevilen dizisi Kral Kaybederse, kadrosuna yeni bir oyuncuyu dahil etti. Ba\u015far\u0131l\u0131 oyuncu M\u00fcjde Uzman sevilen dizinin kadrosuna kat\u0131ld\u0131. Bu haber sonras\u0131 M\u00fcjde Uzman merak edilen isim oldu. G\u00fczel oyuncu M\u00fcjde Uzman hakk\u0131nda bilgileri sizler i\u00e7in ara\u015ft\u0131rd\u0131k. <\/p>\n","protected":false},"author":34,"featured_media":158512,"comment_status":"closed","ping_status":"closed","sticky":false,"template":"","format":"standard","meta":{"rank_math_lock_modified_date":false,"footnotes":""},"categories":[491],"tags":[16521,2193,10721,3759,17043],"class_list":["post-158505","post","type-post","status-publish","format-standard","has-post-thumbnail","hentry","category-biyografi","tag-biyografi-haberleri","tag-kral-kaybederse","tag-kral-kaybederse-dizi","tag-mujde-uzman","tag-mujde-uzman-kimdir"],"_links":{"self":[{"href":"https:\/\/www.tgrthaber.com\/mavikadin\/wp-json\/wp\/v2\/posts\/158505"}],"collection":[{"href":"https:\/\/www.tgrthaber.com\/mavikadin\/wp-json\/wp\/v2\/posts"}],"about":[{"href":"https:\/\/www.tgrthaber.com\/mavikadin\/wp-json\/wp\/v2\/types\/post"}],"author":[{"embeddable":true,"href":"https:\/\/www.tgrthaber.com\/mavikadin\/wp-json\/wp\/v2\/users\/34"}],"replies":[{"embeddable":true,"href":"https:\/\/www.tgrthaber.com\/mavikadin\/wp-json\/wp\/v2\/comments?post=158505"}],"version-history":[{"count":2,"href":"https:\/\/www.tgrthaber.com\/mavikadin\/wp-json\/wp\/v2\/posts\/158505\/revisions"}],"predecessor-version":[{"id":158521,"href":"https:\/\/www.tgrthaber.com\/mavikadin\/wp-json\/wp\/v2\/posts\/158505\/revisions\/158521"}],"wp:featuredmedia":[{"embeddable":true,"href":"https:\/\/www.tgrthaber.com\/mavikadin\/wp-json\/wp\/v2\/media\/158512"}],"wp:attachment":[{"href":"https:\/\/www.tgrthaber.com\/mavikadin\/wp-json\/wp\/v2\/media?parent=158505"}],"wp:term":[{"taxonomy":"category","embeddable":true,"href":"https:\/\/www.tgrthaber.com\/mavikadin\/wp-json\/wp\/v2\/categories?post=158505"},{"taxonomy":"post_tag","embeddable":true,"href":"https:\/\/www.tgrthaber.com\/mavikadin\/wp-json\/wp\/v2\/tags?post=158505"}],"curies":[{"name":"wp","href":"https:\/\/api.w.org\/{rel}","templated":true}]}}