{"id":158506,"date":"2025-04-07T17:24:14","date_gmt":"2025-04-07T14:24:14","guid":{"rendered":"https:\/\/www.tgrthaber.com\/mavikadin\/?p=158506"},"modified":"2025-04-07T17:24:14","modified_gmt":"2025-04-07T14:24:14","slug":"esref-ruya-dizisinden-duygulandiran-tanitim-esref-ve-nisan-yetimlerin-yuzunu-guldurecek","status":"publish","type":"post","link":"https:\/\/www.tgrthaber.com\/mavikadin\/esref-ruya-dizisinden-duygulandiran-tanitim-esref-ve-nisan-yetimlerin-yuzunu-guldurecek\/","title":{"rendered":"E\u015fref R\u00fcya dizisinden duyguland\u0131ran tan\u0131t\u0131m! E\u015fref ve Nisan yetimlerin y\u00fcz\u00fcn\u00fc g\u00fcld\u00fcrecek"},"content":{"rendered":"<p>Kanal D ekranlar\u0131nda ekran maceras\u0131na yeni ba\u015flayan E\u015fref R\u00fcya dizisi, yeni b\u00f6l\u00fcmleriyle seyirciyi etkilemeye devam ediyor. \u0130ddial\u0131 diziler aras\u0131nda yer alan E\u015fref R\u00fcya, konusu ve g\u00fc\u00e7l\u00fc oyuncu kadrosuyla dikkatleri \u00fczerine \u00e7ekiyor. Hem izleyicilerin hem de sosyal medya kullan\u0131c\u0131lar\u0131n\u0131n yo\u011fun ilgisini \u00e7eken diziden duyguland\u0131ran tan\u0131t\u0131m geldi. E\u015fref ve Nisan\u2019\u0131n yetimlerin y\u00fcz\u00fcn\u00fc g\u00fcld\u00fcrd\u00fc\u011f\u00fc sahne sosyal medyaya damga vurdu. \u0130\u015fte E\u015fref R\u00fcya dizisinin yeni b\u00f6l\u00fcm\u00fcne dair detaylar\u2026<\/p>\n<h3>E\u015eREF R\u00dcYA D\u0130Z\u0130S\u0130NDEN DUYGULANDIRAN TANITIM!<\/h3>\n<p>Kanal D ekranlar\u0131n\u0131n iddial\u0131 dizileri aras\u0131nda yer alan E\u015fref R\u00fcya, ge\u00e7ti\u011fimiz haftalarda ilk b\u00f6l\u00fcm\u00fcyle ekranlara geldi. Ekran maceras\u0131na b\u00fcy\u00fck bir heyecanla ba\u015flayan E\u015fref R\u00fcya, izleyiciden tam not ald\u0131. Hem izleyicilerin hem de sosyal medya kullan\u0131c\u0131lar\u0131n\u0131n yo\u011fun ilgisini \u00e7eken dizi, yay\u0131nland\u0131\u011f\u0131 iki b\u00f6l\u00fcm\u00fcyle seyirciyi ekran ba\u015f\u0131na kilitledi. Ge\u00e7ti\u011fimiz hafta bayram tatili nedeniyle yeni b\u00f6l\u00fcm\u00fc yay\u0131nlanmayan dizi, 3. b\u00f6l\u00fcm tan\u0131t\u0131m\u0131yla sosyal medyaya damga vurdu.<\/p>\n<p><img loading=\"lazy\" decoding=\"async\" class=\"alignnone wp-image-158509\" src=\"https:\/\/www.tgrthaber.com\/mavikadin\/wp-content\/uploads\/Esref-Ruya-19-1024x576.jpg\" alt=\"E\u015fref R\u00fcya dizisinden duyguland\u0131ran tan\u0131t\u0131m! E\u015fref ve Nisan yetimlerin y\u00fcz\u00fcn\u00fc g\u00fcld\u00fcrecek\" width=\"1208\" height=\"680\" title=\"\" srcset=\"https:\/\/www.tgrthaber.com\/mavikadin\/wp-content\/uploads\/Esref-Ruya-19-1024x576.jpg 1024w, https:\/\/www.tgrthaber.com\/mavikadin\/wp-content\/uploads\/Esref-Ruya-19-300x169.jpg 300w, https:\/\/www.tgrthaber.com\/mavikadin\/wp-content\/uploads\/Esref-Ruya-19-768x432.jpg 768w, https:\/\/www.tgrthaber.com\/mavikadin\/wp-content\/uploads\/Esref-Ruya-19-1536x864.jpg 1536w, https:\/\/www.tgrthaber.com\/mavikadin\/wp-content\/uploads\/Esref-Ruya-19.jpg 1600w\" sizes=\"(max-width: 1208px) 100vw, 1208px\" \/><\/p>\n<hr \/>\n<p>Ekrana gelen 2 b\u00f6l\u00fcm\u00fcyle de izleyiciden tam puan alan E\u015fref R\u00fcya dizisinden duyguland\u0131ran tan\u0131t\u0131m geldi. Dizinin 3. b\u00f6l\u00fcm tan\u0131t\u0131m\u0131 adeta f\u0131rt\u0131na estirdi. Televizyon izleyicilerinin ve sosyal medya kullan\u0131c\u0131lar\u0131n\u0131n b\u00fcy\u00fck be\u011fenisini alan E\u015fref R\u00fcya\u2019n\u0131n yeni b\u00f6l\u00fcm tan\u0131t\u0131m\u0131na Sezen Aksu\u2019nun \u201cK\u00fc\u00e7\u00fc\u011f\u00fcm\u201d \u015fark\u0131s\u0131 damga vurdu.<\/p>\n<p>\u0130\u015fte E\u015fref R\u00fcya dizisinden izleyicileri duyguland\u0131ran 3. b\u00f6l\u00fcm tan\u0131t\u0131m\u0131\u2026<\/p>\n<div style=\"width: 640px;\" class=\"wp-video\"><!--[if lt IE 9]><script>document.createElement('video');<\/script><![endif]-->\n<video class=\"wp-video-shortcode\" id=\"video-158506-1\" width=\"640\" height=\"360\" preload=\"metadata\" controls=\"controls\"><source type=\"video\/mp4\" src=\"https:\/\/www.tgrthaber.com\/mavikadin\/wp-content\/uploads\/Esref-Ruya.mp4?_=1\" \/><a href=\"https:\/\/www.tgrthaber.com\/mavikadin\/wp-content\/uploads\/Esref-Ruya.mp4\">https:\/\/www.tgrthaber.com\/mavikadin\/wp-content\/uploads\/Esref-Ruya.mp4<\/a><\/video><\/div>\n<hr \/>\n<h3>E\u015eREF VE N\u0130SAN YET\u0130MLER\u0130N Y\u00dcZ\u00dcN\u00dc G\u00dcLD\u00dcRECEK!<\/h3>\n<p>Yeni b\u00f6l\u00fcm\u00fc b\u00fcy\u00fck bir merakla beklenen E\u015fref R\u00fcya dizisinin tan\u0131t\u0131m\u0131 yay\u0131nland\u0131. Dizinin 3. b\u00f6l\u00fcm tan\u0131t\u0131m\u0131 izleyiciler ve sosyal medya kullan\u0131c\u0131lar\u0131 taraf\u0131ndan b\u00fcy\u00fck ilgi g\u00f6rd\u00fc. E\u015fref ve Nisan\u2019\u0131n yetimhane ziyareti ise herkesi duyguland\u0131rd\u0131. Arka fonda Sezen Aksu\u2019nun \u201cK\u00fc\u00e7\u00fc\u011f\u00fcm\u201d \u015fark\u0131s\u0131n\u0131n \u00e7ald\u0131\u011f\u0131 tan\u0131t\u0131ma, E\u015fref ve Nisan\u2019\u0131n yetimhanedeki \u00e7ocuklarla bir araya gelip hediye verdikleri anlar damga vurdu. E\u015fref ve Nisan\u2019\u0131n yetimhanedeki sahneleri izleyenleri duyguland\u0131rd\u0131.<\/p>\n<p><img loading=\"lazy\" decoding=\"async\" class=\"alignnone wp-image-158510\" src=\"https:\/\/www.tgrthaber.com\/mavikadin\/wp-content\/uploads\/Esref-Ruya-16-1-1024x576.jpg\" alt=\"E\u015fref R\u00fcya dizisinden duyguland\u0131ran tan\u0131t\u0131m! E\u015fref ve Nisan yetimlerin y\u00fcz\u00fcn\u00fc g\u00fcld\u00fcrecek\" width=\"1208\" height=\"680\" title=\"\" srcset=\"https:\/\/www.tgrthaber.com\/mavikadin\/wp-content\/uploads\/Esref-Ruya-16-1-1024x576.jpg 1024w, https:\/\/www.tgrthaber.com\/mavikadin\/wp-content\/uploads\/Esref-Ruya-16-1-300x169.jpg 300w, https:\/\/www.tgrthaber.com\/mavikadin\/wp-content\/uploads\/Esref-Ruya-16-1-768x432.jpg 768w, https:\/\/www.tgrthaber.com\/mavikadin\/wp-content\/uploads\/Esref-Ruya-16-1-1536x864.jpg 1536w, https:\/\/www.tgrthaber.com\/mavikadin\/wp-content\/uploads\/Esref-Ruya-16-1.jpg 1600w\" sizes=\"(max-width: 1208px) 100vw, 1208px\" \/><\/p>\n<hr \/>\n<p>\u201cElimde \u00f6yle bir \u015fey var ki E\u015fref\u2019le ilgili \u2026\u201d ba\u015fl\u0131\u011f\u0131yla yay\u0131nlanan tan\u0131t\u0131m k\u0131sa s\u00fcrede milyonlarca kez izlendi. Nisan&#8217;\u0131 \u00c7i\u011fdem Komiser&#8217;le konu\u015furken g\u00f6ren E\u015fref\u2019in, ortada bir \u015feyler d\u00f6nd\u00fc\u011f\u00fcn\u00fc fark etti\u011fi tan\u0131t\u0131m, izleyicide heyecan olu\u015fturdu. Nisan\u2019\u0131n ise E\u015fref&#8217;le daha s\u0131k vakit ge\u00e7irip ses kayd\u0131 ile delil toplamaya \u00e7al\u0131\u015f\u0131rken E\u015fref&#8217;in yumu\u015fak kalbini g\u00f6rmesi ise tan\u0131t\u0131m\u0131n en \u00e7ok konu\u015fulan sahnelerinden biri oldu.<\/p>\n<p><img loading=\"lazy\" decoding=\"async\" class=\"alignnone wp-image-158516\" src=\"https:\/\/www.tgrthaber.com\/mavikadin\/wp-content\/uploads\/Esref-Ruya-13-1-1024x576.jpg\" alt=\"E\u015fref R\u00fcya dizisinden duyguland\u0131ran tan\u0131t\u0131m! E\u015fref ve Nisan yetimlerin y\u00fcz\u00fcn\u00fc g\u00fcld\u00fcrecek\" width=\"1208\" height=\"680\" title=\"\" srcset=\"https:\/\/www.tgrthaber.com\/mavikadin\/wp-content\/uploads\/Esref-Ruya-13-1-1024x576.jpg 1024w, https:\/\/www.tgrthaber.com\/mavikadin\/wp-content\/uploads\/Esref-Ruya-13-1-300x169.jpg 300w, https:\/\/www.tgrthaber.com\/mavikadin\/wp-content\/uploads\/Esref-Ruya-13-1-768x432.jpg 768w, https:\/\/www.tgrthaber.com\/mavikadin\/wp-content\/uploads\/Esref-Ruya-13-1-1536x864.jpg 1536w, https:\/\/www.tgrthaber.com\/mavikadin\/wp-content\/uploads\/Esref-Ruya-13-1.jpg 1600w\" sizes=\"(max-width: 1208px) 100vw, 1208px\" \/><\/p>\n<hr \/>\n<h3><strong>E\u015eREF R\u00dcYA D\u0130Z\u0130S\u0130 YEN\u0130 B\u00d6L\u00dcM NE ZAMAN?<\/strong><\/h3>\n<p>Ba\u015frollerinde \u00c7a\u011fatay Ulusoy ve Demet \u00d6zdemir\u2019in yer ald\u0131\u011f\u0131 dizi, konusu ve g\u00fc\u00e7l\u00fc oyuncu kadrosuyla dikkatleri \u00fczerine \u00e7ekiyor. Seyircinin b\u00fcy\u00fck bir merakla bekledi\u011fi E\u015fref R\u00fcya dizisi, yeni b\u00f6l\u00fcmleriyle izleyiciyi ekran ba\u015f\u0131na kilitlemeye devam ediyor. Hem televizyon izleyicilerinin hem de sosyal medya kullan\u0131c\u0131lar\u0131n\u0131n b\u00fcy\u00fck bir ilgiyle takip etti\u011fi dizi, rekorlar k\u0131rmaya devam ediyor.<\/p>\n<p><img loading=\"lazy\" decoding=\"async\" class=\"alignnone wp-image-158511\" src=\"https:\/\/www.tgrthaber.com\/mavikadin\/wp-content\/uploads\/Esref-Ruya-15-1-1024x576.jpg\" alt=\"E\u015fref R\u00fcya dizisinden duyguland\u0131ran tan\u0131t\u0131m! E\u015fref ve Nisan yetimlerin y\u00fcz\u00fcn\u00fc g\u00fcld\u00fcrecek\" width=\"1208\" height=\"680\" title=\"\" srcset=\"https:\/\/www.tgrthaber.com\/mavikadin\/wp-content\/uploads\/Esref-Ruya-15-1-1024x576.jpg 1024w, https:\/\/www.tgrthaber.com\/mavikadin\/wp-content\/uploads\/Esref-Ruya-15-1-300x169.jpg 300w, https:\/\/www.tgrthaber.com\/mavikadin\/wp-content\/uploads\/Esref-Ruya-15-1-768x432.jpg 768w, https:\/\/www.tgrthaber.com\/mavikadin\/wp-content\/uploads\/Esref-Ruya-15-1-1536x864.jpg 1536w, https:\/\/www.tgrthaber.com\/mavikadin\/wp-content\/uploads\/Esref-Ruya-15-1.jpg 1600w\" sizes=\"(max-width: 1208px) 100vw, 1208px\" \/><\/p>\n<hr \/>\n<p>Bayram tatili nedeniyle yeni b\u00f6l\u00fcmlerine ara verilen E\u015fref R\u00fcya dizisinin, gelecek b\u00f6l\u00fcm\u00fcn\u00fcn ne zaman yay\u0131nlanaca\u011f\u0131 merak ediliyor. E\u015fref R\u00fcya dizisi, 3. b\u00f6l\u00fcm\u00fcyle 9 Nisan \u00c7ar\u015famba 2025 izleyici kar\u015f\u0131s\u0131na \u00e7\u0131kmaya haz\u0131rlan\u0131yor. B\u00fcy\u00fck bir heyecanla beklenen dizinin yeni b\u00f6l\u00fcm\u00fcnde neler olaca\u011f\u0131 ise merakla ara\u015ft\u0131r\u0131l\u0131yor. E\u015fref R\u00fcya, nefes kesecek yeni b\u00f6l\u00fcm\u00fcyle 9 Nisan \u00c7ar\u015famba saat 20.00\u2019da Kanal D ekranlar\u0131nda seyirci ile bulu\u015fmaya geliyor.<\/p>\n","protected":false},"excerpt":{"rendered":"<p>Kanal D ekranlar\u0131n\u0131n iddial\u0131 dizileri aras\u0131nda yer alan E\u015fref R\u00fcya b\u00fcy\u00fck bir ilgiyle takip edilmeye devam ediyor. Konusu ve g\u00fc\u00e7l\u00fc oyuncu kadrosuyla dikkatleri \u00fczerine \u00e7eken dizinin yeni b\u00f6l\u00fcm\u00fcnde neler olaca\u011f\u0131 b\u00fcy\u00fck bir merakla bekleniyor. Dizinin yeni b\u00f6l\u00fcm tan\u0131t\u0131m\u0131 ise izleyiciye duygusal anlar ya\u015fatmaya geliyor. \u0130\u015fte detaylar\u2026<\/p>\n","protected":false},"author":26,"featured_media":158508,"comment_status":"closed","ping_status":"closed","sticky":false,"template":"","format":"standard","meta":{"rank_math_lock_modified_date":false,"footnotes":""},"categories":[602],"tags":[2628,4755,17044,11026,4756,15356],"class_list":["post-158506","post","type-post","status-publish","format-standard","has-post-thumbnail","hentry","category-diziler","tag-dizi-haberleri","tag-esref-ruya","tag-esref-ruya-3-bolum","tag-esref-ruya-dizi","tag-esref-ruya-dizisi","tag-esref-ruya-yeni-bolum"],"_links":{"self":[{"href":"https:\/\/www.tgrthaber.com\/mavikadin\/wp-json\/wp\/v2\/posts\/158506"}],"collection":[{"href":"https:\/\/www.tgrthaber.com\/mavikadin\/wp-json\/wp\/v2\/posts"}],"about":[{"href":"https:\/\/www.tgrthaber.com\/mavikadin\/wp-json\/wp\/v2\/types\/post"}],"author":[{"embeddable":true,"href":"https:\/\/www.tgrthaber.com\/mavikadin\/wp-json\/wp\/v2\/users\/26"}],"replies":[{"embeddable":true,"href":"https:\/\/www.tgrthaber.com\/mavikadin\/wp-json\/wp\/v2\/comments?post=158506"}],"version-history":[{"count":2,"href":"https:\/\/www.tgrthaber.com\/mavikadin\/wp-json\/wp\/v2\/posts\/158506\/revisions"}],"predecessor-version":[{"id":158523,"href":"https:\/\/www.tgrthaber.com\/mavikadin\/wp-json\/wp\/v2\/posts\/158506\/revisions\/158523"}],"wp:featuredmedia":[{"embeddable":true,"href":"https:\/\/www.tgrthaber.com\/mavikadin\/wp-json\/wp\/v2\/media\/158508"}],"wp:attachment":[{"href":"https:\/\/www.tgrthaber.com\/mavikadin\/wp-json\/wp\/v2\/media?parent=158506"}],"wp:term":[{"taxonomy":"category","embeddable":true,"href":"https:\/\/www.tgrthaber.com\/mavikadin\/wp-json\/wp\/v2\/categories?post=158506"},{"taxonomy":"post_tag","embeddable":true,"href":"https:\/\/www.tgrthaber.com\/mavikadin\/wp-json\/wp\/v2\/tags?post=158506"}],"curies":[{"name":"wp","href":"https:\/\/api.w.org\/{rel}","templated":true}]}}