{"id":158525,"date":"2025-04-07T17:30:50","date_gmt":"2025-04-07T14:30:50","guid":{"rendered":"https:\/\/www.tgrthaber.com\/mavikadin\/?p=158525"},"modified":"2025-09-18T16:35:40","modified_gmt":"2025-09-18T13:35:40","slug":"ferit-kaya-evli-mi-ferit-kaya-esi-yasemin-ceren-nereli","status":"publish","type":"post","link":"https:\/\/www.tgrthaber.com\/mavikadin\/ferit-kaya-evli-mi-ferit-kaya-esi-yasemin-ceren-nereli\/","title":{"rendered":"Ferit Kaya evli mi? Ferit Kaya e\u015fi Yasemin Ceren nereli?"},"content":{"rendered":"<p>\u00c7ukur dizisiyle y\u0131ld\u0131z\u0131 parlayan Ferit Kaya bu dizide &#8220;Murtaza&#8221; karakteriyle dikkat \u00e7ekmi\u015fti.<\/p>\n<h3>FER\u0130T KAYA EVL\u0130 M\u0130?<\/h3>\n<p>\u00d6yle Bir Ge\u00e7er Zaman ki, Gecenin Kanatlar\u0131, 7. Ko\u011fu\u015ftaki Mucize, Kay\u0131p ve \u00c7ukur dizileriyle ad\u0131ndan s\u00f6z ettiren Ferit Kaya \u015fimdilerde Uzak \u015eehir dizisiyle kariyerinin zirvesini ya\u015f\u0131yor. Ferit Kaya Yasemin Ceren ile memleketi Diyarbak\u0131r&#8217;da hayat\u0131n\u0131 birle\u015ftirdi. \u00dcnl\u00fc oyuncunun d\u00fc\u011f\u00fcn\u00fcnde arkada\u015flar\u0131 Bar\u0131\u015f Ardu\u00e7, Taner \u00d6lmez ve Erkan Avc\u0131 gibi isimler de vard\u0131.<\/p>\n<h3><img loading=\"lazy\" decoding=\"async\" class=\"alignnone size-full wp-image-158528\" src=\"https:\/\/www.tgrthaber.com\/mavikadin\/wp-content\/uploads\/Ferit-Kaya-1.png\" alt=\"\" width=\"1208\" height=\"680\" title=\"\" srcset=\"https:\/\/www.tgrthaber.com\/mavikadin\/wp-content\/uploads\/Ferit-Kaya-1.png 1208w, https:\/\/www.tgrthaber.com\/mavikadin\/wp-content\/uploads\/Ferit-Kaya-1-300x169.png 300w, https:\/\/www.tgrthaber.com\/mavikadin\/wp-content\/uploads\/Ferit-Kaya-1-1024x576.png 1024w, https:\/\/www.tgrthaber.com\/mavikadin\/wp-content\/uploads\/Ferit-Kaya-1-768x432.png 768w\" sizes=\"(max-width: 1208px) 100vw, 1208px\" \/><\/h3>\n<hr \/>\n<h3>FER\u0130T KAYA\u2019NIN E\u015e\u0130 YASEM\u0130N CEREN<\/h3>\n<p>Yak\u0131n zamanda Yasemin Ceren Top\u00e7u ile nikah masas\u0131na oturan Kaya, 14 Eyl\u00fcl 2024\u2019te evlenmi\u015fti. T\u00fcrk e\u011flence sekt\u00f6r\u00fcnden bir\u00e7ok tan\u0131nm\u0131\u015f ismin kat\u0131ld\u0131\u011f\u0131 d\u00fc\u011f\u00fcn Diyarbak\u0131r\u2019da yap\u0131ld\u0131.<\/p>\n<p>Diyarbak\u0131r\u2019da evlenen muhte\u015fem d\u00fc\u011f\u00fcn t\u00f6reninde davetliler halk oyunlar\u0131 e\u015fli\u011finde e\u011flendi. 35 ya\u015f\u0131ndaki Yasemin Ceren gayrimenkul sekt\u00f6r\u00fcnde kendine kariyer edindi. Meslekteki ba\u015far\u0131lar\u0131 yads\u0131namaz olan Yasemin Ceren hakk\u0131nda kamuoyunda \u00e7ok fazla bilgi bulunmuyor.<\/p>\n<p><img loading=\"lazy\" decoding=\"async\" class=\"alignnone size-full wp-image-158529\" src=\"https:\/\/www.tgrthaber.com\/mavikadin\/wp-content\/uploads\/Ferit-Kaya-4.png\" alt=\"\" width=\"1208\" height=\"680\" title=\"\" srcset=\"https:\/\/www.tgrthaber.com\/mavikadin\/wp-content\/uploads\/Ferit-Kaya-4.png 1208w, https:\/\/www.tgrthaber.com\/mavikadin\/wp-content\/uploads\/Ferit-Kaya-4-300x169.png 300w, https:\/\/www.tgrthaber.com\/mavikadin\/wp-content\/uploads\/Ferit-Kaya-4-1024x576.png 1024w, https:\/\/www.tgrthaber.com\/mavikadin\/wp-content\/uploads\/Ferit-Kaya-4-768x432.png 768w\" sizes=\"(max-width: 1208px) 100vw, 1208px\" \/><\/p>\n<hr \/>\n<h3>UZAK \u015eEH\u0130R\u2019\u0130N K\u00d6T\u00dc ADAMI<\/h3>\n<p>T\u00fcrk dizilerindeki rolleriyle ad\u0131ndan s\u00f6z ettiren Ferit Kaya \u015fuanda Demir Baybars rol\u00fcyle Uzak \u015eehir dizisinde yer al\u0131yor. Burada Albora ailesinin d\u00fc\u015fman\u0131 olan Ferit Kaya y\u00f6reye \u00f6zg\u00fc konu\u015fmalar\u0131yla da be\u011feni topluyor.<\/p>\n<p>Cihan Albora ile olan sahneleriyle \u00f6zellikle ilgi g\u00f6ren Ferit Kaya&#8217;n\u0131n v\u00fccut diliyle karakteri bir b\u00fct\u00fcn olarak ekranlara yans\u0131yor.<\/p>\n<p>Ferit Kaya\u2019n\u0131n ba\u015far\u0131lar\u0131 televizyonun \u00f6tesine dayan\u0131yor. Kaya\u2019n\u0131n tiyatro alan\u0131ndaki ba\u015far\u0131lar\u0131 da onun akt\u00f6r olarak \u00e7ok y\u00f6nl\u00fcl\u00fc\u011f\u00fcn\u00fc sergiliyor.<\/p>\n<p><img loading=\"lazy\" decoding=\"async\" class=\"alignnone size-full wp-image-158530\" src=\"https:\/\/www.tgrthaber.com\/mavikadin\/wp-content\/uploads\/Ferit-Kaya-7.png\" alt=\"\" width=\"1208\" height=\"680\" data-sitemapexclude=\"true\" title=\"\" srcset=\"https:\/\/www.tgrthaber.com\/mavikadin\/wp-content\/uploads\/Ferit-Kaya-7.png 1208w, https:\/\/www.tgrthaber.com\/mavikadin\/wp-content\/uploads\/Ferit-Kaya-7-300x169.png 300w, https:\/\/www.tgrthaber.com\/mavikadin\/wp-content\/uploads\/Ferit-Kaya-7-1024x576.png 1024w, https:\/\/www.tgrthaber.com\/mavikadin\/wp-content\/uploads\/Ferit-Kaya-7-768x432.png 768w\" sizes=\"(max-width: 1208px) 100vw, 1208px\" \/><\/p>\n<hr \/>\n<h3>DO\u011eRU B\u0130R \u0130\u015e \u00c7IKARDI\u011eIMIZIN EN G\u00dcZEL KANITI<\/h3>\n<p>Ferit Kaya bir r\u00f6portaj\u0131nda \u201cSeyirci Uzak \u015eehir\u2019i sevdi. Bu durum size nas\u0131l hissettiriyor?\u201d sorusu kar\u015f\u0131s\u0131nda \u015funlar\u0131 s\u00f6yledi:<\/p>\n<p>\u201cUzak \u015eehir\u201din geni\u015f bir kitle taraf\u0131ndan ilgi g\u00f6rmesi ve konu\u015fulmas\u0131, bizim i\u00e7in b\u00fcy\u00fck bir gurur kayna\u011f\u0131. Bu proje, uzun bir eme\u011fin ve ortak bir hayalin \u00fcr\u00fcn\u00fc. \u0130nsanlar\u0131n hik\u00e2yemize bu denli ba\u011flanmas\u0131, do\u011fru bir i\u015f \u00e7\u0131kard\u0131\u011f\u0131m\u0131z\u0131n en g\u00fczel kan\u0131t\u0131 diye d\u00fc\u015f\u00fcn\u00fcyorum.\u201d<\/p>\n<p>&nbsp;<\/p>\n","protected":false},"excerpt":{"rendered":"<p>Ferit Kaya evli mi? merak ediliyor. Uzak \u015eehir dizisinde Demir Baybars rol\u00fcyle dikkat \u00e7eken Ferit Kaya\u2019n\u0131n e\u015fi Yasemin Ceren\u2019in nereli oldu\u011fu ara\u015ft\u0131r\u0131l\u0131yor.<\/p>\n","protected":false},"author":5,"featured_media":158531,"comment_status":"closed","ping_status":"closed","sticky":false,"template":"","format":"standard","meta":{"rank_math_lock_modified_date":false,"footnotes":""},"categories":[491],"tags":[3374,2930,17046],"class_list":["post-158525","post","type-post","status-publish","format-standard","has-post-thumbnail","hentry","category-biyografi","tag-biyografi","tag-ferit-kaya","tag-yasemin-ceren"],"_links":{"self":[{"href":"https:\/\/www.tgrthaber.com\/mavikadin\/wp-json\/wp\/v2\/posts\/158525"}],"collection":[{"href":"https:\/\/www.tgrthaber.com\/mavikadin\/wp-json\/wp\/v2\/posts"}],"about":[{"href":"https:\/\/www.tgrthaber.com\/mavikadin\/wp-json\/wp\/v2\/types\/post"}],"author":[{"embeddable":true,"href":"https:\/\/www.tgrthaber.com\/mavikadin\/wp-json\/wp\/v2\/users\/5"}],"replies":[{"embeddable":true,"href":"https:\/\/www.tgrthaber.com\/mavikadin\/wp-json\/wp\/v2\/comments?post=158525"}],"version-history":[{"count":2,"href":"https:\/\/www.tgrthaber.com\/mavikadin\/wp-json\/wp\/v2\/posts\/158525\/revisions"}],"predecessor-version":[{"id":158533,"href":"https:\/\/www.tgrthaber.com\/mavikadin\/wp-json\/wp\/v2\/posts\/158525\/revisions\/158533"}],"wp:featuredmedia":[{"embeddable":true,"href":"https:\/\/www.tgrthaber.com\/mavikadin\/wp-json\/wp\/v2\/media\/158531"}],"wp:attachment":[{"href":"https:\/\/www.tgrthaber.com\/mavikadin\/wp-json\/wp\/v2\/media?parent=158525"}],"wp:term":[{"taxonomy":"category","embeddable":true,"href":"https:\/\/www.tgrthaber.com\/mavikadin\/wp-json\/wp\/v2\/categories?post=158525"},{"taxonomy":"post_tag","embeddable":true,"href":"https:\/\/www.tgrthaber.com\/mavikadin\/wp-json\/wp\/v2\/tags?post=158525"}],"curies":[{"name":"wp","href":"https:\/\/api.w.org\/{rel}","templated":true}]}}