{"id":158537,"date":"2025-04-07T18:10:58","date_gmt":"2025-04-07T15:10:58","guid":{"rendered":"https:\/\/www.tgrthaber.com\/mavikadin\/?p=158537"},"modified":"2025-04-07T18:10:58","modified_gmt":"2025-04-07T15:10:58","slug":"kizilcik-serbeti-dizisi-pembenin-ayrilmasi-tepki-cekiyor-kizilcik-serbetinde-neler-oluyor","status":"publish","type":"post","link":"https:\/\/www.tgrthaber.com\/mavikadin\/kizilcik-serbeti-dizisi-pembenin-ayrilmasi-tepki-cekiyor-kizilcik-serbetinde-neler-oluyor\/","title":{"rendered":"K\u0131z\u0131lc\u0131k \u015eerbeti dizisi Pembe&#8217;nin ayr\u0131lmas\u0131 tepki \u00e7ekiyor! K\u0131z\u0131lc\u0131k \u015eerbeti&#8217;nde neler oluyor?"},"content":{"rendered":"<p>Son d\u00f6nemlerin en \u00e7ok izlenen yap\u0131mlar\u0131ndan olan K\u0131z\u0131lc\u0131k \u015eerbeti, \u00e7arp\u0131c\u0131 bir ayr\u0131l\u0131k ya\u015fad\u0131. Pembe karakterini oynayan Sibel Ta\u015f\u00e7\u0131o\u011flu&#8217;ndan \u00fczen haber geldi. Ba\u015far\u0131l\u0131 oyuncu diziye veda eden isim oldu. Bu haber sonras\u0131 sosyal medyada ya\u015fanacak olan ayr\u0131l\u0131k tepkilere yol a\u00e7t\u0131.<\/p>\n<h3>KIZILCIK \u015eERBET\u0130 D\u0130Z\u0130S\u0130 PEMBE&#8217;N\u0130N AYRILMASI TEPK\u0130 \u00c7EK\u0130YOR<\/h3>\n<p>Cuma ak\u015famlar\u0131n\u0131n vazge\u00e7ilmez dizisi olan K\u0131z\u0131lc\u0131k \u015eerbeti oyuncu ayr\u0131l\u0131\u011f\u0131 ile g\u00fcndeme geldi. Pembe karakterini oynayan Sibel Ta\u015fc\u0131o\u011flu\u2019nun ayr\u0131lmas\u0131 tepkilere yol a\u00e7t\u0131. Kendi gibi oyuncu olan Do\u011fukan G\u00fcng\u00f6r, bu ayr\u0131l\u0131\u011fa sosyal medyas\u0131ndan tepki g\u00f6sterdi. K\u0131z\u0131lc\u0131k \u015eerbeti izleyici ise sosyal medyadan Pembe\u2019nin ayr\u0131l\u0131\u011f\u0131na sert s\u00f6zlerle ele\u015ftiri de bulundular.<\/p>\n<p><img loading=\"lazy\" decoding=\"async\" class=\"alignnone wp-image-158546\" src=\"https:\/\/www.tgrthaber.com\/mavikadin\/wp-content\/uploads\/haber-gorselleri-fotoshop-50-4-1024x576.jpg\" alt=\"K\u0131z\u0131lc\u0131k \u015eerbeti dizisi Pembe&#039;nin ayr\u0131lmas\u0131 tepki \u00e7ekiyor! K\u0131z\u0131lc\u0131k \u015eerbeti&#039;nde neler oluyor? \" width=\"1208\" height=\"680\" title=\"\" srcset=\"https:\/\/www.tgrthaber.com\/mavikadin\/wp-content\/uploads\/haber-gorselleri-fotoshop-50-4-1024x576.jpg 1024w, https:\/\/www.tgrthaber.com\/mavikadin\/wp-content\/uploads\/haber-gorselleri-fotoshop-50-4-300x169.jpg 300w, https:\/\/www.tgrthaber.com\/mavikadin\/wp-content\/uploads\/haber-gorselleri-fotoshop-50-4-768x432.jpg 768w, https:\/\/www.tgrthaber.com\/mavikadin\/wp-content\/uploads\/haber-gorselleri-fotoshop-50-4-1536x864.jpg 1536w, https:\/\/www.tgrthaber.com\/mavikadin\/wp-content\/uploads\/haber-gorselleri-fotoshop-50-4.jpg 1600w\" sizes=\"(max-width: 1208px) 100vw, 1208px\" \/><\/p>\n<hr \/>\n<p>Kadrosunda Ahmet M\u00fcmtaz Taylan, Feyza Civelek, S\u0131la T\u00fcrko\u011flu, Do\u011fukan G\u00fcng\u00f6r ve Evrim Alasya gibi oyuncular\u0131n oldu\u011fu K\u0131z\u0131lc\u0131k \u015eerbeti&#8217;nde Sibel Ta\u015fc\u0131o\u011flu Pembe karakterini oynuyordu. Oyuncu, en \u00e7ok konu\u015fulan isimler aras\u0131nda yer al\u0131yordu. Pembe\u2019nin ayr\u0131l\u0131\u011f\u0131 sonras\u0131 dizinin oyuncular\u0131ndan tepkiler gelmeye ba\u015flad\u0131. K\u0131z\u0131lc\u0131k \u015eerbetin\u2019de Fatih karakterini oynayan Do\u011fukan G\u00fcng\u00f6r, rol arkada\u015f\u0131n\u0131n ayr\u0131l\u0131\u011f\u0131na tepkisini sosyal medyas\u0131ndan yapt\u0131.<\/p>\n<p><img loading=\"lazy\" decoding=\"async\" class=\"alignnone wp-image-158548\" src=\"https:\/\/www.tgrthaber.com\/mavikadin\/wp-content\/uploads\/haber-gorselleri-fotoshop-48-4-1024x576.jpg\" alt=\"K\u0131z\u0131lc\u0131k \u015eerbeti dizisi Pembe&#039;nin ayr\u0131lmas\u0131 tepki \u00e7ekiyor! K\u0131z\u0131lc\u0131k \u015eerbeti&#039;nde neler oluyor? \" width=\"1208\" height=\"680\" title=\"\" srcset=\"https:\/\/www.tgrthaber.com\/mavikadin\/wp-content\/uploads\/haber-gorselleri-fotoshop-48-4-1024x576.jpg 1024w, https:\/\/www.tgrthaber.com\/mavikadin\/wp-content\/uploads\/haber-gorselleri-fotoshop-48-4-300x169.jpg 300w, https:\/\/www.tgrthaber.com\/mavikadin\/wp-content\/uploads\/haber-gorselleri-fotoshop-48-4-768x432.jpg 768w, https:\/\/www.tgrthaber.com\/mavikadin\/wp-content\/uploads\/haber-gorselleri-fotoshop-48-4-1536x864.jpg 1536w, https:\/\/www.tgrthaber.com\/mavikadin\/wp-content\/uploads\/haber-gorselleri-fotoshop-48-4.jpg 1600w\" sizes=\"(max-width: 1208px) 100vw, 1208px\" \/><\/p>\n<hr \/>\n<p>Pembe karakterinin son b\u00f6l\u00fcm\u00fc hakk\u0131nda konu\u015fan bir izleyici, Tokad\u0131 att\u0131ktan sonra o saniyelik korku ge\u00e7i\u015fi. Rabbim bu televizyonlar\u0131 sensiz b\u0131rakmas\u0131n&#8221; derken, Do\u011fukan G\u00fcng\u00f6r de &#8220;\u00c2min&#8221; dedi. Bu payla\u015f\u0131m\u0131 sonras\u0131 Do\u011fukan G\u00fcng\u00f6r sosyal medyada konu\u015fulan isimler aras\u0131nda yer ald\u0131.<\/p>\n<h3><img loading=\"lazy\" decoding=\"async\" class=\"alignnone wp-image-158545\" src=\"https:\/\/www.tgrthaber.com\/mavikadin\/wp-content\/uploads\/haber-gorselleri-fotoshop-51-4-1024x576.jpg\" alt=\"K\u0131z\u0131lc\u0131k \u015eerbeti dizisi Pembe&#039;nin ayr\u0131lmas\u0131 tepki \u00e7ekiyor! K\u0131z\u0131lc\u0131k \u015eerbeti&#039;nde neler oluyor? \" width=\"1208\" height=\"680\" title=\"\" srcset=\"https:\/\/www.tgrthaber.com\/mavikadin\/wp-content\/uploads\/haber-gorselleri-fotoshop-51-4-1024x576.jpg 1024w, https:\/\/www.tgrthaber.com\/mavikadin\/wp-content\/uploads\/haber-gorselleri-fotoshop-51-4-300x169.jpg 300w, https:\/\/www.tgrthaber.com\/mavikadin\/wp-content\/uploads\/haber-gorselleri-fotoshop-51-4-768x432.jpg 768w, https:\/\/www.tgrthaber.com\/mavikadin\/wp-content\/uploads\/haber-gorselleri-fotoshop-51-4-1536x864.jpg 1536w, https:\/\/www.tgrthaber.com\/mavikadin\/wp-content\/uploads\/haber-gorselleri-fotoshop-51-4.jpg 1600w\" sizes=\"(max-width: 1208px) 100vw, 1208px\" \/><\/h3>\n<hr \/>\n<h3>KIZILCIK \u015eERBET\u0130&#8217;NDE NELER OLUYOR<\/h3>\n<p>Show TV\u2019de yay\u0131nlanan K\u0131z\u0131lc\u0131k \u015eerbeti, seyircisini ekrana kilitlemeye devam ediyor. Cuma ak\u015famlar\u0131 ekranlara gelen dizi en \u00e7ok konu\u015fulan diziler aras\u0131nda yer al\u0131yor. K\u0131z\u0131lc\u0131k \u015eerbeti\u2019nin sevilen karakterlerinden olan Pembe\u2019nin ayr\u0131lmas\u0131 sosyal medyada en \u00e7ok dikkat \u00e7eken konu oldu. Kimi kullan\u0131c\u0131 bu ayr\u0131l\u0131\u011fa tepkilerini g\u00f6sterdi.<\/p>\n<p><img loading=\"lazy\" decoding=\"async\" class=\"alignnone wp-image-158547\" src=\"https:\/\/www.tgrthaber.com\/mavikadin\/wp-content\/uploads\/haber-gorselleri-fotoshop-49-4-1024x576.jpg\" alt=\"K\u0131z\u0131lc\u0131k \u015eerbeti dizisi Pembe&#039;nin ayr\u0131lmas\u0131 tepki \u00e7ekiyor! K\u0131z\u0131lc\u0131k \u015eerbeti&#039;nde neler oluyor? \" width=\"1208\" height=\"680\" title=\"\" srcset=\"https:\/\/www.tgrthaber.com\/mavikadin\/wp-content\/uploads\/haber-gorselleri-fotoshop-49-4-1024x576.jpg 1024w, https:\/\/www.tgrthaber.com\/mavikadin\/wp-content\/uploads\/haber-gorselleri-fotoshop-49-4-300x169.jpg 300w, https:\/\/www.tgrthaber.com\/mavikadin\/wp-content\/uploads\/haber-gorselleri-fotoshop-49-4-768x432.jpg 768w, https:\/\/www.tgrthaber.com\/mavikadin\/wp-content\/uploads\/haber-gorselleri-fotoshop-49-4-1536x864.jpg 1536w, https:\/\/www.tgrthaber.com\/mavikadin\/wp-content\/uploads\/haber-gorselleri-fotoshop-49-4.jpg 1600w\" sizes=\"(max-width: 1208px) 100vw, 1208px\" \/><\/p>\n<hr \/>\n<p>Dizinin yay\u0131nlanan son b\u00f6l\u00fcm\u00fcnde K\u0131v\u0131lc\u0131m\u2019\u0131n ge\u00e7irdi\u011fi rahats\u0131zl\u0131k bebe\u011fe bir zarar vermeden atlat\u0131ld\u0131. Do\u011fa ve Fatih\u2019in temelli olarak eve d\u00f6nm\u00fc\u015f olmalar\u0131 Pembe ve Nilay\u2019\u0131n eline b\u00fcy\u00fck bir koz veriyor. Nursema ve Firaz, Asude\u2019nin yan\u0131nda ya\u015famaya devam etmektedir. Oteldeki hareketlilikten g\u00f6z\u00fc korkan Abdullah, I\u015f\u0131l ile ya\u015fayacaklar\u0131 bir ev tutar. Abdullah\u2019\u0131n s\u0131rr\u0131n\u0131 bir s\u00fcre saklayan Nilay, daha fazla dayanamaz ve Pembe\u2019ye s\u00f6yler. Haberi duyunca y\u0131k\u0131lan Pembe h\u0131zla bir intikam plan\u0131n\u0131n pe\u015fine d\u00fc\u015fecektir.<\/p>\n","protected":false},"excerpt":{"rendered":"<p>Show TV ekranlar\u0131n\u0131n sevilen dizisi K\u0131z\u0131lc\u0131k \u015eerbeti&#8217;nde Pembe&#8217;nin ayr\u0131l\u0131\u015f\u0131 seyirci de \u015fok etkisi ya\u015fatt\u0131. Sibel Ta\u015f\u00e7\u0131o\u011flu&#8217;nun ayr\u0131l\u0131\u011f\u0131 tepkilere neden oldu. Diziznin Fatih&#8217;i Do\u011fukan G\u00fcngor rol arkada\u015f\u0131n\u0131n ayr\u0131l\u0131\u011f\u0131na tekpki g\u00f6sterdi. <\/p>\n","protected":false},"author":34,"featured_media":158547,"comment_status":"closed","ping_status":"closed","sticky":false,"template":"","format":"standard","meta":{"rank_math_lock_modified_date":false,"footnotes":""},"categories":[602],"tags":[2628,157,12439,8718],"class_list":["post-158537","post","type-post","status-publish","format-standard","has-post-thumbnail","hentry","category-diziler","tag-dizi-haberleri","tag-kizilcik-serbeti","tag-kizilcik-serbeti-dizi","tag-kizilcik-serbeti-pembe"],"_links":{"self":[{"href":"https:\/\/www.tgrthaber.com\/mavikadin\/wp-json\/wp\/v2\/posts\/158537"}],"collection":[{"href":"https:\/\/www.tgrthaber.com\/mavikadin\/wp-json\/wp\/v2\/posts"}],"about":[{"href":"https:\/\/www.tgrthaber.com\/mavikadin\/wp-json\/wp\/v2\/types\/post"}],"author":[{"embeddable":true,"href":"https:\/\/www.tgrthaber.com\/mavikadin\/wp-json\/wp\/v2\/users\/34"}],"replies":[{"embeddable":true,"href":"https:\/\/www.tgrthaber.com\/mavikadin\/wp-json\/wp\/v2\/comments?post=158537"}],"version-history":[{"count":2,"href":"https:\/\/www.tgrthaber.com\/mavikadin\/wp-json\/wp\/v2\/posts\/158537\/revisions"}],"predecessor-version":[{"id":158551,"href":"https:\/\/www.tgrthaber.com\/mavikadin\/wp-json\/wp\/v2\/posts\/158537\/revisions\/158551"}],"wp:featuredmedia":[{"embeddable":true,"href":"https:\/\/www.tgrthaber.com\/mavikadin\/wp-json\/wp\/v2\/media\/158547"}],"wp:attachment":[{"href":"https:\/\/www.tgrthaber.com\/mavikadin\/wp-json\/wp\/v2\/media?parent=158537"}],"wp:term":[{"taxonomy":"category","embeddable":true,"href":"https:\/\/www.tgrthaber.com\/mavikadin\/wp-json\/wp\/v2\/categories?post=158537"},{"taxonomy":"post_tag","embeddable":true,"href":"https:\/\/www.tgrthaber.com\/mavikadin\/wp-json\/wp\/v2\/tags?post=158537"}],"curies":[{"name":"wp","href":"https:\/\/api.w.org\/{rel}","templated":true}]}}