{"id":158543,"date":"2025-04-07T18:21:52","date_gmt":"2025-04-07T15:21:52","guid":{"rendered":"https:\/\/www.tgrthaber.com\/mavikadin\/?p=158543"},"modified":"2025-04-07T18:21:52","modified_gmt":"2025-04-07T15:21:52","slug":"muge-anli-ile-tatli-sert-bitiyor-mu-muge-anli-tatli-sert-programi-saat-kacta","status":"publish","type":"post","link":"https:\/\/www.tgrthaber.com\/mavikadin\/muge-anli-ile-tatli-sert-bitiyor-mu-muge-anli-tatli-sert-programi-saat-kacta\/","title":{"rendered":"M\u00fcge Anl\u0131 ile Tatl\u0131 Sert bitiyor mu? M\u00fcge Anl\u0131 Tatl\u0131 Sert program\u0131 saat ka\u00e7ta?"},"content":{"rendered":"<p class=\"p1\">ATV\u2019nin sevilen programlar\u0131ndan M\u00fcge Anl\u0131 ile Tatl\u0131 Sert, y\u0131llard\u0131r ekranda ger\u00e7ek olaylar\u0131 g\u00fcn y\u00fcz\u00fcne \u00e7\u0131karan, izleyiciyi ekrana kilitleyen yap\u0131s\u0131yla dikkat \u00e7ekiyor. Toplumsal sorunlara \u00e7\u00f6z\u00fcm \u00fcretmesi ve etkileyici yay\u0131n diliyle milyonlar\u0131n be\u011fenisini kazanan program, sosyal medyada da s\u0131k s\u0131k g\u00fcndeme geliyor. M\u00fcge Anl\u0131\u2019n\u0131n &#8216;G\u00fcven Bana&#8217; isimli yeni yar\u0131\u015fma format\u0131yla ekranlara geri d\u00f6necek olmas\u0131, izleyicilerde b\u00fcy\u00fck bir merak uyand\u0131rd\u0131. Bu geli\u015fmeyle birlikte herkesin akl\u0131ndaki soru ortak, &#8216;M\u00fcge Anl\u0131 ile Tatl\u0131 Sert bitiyor mu?&#8217; Ekranlar\u0131n merakla seyredilen program\u0131 M\u00fcge Anl\u0131 ile Tatl\u0131 Sert saat ka\u00e7ta yay\u0131nlan\u0131yor? \u0130\u015fte program\u0131n detaylar\u0131na dair merak edilenler\u2026<\/p>\n<h3>M\u00dcGE ANLI \u0130LE TATLI SERT B\u0130T\u0130YOR MU?<\/h3>\n<p class=\"p1\">ATV ekranlar\u0131n\u0131n uzun soluklu ve y\u00fcksek izlenme oranlar\u0131na sahip program\u0131 M\u00fcge Anl\u0131 ile Tatl\u0131 Sert, y\u0131llard\u0131r g\u00fcndeme ta\u015f\u0131d\u0131\u011f\u0131 toplumsal olaylar ve kay\u0131plar\u0131 ayd\u0131nlatmas\u0131yla dikkat \u00e7ekiyor. Ger\u00e7eklere ula\u015fma konusunda g\u00f6sterdi\u011fi \u00e7aba, program\u0131 milyonlar\u0131n hayat\u0131n\u0131n bir par\u00e7as\u0131 haline getirdi. Ancak son g\u00fcnlerde M\u00fcge Anl\u0131\u2019n\u0131n yeni bir formatla, &#8216;G\u00fcven Bana&#8217; adl\u0131 yar\u0131\u015fma program\u0131na ba\u015flayacak olmas\u0131, izleyicilerde bir soru i\u015faretine neden oldu. Herkes, &#8216;M\u00fcge Anl\u0131 ile Tatl\u0131 Sert bitiyor mu?&#8217; sorusunun cevab\u0131n\u0131 ar\u0131yor.<\/p>\n<p><img loading=\"lazy\" decoding=\"async\" class=\"alignnone wp-image-158557 \" src=\"https:\/\/www.tgrthaber.com\/mavikadin\/wp-content\/uploads\/Ekran-Resmi-2025-04-07-18.15.04.png\" alt=\"\" width=\"977\" height=\"603\" title=\"\" srcset=\"https:\/\/www.tgrthaber.com\/mavikadin\/wp-content\/uploads\/Ekran-Resmi-2025-04-07-18.15.04.png 898w, https:\/\/www.tgrthaber.com\/mavikadin\/wp-content\/uploads\/Ekran-Resmi-2025-04-07-18.15.04-300x185.png 300w, https:\/\/www.tgrthaber.com\/mavikadin\/wp-content\/uploads\/Ekran-Resmi-2025-04-07-18.15.04-768x474.png 768w\" sizes=\"(max-width: 977px) 100vw, 977px\" \/><\/p>\n<hr \/>\n<p>\u015eu an i\u00e7in program\u0131n tamamen sona erece\u011fine dair herhangi bir resmi a\u00e7\u0131klama yap\u0131lm\u0131\u015f de\u011fil. Ancak kulislerde konu\u015fulanlara g\u00f6re, M\u00fcge Anl\u0131 ile Tatl\u0131 Sert\u2019in her y\u0131l oldu\u011fu gibi bu sezon da haziran sonunda sezon aras\u0131 verece\u011fi ve ard\u0131ndan yaz aylar\u0131nda M\u00fcge Anl\u0131\u2019n\u0131n &#8216;G\u00fcven Bana&#8217; program\u0131yla ekranlara d\u00f6nece\u011fi tahmin ediliyor. Bu da, iki program\u0131n birbirinin yerine de\u011fil, farkl\u0131 d\u00f6nemlerde yay\u0131nlanaca\u011f\u0131 anlam\u0131na geliyor. M\u00fcge Anl\u0131 ile Tatl\u0131 Sert\u2019in sad\u0131k izleyicileri i\u00e7in bu geli\u015fme, hem merak uyand\u0131rd\u0131 hem de heyecana sebep oldu. \u015eimdilik g\u00f6zler resmi duyuruda.<\/p>\n<p><img loading=\"lazy\" decoding=\"async\" class=\"alignnone wp-image-158558 \" src=\"https:\/\/www.tgrthaber.com\/mavikadin\/wp-content\/uploads\/Ekran-Resmi-2025-04-07-18.15.10.png\" alt=\"\" width=\"974\" height=\"583\" title=\"\" srcset=\"https:\/\/www.tgrthaber.com\/mavikadin\/wp-content\/uploads\/Ekran-Resmi-2025-04-07-18.15.10.png 922w, https:\/\/www.tgrthaber.com\/mavikadin\/wp-content\/uploads\/Ekran-Resmi-2025-04-07-18.15.10-300x180.png 300w, https:\/\/www.tgrthaber.com\/mavikadin\/wp-content\/uploads\/Ekran-Resmi-2025-04-07-18.15.10-768x460.png 768w\" sizes=\"(max-width: 974px) 100vw, 974px\" \/><\/p>\n<hr \/>\n<h3>M\u00dcGE ANLI \u0130LE TATLI SERT PROGRAMI SAAT KA\u00c7TA?<\/h3>\n<p class=\"p1\">M\u00fcge Anl\u0131 ile Tatl\u0131 Sert program\u0131, hafta i\u00e7i her sabah saat 10.00\u2019da ATV ekranlar\u0131nda izleyiciyle bulu\u015fuyor. Ger\u00e7ek olaylara \u0131\u015f\u0131k tutan program, sabah ku\u015fa\u011f\u0131n\u0131n vazge\u00e7ilmez yap\u0131mlar\u0131 aras\u0131nda yer al\u0131yor ve her g\u00fcn milyonlarca ki\u015fiyi ekran ba\u015f\u0131na topluyor.<\/p>\n","protected":false},"excerpt":{"rendered":"<p>M\u00fcge Anl\u0131\u2019n\u0131n yeni program\u0131 &#8216;G\u00fcven Bana&#8217;y\u0131 sunacak olmas\u0131yla birlikte, M\u00fcge Anl\u0131 ile Tatl\u0131 Sert program\u0131n\u0131n devam edip etmeyece\u011fi izleyiciler taraf\u0131ndan merak konusu oldu. Her g\u00fcn saat 10.00\u2019da ekrana gelen program bitiyor mu? \u0130\u015fte merakla beklenen sorunun cevab\u0131&#8230; <\/p>\n","protected":false},"author":16,"featured_media":158559,"comment_status":"closed","ping_status":"closed","sticky":false,"template":"","format":"standard","meta":{"rank_math_lock_modified_date":false,"footnotes":""},"categories":[76],"tags":[17054,17053,17055],"class_list":["post-158543","post","type-post","status-publish","format-standard","has-post-thumbnail","hentry","category-magazin","tag-muge-anli-ile-tatli-sert-bitiyor-mu","tag-muge-anli-ile-tatli-sert-programi","tag-muge-anli-ile-tatli-sert-saat-kacta"],"_links":{"self":[{"href":"https:\/\/www.tgrthaber.com\/mavikadin\/wp-json\/wp\/v2\/posts\/158543"}],"collection":[{"href":"https:\/\/www.tgrthaber.com\/mavikadin\/wp-json\/wp\/v2\/posts"}],"about":[{"href":"https:\/\/www.tgrthaber.com\/mavikadin\/wp-json\/wp\/v2\/types\/post"}],"author":[{"embeddable":true,"href":"https:\/\/www.tgrthaber.com\/mavikadin\/wp-json\/wp\/v2\/users\/16"}],"replies":[{"embeddable":true,"href":"https:\/\/www.tgrthaber.com\/mavikadin\/wp-json\/wp\/v2\/comments?post=158543"}],"version-history":[{"count":1,"href":"https:\/\/www.tgrthaber.com\/mavikadin\/wp-json\/wp\/v2\/posts\/158543\/revisions"}],"predecessor-version":[{"id":158560,"href":"https:\/\/www.tgrthaber.com\/mavikadin\/wp-json\/wp\/v2\/posts\/158543\/revisions\/158560"}],"wp:featuredmedia":[{"embeddable":true,"href":"https:\/\/www.tgrthaber.com\/mavikadin\/wp-json\/wp\/v2\/media\/158559"}],"wp:attachment":[{"href":"https:\/\/www.tgrthaber.com\/mavikadin\/wp-json\/wp\/v2\/media?parent=158543"}],"wp:term":[{"taxonomy":"category","embeddable":true,"href":"https:\/\/www.tgrthaber.com\/mavikadin\/wp-json\/wp\/v2\/categories?post=158543"},{"taxonomy":"post_tag","embeddable":true,"href":"https:\/\/www.tgrthaber.com\/mavikadin\/wp-json\/wp\/v2\/tags?post=158543"}],"curies":[{"name":"wp","href":"https:\/\/api.w.org\/{rel}","templated":true}]}}