{"id":158584,"date":"2025-04-07T19:31:11","date_gmt":"2025-04-07T16:31:11","guid":{"rendered":"https:\/\/www.tgrthaber.com\/mavikadin\/?p=158584"},"modified":"2025-04-07T19:33:30","modified_gmt":"2025-04-07T16:33:30","slug":"gokhan-keserden-hayraninizla-evlenir-misiniz-sorusuna-dikkat-ceken-cevap","status":"publish","type":"post","link":"https:\/\/www.tgrthaber.com\/mavikadin\/gokhan-keserden-hayraninizla-evlenir-misiniz-sorusuna-dikkat-ceken-cevap\/","title":{"rendered":"G\u00f6khan Keser&#8217;den &#8216;Hayran\u0131n\u0131zla evlenir misiniz?&#8217; sorusuna dikkat \u00e7eken cevap!"},"content":{"rendered":"<p class=\"p1\">\u00dcnl\u00fc \u015fark\u0131c\u0131 G\u00f6khan Keser, kendisine y\u00f6neltilen &#8216;Hayran\u0131n\u0131zla evlenir misiniz?&#8217; sorusuna verdi\u011fi samimi cevapla g\u00fcndeme geldi. &#8216;Bilmiyorum, b\u00f6yle bir \u015fey olur mu ama neden olmas\u0131n?&#8217; \u015feklindeki cevab\u0131yla dikkatleri \u00fczerine \u00e7eken Keser\u2019e,<span class=\"Apple-converted-space\">\u00a0 <\/span>sosyal medyadan hayranlar\u0131 \u2018Benimle evlen\u2019 yorumlar\u0131yla \u00e7a\u011fr\u0131da bulundu.<\/p>\n<h3>G\u00d6KHAN KESER, &#8216;HAYRANINIZLA EVLEN\u0130R M\u0130S\u0130N\u0130Z?&#8217; SORUSUNA CEVAP VERD\u0130<\/h3>\n<p class=\"p1\">M\u00fczik d\u00fcnyas\u0131n\u0131n sevilen isimlerinden G\u00f6khan Keser, kat\u0131ld\u0131\u011f\u0131 bir programda kendisine y\u00f6neltilen &#8216;Hayran\u0131n\u0131zla evlenmeyi d\u00fc\u015f\u00fcn\u00fcr m\u00fcs\u00fcn\u00fcz?&#8217; sorusuna verdi\u011fi cevapla g\u00fcndem oldu. &#8216;Olur mu bilemem ama neden olmas\u0131n?&#8217; diyerek samimi bir a\u00e7\u0131klamada bulunan Keser, bu s\u00f6zleriyle hayranlar\u0131n\u0131n ilgisini\u00a0 \u00fczerine \u00e7ekti. A\u00e7\u0131klamas\u0131n\u0131n ard\u0131ndan sosyal medya adeta hareketlendi. Pek \u00e7ok takip\u00e7isi, esprili ve romantik mesajlarla Keser\u2019e yorum ya\u011fd\u0131rd\u0131. &#8216;Ben haz\u0131r\u0131m&#8217;, &#8216;Evlen benimle&#8217; gibi ifadelerle kendisine yorum ya\u011fd\u0131ran hayranlar\u0131, sanat\u00e7\u0131n\u0131n bu s\u0131cak yakla\u015f\u0131m\u0131ndan olduk\u00e7a etkilendi. Keser\u2019in bu tavr\u0131, sosyal medyada olumlu bir \u015fekilde kar\u015f\u0131lan\u0131rken, be\u011feni ya\u011fmuruna tutuldu.<\/p>\n<div style=\"width: 640px;\" class=\"wp-video\"><!--[if lt IE 9]><script>document.createElement('video');<\/script><![endif]-->\n<video class=\"wp-video-shortcode\" id=\"video-158584-1\" width=\"640\" height=\"1138\" preload=\"metadata\" controls=\"controls\"><source type=\"video\/mp4\" src=\"https:\/\/www.tgrthaber.com\/mavikadin\/wp-content\/uploads\/gokhan-1-2.mp4?_=1\" \/><a href=\"https:\/\/www.tgrthaber.com\/mavikadin\/wp-content\/uploads\/gokhan-1-2.mp4\">https:\/\/www.tgrthaber.com\/mavikadin\/wp-content\/uploads\/gokhan-1-2.mp4<\/a><\/video><\/div>\n<h3>G\u00d6KHAN KESER K\u0130MD\u0130R?<\/h3>\n<p class=\"p1\">G\u00f6khan Keser, 9 Eyl\u00fcl 1987\u2019de \u0130zmir\u2019de do\u011fmu\u015ftur ve k\u00f6keni Rize\u2019nin Pazar il\u00e7esine uzan\u0131r. Babas\u0131 mobilya ustas\u0131, annesi ise ev han\u0131m\u0131 olan Keser, hen\u00fcz 14 ya\u015f\u0131ndayken modellik d\u00fcnyas\u0131na ad\u0131m atm\u0131\u015ft\u0131r. Oyunculuk alan\u0131ndaki yetene\u011fini geli\u015ftirmek i\u00e7in Ekol Drama Sanat Evi\u2019nde Ayla Algan\u2019dan e\u011fitim alm\u0131\u015f, ayn\u0131 zamanda \u015fan e\u011fitimi de alarak sanat kariyerine sa\u011flam bir temel olu\u015fturmu\u015ftur.<\/p>\n<p><img loading=\"lazy\" decoding=\"async\" class=\"alignnone wp-image-158593 size-full\" src=\"https:\/\/www.tgrthaber.com\/mavikadin\/wp-content\/uploads\/Ekran-Resmi-2025-04-07-19.24.08.png\" alt=\"\" width=\"930\" height=\"536\" title=\"\" srcset=\"https:\/\/www.tgrthaber.com\/mavikadin\/wp-content\/uploads\/Ekran-Resmi-2025-04-07-19.24.08.png 930w, https:\/\/www.tgrthaber.com\/mavikadin\/wp-content\/uploads\/Ekran-Resmi-2025-04-07-19.24.08-300x173.png 300w, https:\/\/www.tgrthaber.com\/mavikadin\/wp-content\/uploads\/Ekran-Resmi-2025-04-07-19.24.08-768x443.png 768w\" sizes=\"(max-width: 930px) 100vw, 930px\" \/><\/p>\n<hr \/>\n<p class=\"p1\">2004 y\u0131l\u0131nda d\u00fczenlenen &#8216;Miss &amp; Mr. Model&#8217; yar\u0131\u015fmas\u0131nda birinci olan Keser, ard\u0131ndan &#8216;Best Model of Turkey&#8217;de dikkat \u00e7ekmi\u015f, &#8216;Manhunt International 2006&#8217;da ise d\u00fcnyan\u0131n en fotojenik erke\u011fi se\u00e7ilmi\u015ftir. Profesyonel modellik kariyerine U\u011furkan Erez Ajans\u0131 ile devam etmi\u015f ve hem yurt i\u00e7i hem yurt d\u0131\u015f\u0131nda bir\u00e7ok \u00f6nemli defilede yer alm\u0131\u015ft\u0131r.<\/p>\n<p><img loading=\"lazy\" decoding=\"async\" class=\"alignnone wp-image-158594 size-full\" src=\"https:\/\/www.tgrthaber.com\/mavikadin\/wp-content\/uploads\/Ekran-Resmi-2025-04-07-19.25.09.png\" alt=\"\" width=\"924\" height=\"606\" title=\"\" srcset=\"https:\/\/www.tgrthaber.com\/mavikadin\/wp-content\/uploads\/Ekran-Resmi-2025-04-07-19.25.09.png 924w, https:\/\/www.tgrthaber.com\/mavikadin\/wp-content\/uploads\/Ekran-Resmi-2025-04-07-19.25.09-300x197.png 300w, https:\/\/www.tgrthaber.com\/mavikadin\/wp-content\/uploads\/Ekran-Resmi-2025-04-07-19.25.09-768x504.png 768w\" sizes=\"(max-width: 924px) 100vw, 924px\" \/><\/p>\n<hr \/>\n<p class=\"p1\">Televizyon d\u00fcnyas\u0131nda as\u0131l \u00e7\u0131k\u0131\u015f\u0131n\u0131 2006 y\u0131l\u0131nda ba\u015flayan Selena dizisiyle yakalam\u0131\u015ft\u0131r. Sinem Kobal\u2019la birlikte rol ald\u0131\u011f\u0131 bu yap\u0131m, Keser\u2019in geni\u015f kitlelerce tan\u0131nmas\u0131n\u0131 sa\u011flam\u0131\u015ft\u0131r. M\u00fczik kariyerinde ise Zerrin \u00d6zer ve S\u0131la gibi \u00f6nemli sanat\u00e7\u0131larla \u00e7al\u0131\u015fm\u0131\u015f, vokalistlik yapm\u0131\u015f ve bir\u00e7ok klipte kamera kar\u015f\u0131s\u0131na ge\u00e7mi\u015ftir. 2014 y\u0131l\u0131nda Survivor \u00dcnl\u00fcler G\u00f6n\u00fcll\u00fcler yar\u0131\u015fmas\u0131nda da yer alan Keser, \u00e7ok y\u00f6nl\u00fc kariyeriyle dikkat \u00e7ekmektedir.<\/p>\n","protected":false},"excerpt":{"rendered":"<p>G\u00f6khan Keser, \u2018Hayran\u0131n\u0131zla evlenir misiniz?\u2019 sorusuna verdi\u011fi i\u00e7ten cevapla sosyal medyada g\u00fcndeme oturdu.  \u00dcnl\u00fc \u015fark\u0131c\u0131n\u0131n verdi\u011fi cevap k\u0131sa s\u00fcrede en \u00e7ok konu\u015fulanlar aras\u0131na girdi ve hayranlar\u0131 kendisine yorum ya\u011fd\u0131rd\u0131. <\/p>\n","protected":false},"author":16,"featured_media":158596,"comment_status":"closed","ping_status":"closed","sticky":false,"template":"","format":"standard","meta":{"rank_math_lock_modified_date":false,"footnotes":""},"categories":[76],"tags":[17066,17065,133,2218],"class_list":["post-158584","post","type-post","status-publish","format-standard","has-post-thumbnail","hentry","category-magazin","tag-gokhan-keser-hayrani-evlenme-sorusu","tag-gokhan-keser-kimdir","tag-magazin","tag-magazin-haberleri"],"_links":{"self":[{"href":"https:\/\/www.tgrthaber.com\/mavikadin\/wp-json\/wp\/v2\/posts\/158584"}],"collection":[{"href":"https:\/\/www.tgrthaber.com\/mavikadin\/wp-json\/wp\/v2\/posts"}],"about":[{"href":"https:\/\/www.tgrthaber.com\/mavikadin\/wp-json\/wp\/v2\/types\/post"}],"author":[{"embeddable":true,"href":"https:\/\/www.tgrthaber.com\/mavikadin\/wp-json\/wp\/v2\/users\/16"}],"replies":[{"embeddable":true,"href":"https:\/\/www.tgrthaber.com\/mavikadin\/wp-json\/wp\/v2\/comments?post=158584"}],"version-history":[{"count":3,"href":"https:\/\/www.tgrthaber.com\/mavikadin\/wp-json\/wp\/v2\/posts\/158584\/revisions"}],"predecessor-version":[{"id":158600,"href":"https:\/\/www.tgrthaber.com\/mavikadin\/wp-json\/wp\/v2\/posts\/158584\/revisions\/158600"}],"wp:featuredmedia":[{"embeddable":true,"href":"https:\/\/www.tgrthaber.com\/mavikadin\/wp-json\/wp\/v2\/media\/158596"}],"wp:attachment":[{"href":"https:\/\/www.tgrthaber.com\/mavikadin\/wp-json\/wp\/v2\/media?parent=158584"}],"wp:term":[{"taxonomy":"category","embeddable":true,"href":"https:\/\/www.tgrthaber.com\/mavikadin\/wp-json\/wp\/v2\/categories?post=158584"},{"taxonomy":"post_tag","embeddable":true,"href":"https:\/\/www.tgrthaber.com\/mavikadin\/wp-json\/wp\/v2\/tags?post=158584"}],"curies":[{"name":"wp","href":"https:\/\/api.w.org\/{rel}","templated":true}]}}