{"id":158619,"date":"2025-04-07T20:48:10","date_gmt":"2025-04-07T17:48:10","guid":{"rendered":"https:\/\/www.tgrthaber.com\/mavikadin\/?p=158619"},"modified":"2025-04-07T20:56:09","modified_gmt":"2025-04-07T17:56:09","slug":"volkan-konakin-acili-ailesinden-yurek-daglayan-paylasim-geldi-sosyal-medyadan-yorum-yagdi","status":"publish","type":"post","link":"https:\/\/www.tgrthaber.com\/mavikadin\/volkan-konakin-acili-ailesinden-yurek-daglayan-paylasim-geldi-sosyal-medyadan-yorum-yagdi\/","title":{"rendered":"Volkan Konak&#8217;\u0131n ac\u0131l\u0131 ailesinden y\u00fcrek da\u011flayan payla\u015f\u0131m geldi! Sosyal medyadan yorum ya\u011fd\u0131"},"content":{"rendered":"<p class=\"p1\">Karadeniz\u2019in g\u00fc\u00e7l\u00fc sesi ve milyonlar\u0131n sevgilisi olan Volkan Konak\u2019tan gelen ac\u0131 haber, t\u00fcm T\u00fcrkiye\u2019yi derinden sarsm\u0131\u015ft\u0131. &#8216;Kuzey\u2019in O\u011flu&#8217; olarak g\u00f6n\u00fcllere taht kuran usta sanat\u00e7\u0131, sahnede ge\u00e7irdi\u011fi kalp krizi sonras\u0131 hayat\u0131n\u0131 kaybetmi\u015fti. Sevenlerini yasa bo\u011fan bu kayb\u0131n ard\u0131ndan Konak, memleketi Trabzon\u2019un Ma\u00e7ka il\u00e7esinde, binlerce ki\u015finin kat\u0131ld\u0131\u011f\u0131 bir t\u00f6renle topra\u011fa verilmi\u015fti. Cenazede b\u00fcy\u00fck bir kalabal\u0131k olu\u015furken zaman zaman izdiham da ya\u015fanm\u0131\u015ft\u0131. Ac\u0131l\u0131 ailesi, Konak\u2019\u0131n vefat\u0131n\u0131n ard\u0131ndan sosyal medya \u00fczerinden duygu y\u00fckl\u00fc bir payla\u015f\u0131m yapt\u0131. O\u011flu, k\u0131zlar\u0131 ve e\u015fi taraf\u0131ndan yap\u0131lan bu payla\u015f\u0131m, k\u0131sa s\u00fcrede on binlerce yorum ve be\u011feni ald\u0131.<\/p>\n<h3>VOLKAN KONAK&#8217;IN ACILI A\u0130LES\u0130NDEN \u0130LK PAYLA\u015eIM GELD\u0130!<\/h3>\n<p class=\"p1\">Sevilen sanat\u00e7\u0131 Volkan Konak, Kuzey K\u0131br\u0131s T\u00fcrk Cumhuriyeti\u2019nin \u0130skele il\u00e7esinde verdi\u011fi konser s\u0131ras\u0131nda aniden fenala\u015ft\u0131. Sahnede kalp krizi ge\u00e7irerek yere y\u0131\u011f\u0131lan usta isim, yap\u0131lan ilk m\u00fcdahalenin ard\u0131ndan hastaneye kald\u0131r\u0131ld\u0131. Ancak t\u00fcm \u00e7abalara ra\u011fmen kurtar\u0131lamad\u0131 ve ya\u015fam\u0131n\u0131 yitirdi. M\u00fczi\u011fiyle kalplerde yer eden Konak\u2019\u0131n ani \u00f6l\u00fcm\u00fc sevenlerini yasa bo\u011farken, cenazesinde ailesi ayakta durmakta zorland\u0131. Derin \u00fcz\u00fcnt\u00fc i\u00e7indeki ailesi, ac\u0131 kay\u0131plar\u0131n\u0131n ard\u0131ndan sosyal medya \u00fczerinden ilk kez bir payla\u015f\u0131m yapt\u0131. Ac\u0131l\u0131 ailenin, &#8216;O her \u015fiirde, her \u015fark\u0131da, her r\u00fczgarda ve ya\u011fmurda bizimle&#8217; notunu d\u00fc\u015ft\u00fc\u011f\u00fc payla\u015f\u0131m\u0131 binlerce be\u011feni ve yorum ald\u0131. Sosyal medya kullan\u0131c\u0131lar\u0131, &#8216; Kalbimizde ya\u015fayacak&#8217;, &#8216;Mekan\u0131 cennet olsun&#8217;, &#8216; \u0130yi kalbiyle hep hat\u0131rlayaca\u011f\u0131z&#8217; yorumlar\u0131nda bulundu.<\/p>\n<p><img loading=\"lazy\" decoding=\"async\" class=\"alignnone wp-image-158623 \" src=\"https:\/\/www.tgrthaber.com\/mavikadin\/wp-content\/uploads\/Ekran-Resmi-2025-04-07-20.39.46-802x1024.png\" alt=\"\" width=\"913\" height=\"1166\" title=\"\" srcset=\"https:\/\/www.tgrthaber.com\/mavikadin\/wp-content\/uploads\/Ekran-Resmi-2025-04-07-20.39.46-802x1024.png 802w, https:\/\/www.tgrthaber.com\/mavikadin\/wp-content\/uploads\/Ekran-Resmi-2025-04-07-20.39.46-235x300.png 235w, https:\/\/www.tgrthaber.com\/mavikadin\/wp-content\/uploads\/Ekran-Resmi-2025-04-07-20.39.46-768x980.png 768w, https:\/\/www.tgrthaber.com\/mavikadin\/wp-content\/uploads\/Ekran-Resmi-2025-04-07-20.39.46.png 1036w\" sizes=\"(max-width: 913px) 100vw, 913px\" \/><\/p>\n<hr \/>\n<h3>VOLKAN KONAK K\u0130MD\u0130R, KA\u00c7 YA\u015eINDA?<\/h3>\n<p class=\"p1\">Volkan Konak, 27 \u015eubat 1967 tarihinde Trabzon\u2019un Ma\u00e7ka il\u00e7esinde d\u00fcnyaya geldi. Karadeniz\u2019in ruhunu \u015fark\u0131lar\u0131na ta\u015f\u0131yan usta sanat\u00e7\u0131, kendine has yorumuyla T\u00fcrk m\u00fczi\u011finde\u00a0 izler b\u0131rakt\u0131. \u00c7ocukluk y\u0131llar\u0131n\u0131 Ma\u00e7ka\u2019n\u0131n ye\u015fil yama\u00e7lar\u0131nda ge\u00e7iren Konak, b\u00f6lgenin do\u011fas\u0131 ve k\u00fclt\u00fcrel dokusundan beslendi. Sanata olan ilgisi hen\u00fcz gen\u00e7 ya\u015flarda fark edilen sanat\u00e7\u0131, lise e\u011fitiminin ard\u0131ndan \u0130stanbul\u2019a ta\u015f\u0131nd\u0131.<\/p>\n<p><img loading=\"lazy\" decoding=\"async\" class=\"alignnone wp-image-158624 size-large\" src=\"https:\/\/www.tgrthaber.com\/mavikadin\/wp-content\/uploads\/Ekran-Resmi-2025-04-07-20.39.20-1024x571.png\" alt=\"\" width=\"1024\" height=\"571\" title=\"\" srcset=\"https:\/\/www.tgrthaber.com\/mavikadin\/wp-content\/uploads\/Ekran-Resmi-2025-04-07-20.39.20-1024x571.png 1024w, https:\/\/www.tgrthaber.com\/mavikadin\/wp-content\/uploads\/Ekran-Resmi-2025-04-07-20.39.20-300x167.png 300w, https:\/\/www.tgrthaber.com\/mavikadin\/wp-content\/uploads\/Ekran-Resmi-2025-04-07-20.39.20-768x428.png 768w, https:\/\/www.tgrthaber.com\/mavikadin\/wp-content\/uploads\/Ekran-Resmi-2025-04-07-20.39.20.png 1238w\" sizes=\"(max-width: 1024px) 100vw, 1024px\" \/><\/p>\n<hr \/>\n<p class=\"p1\">M\u00fczikal yolculu\u011funu daha da ileriye ta\u015f\u0131mak isteyen Konak, \u0130stanbul Teknik \u00dcniversitesi T\u00fcrk Musikisi Devlet Konservatuvar\u0131\u2019na girerek burada akademik bir e\u011fitim ald\u0131. Gerek \u015fiirsel \u015fark\u0131 s\u00f6zleri gerek duygusal anlat\u0131m\u0131yla T\u00fcrkiye\u2019nin d\u00f6rt bir yan\u0131nda b\u00fcy\u00fck bir dinleyici kitlesi edindi.<\/p>\n","protected":false},"excerpt":{"rendered":"<p>Volkan Konak\u2019\u0131n vefat\u0131n\u0131n ard\u0131ndan ailesinden y\u00fcrek burkan bir payla\u015f\u0131m geldi. Sosyal medya hesab\u0131ndan yap\u0131lan duygu dolu payla\u015f\u0131mda, \u2018O art\u0131k her melodiyle bizimle, her r\u00fczgarda yan\u0131m\u0131zda\u2019 ifadeleri yer ald\u0131. Payla\u015f\u0131m k\u0131sa s\u00fcrede binlerce be\u011feni ve yorum ald\u0131.<\/p>\n","protected":false},"author":16,"featured_media":158625,"comment_status":"closed","ping_status":"closed","sticky":false,"template":"","format":"standard","meta":{"rank_math_lock_modified_date":false,"footnotes":""},"categories":[76],"tags":[17076,133,17075,16116],"class_list":["post-158619","post","type-post","status-publish","format-standard","has-post-thumbnail","hentry","category-magazin","tag-magazibn-haberleri","tag-magazin","tag-volkan-konak-ailesi-paylasim","tag-volkan-konak-kimdir"],"_links":{"self":[{"href":"https:\/\/www.tgrthaber.com\/mavikadin\/wp-json\/wp\/v2\/posts\/158619"}],"collection":[{"href":"https:\/\/www.tgrthaber.com\/mavikadin\/wp-json\/wp\/v2\/posts"}],"about":[{"href":"https:\/\/www.tgrthaber.com\/mavikadin\/wp-json\/wp\/v2\/types\/post"}],"author":[{"embeddable":true,"href":"https:\/\/www.tgrthaber.com\/mavikadin\/wp-json\/wp\/v2\/users\/16"}],"replies":[{"embeddable":true,"href":"https:\/\/www.tgrthaber.com\/mavikadin\/wp-json\/wp\/v2\/comments?post=158619"}],"version-history":[{"count":3,"href":"https:\/\/www.tgrthaber.com\/mavikadin\/wp-json\/wp\/v2\/posts\/158619\/revisions"}],"predecessor-version":[{"id":158629,"href":"https:\/\/www.tgrthaber.com\/mavikadin\/wp-json\/wp\/v2\/posts\/158619\/revisions\/158629"}],"wp:featuredmedia":[{"embeddable":true,"href":"https:\/\/www.tgrthaber.com\/mavikadin\/wp-json\/wp\/v2\/media\/158625"}],"wp:attachment":[{"href":"https:\/\/www.tgrthaber.com\/mavikadin\/wp-json\/wp\/v2\/media?parent=158619"}],"wp:term":[{"taxonomy":"category","embeddable":true,"href":"https:\/\/www.tgrthaber.com\/mavikadin\/wp-json\/wp\/v2\/categories?post=158619"},{"taxonomy":"post_tag","embeddable":true,"href":"https:\/\/www.tgrthaber.com\/mavikadin\/wp-json\/wp\/v2\/tags?post=158619"}],"curies":[{"name":"wp","href":"https:\/\/api.w.org\/{rel}","templated":true}]}}