{"id":158622,"date":"2025-04-07T21:04:28","date_gmt":"2025-04-07T18:04:28","guid":{"rendered":"https:\/\/www.tgrthaber.com\/mavikadin\/?p=158622"},"modified":"2025-04-07T21:38:59","modified_gmt":"2025-04-07T18:38:59","slug":"bkm-oyuncusu-metin-yildizdan-sasirtan-ekrem-imamoglu-aciklamasi-5-yil-hic-ulasamadik","status":"publish","type":"post","link":"https:\/\/www.tgrthaber.com\/mavikadin\/bkm-oyuncusu-metin-yildizdan-sasirtan-ekrem-imamoglu-aciklamasi-5-yil-hic-ulasamadik\/","title":{"rendered":"Usta oyuncu Metin Y\u0131ld\u0131z itiraf dolu s\u00f6zlerle Ekrem \u0130mamo\u011flu ger\u00e7e\u011fini a\u00e7\u0131klad\u0131"},"content":{"rendered":"<p>Tiyatro sahnelerinin sevilen ismi, BKM Mutfak\u2019\u0131n dikkat \u00e7eken oyuncular\u0131ndan Metin Y\u0131ld\u0131z, sessizli\u011fini bozdu ve sosyal medya hesab\u0131ndan yapt\u0131\u011f\u0131 payla\u015f\u0131mla g\u00fcndeme adeta bomba gibi d\u00fc\u015ft\u00fc. Y\u0131ld\u0131z, y\u0131llar \u00f6nce destek verdi\u011fi \u0130stanbul B\u00fcy\u00fck\u015fehir Belediye Ba\u015fkan\u0131 Ekrem \u0130mamo\u011flu\u2019na dair ya\u015fad\u0131klar\u0131n\u0131 t\u00fcm a\u00e7\u0131kl\u0131\u011f\u0131yla g\u00f6zler \u00f6n\u00fcne serdi. \u201cNeden susuyorsun?\u201d diyenlere tokat gibi bir yan\u0131t veren oyuncu, ge\u00e7mi\u015fte hi\u00e7bir kar\u015f\u0131l\u0131k beklemeden yan\u0131nda durdu\u011fu \u0130mamo\u011flu\u2019ndan bug\u00fcn en k\u00fc\u00e7\u00fck bir geri d\u00f6n\u00fc\u015f bile alamad\u0131\u011f\u0131n\u0131 s\u00f6yledi. Sinema projesi i\u00e7in defalarca ileti\u015fime ge\u00e7meye \u00e7al\u0131\u015ft\u0131\u011f\u0131n\u0131, ancak her seferinde \u201cyo\u011fun\u201d denilerek ge\u00e7i\u015ftirildi\u011fini dile getiren Y\u0131ld\u0131z\u2019\u0131n a\u00e7\u0131klamalar\u0131, sanat camias\u0131nda da b\u00fcy\u00fck yank\u0131 uyand\u0131rd\u0131. Bu \u00e7\u0131k\u0131\u015f\u0131yla g\u00fcndeme oturan usta oyuncunun s\u00f6zleri, kamuoyunda &#8220;sadakat mi, vefas\u0131zl\u0131k m\u0131?&#8221; tart\u0131\u015fmalar\u0131n\u0131 da beraberinde getirdi.<\/p>\n<h3>USTA OYUNCU\u00a0 MET\u0130N YILDIZ EKREM \u0130MAMO\u011eLU GER\u00c7E\u011e\u0130N\u0130 A\u00c7IKLADI<\/h3>\n<p>Metin Y\u0131ld\u0131z, yapt\u0131\u011f\u0131 payla\u015f\u0131mda kendisine y\u00f6nelik \u201cneden sessiz kal\u0131yorsun\u201d ele\u015ftirilerine dair a\u00e7\u0131klamada bulundu. Oyuncu, 2014 y\u0131l\u0131nda Beylikd\u00fcz\u00fc Belediye Ba\u015fkanl\u0131\u011f\u0131 se\u00e7imlerinde \u0130mamo\u011flu\u2019nun yan\u0131nda oldu\u011funu hat\u0131rlatarak, o d\u00f6nem hi\u00e7bir kar\u015f\u0131l\u0131k beklemeden destek verdi\u011fini belirtti.<\/p>\n<p><img loading=\"lazy\" decoding=\"async\" class=\"alignnone wp-image-158631\" src=\"https:\/\/www.tgrthaber.com\/mavikadin\/wp-content\/uploads\/Ekran-goruntusu-2025-04-07-205738-300x204.png\" alt=\"\" width=\"1208\" height=\"820\" title=\"\" srcset=\"https:\/\/www.tgrthaber.com\/mavikadin\/wp-content\/uploads\/Ekran-goruntusu-2025-04-07-205738-300x204.png 300w, https:\/\/www.tgrthaber.com\/mavikadin\/wp-content\/uploads\/Ekran-goruntusu-2025-04-07-205738.png 558w\" sizes=\"(max-width: 1208px) 100vw, 1208px\" \/><\/p>\n<hr \/>\n<p>Y\u0131ld\u0131z, 2019 yerel se\u00e7imlerinde de ayn\u0131 \u015fekilde \u0130mamo\u011flu\u2019na g\u00fcvenerek ailesini geride b\u0131rak\u0131p kilometrelerce yol katederek oy kulland\u0131\u011f\u0131n\u0131 aktard\u0131. Ancak bu s\u00fcre\u00e7ten sonra sanat ad\u0131na ger\u00e7ekle\u015ftirdi\u011fi ileti\u015fim giri\u015fimlerine kar\u015f\u0131l\u0131k alamad\u0131\u011f\u0131n\u0131 s\u00f6yledi.<\/p>\n<p>A\u00e7\u0131klamas\u0131nda, bir sinema projesi i\u00e7in \u0130mamo\u011flu\u2019yla ileti\u015fime ge\u00e7mek istedi\u011fini, ancak ne aramalar\u0131n\u0131n ne de mesajlar\u0131n\u0131n kar\u015f\u0131l\u0131k buldu\u011funu ifade etti. Dan\u0131\u015fmanlar ve kalem arac\u0131l\u0131\u011f\u0131yla da ileti\u015fim kurmay\u0131 denedi\u011fini, fakat s\u00fcrekli &#8220;yo\u011fun&#8221; cevab\u0131yla kar\u015f\u0131la\u015ft\u0131\u011f\u0131n\u0131 belirtti.<\/p>\n<p>Y\u0131ld\u0131z, \u0130mamo\u011flu\u2019nun \u00e7evresinde bug\u00fcn yer alan bir\u00e7ok ki\u015finin o zamanlar yan\u0131nda olmad\u0131\u011f\u0131n\u0131 da vurgulad\u0131. &#8220;Yan\u0131nda olmayanlar \u015fimdi \u00e7evresinde&#8221; diyerek k\u0131rg\u0131nl\u0131\u011f\u0131n\u0131 dile getirdi.<\/p>\n<h3>&#8220;5 YIL H\u0130\u00c7 ULA\u015eAMADIK&#8221;<\/h3>\n<p>Y\u0131ld\u0131z, bir sinema projesi i\u00e7in \u0130mamo\u011flu\u2019na ula\u015fmaya \u00e7al\u0131\u015ft\u0131\u011f\u0131n\u0131, ancak ne telefonla ne mesajla ne de e-posta yoluyla bir d\u00f6n\u00fc\u015f alabildi\u011fini belirtti.<\/p>\n<p><img loading=\"lazy\" decoding=\"async\" class=\"alignnone wp-image-158632\" src=\"https:\/\/www.tgrthaber.com\/mavikadin\/wp-content\/uploads\/COK-GUZEL-HAREKETLER-METIN-YILDIZ-300x169.webp\" alt=\"\" width=\"1208\" height=\"680\" title=\"\" srcset=\"https:\/\/www.tgrthaber.com\/mavikadin\/wp-content\/uploads\/COK-GUZEL-HAREKETLER-METIN-YILDIZ-300x169.webp 300w, https:\/\/www.tgrthaber.com\/mavikadin\/wp-content\/uploads\/COK-GUZEL-HAREKETLER-METIN-YILDIZ.webp 480w\" sizes=\"(max-width: 1208px) 100vw, 1208px\" \/><\/p>\n<hr \/>\n<p>Dan\u0131\u015fmanlar arac\u0131l\u0131\u011f\u0131yla kurmaya \u00e7al\u0131\u015ft\u0131\u011f\u0131 temaslar da sonu\u00e7suz kald\u0131. \u201cBeyefendi yo\u011fun\u201d cevab\u0131yla defalarca kar\u015f\u0131la\u015ft\u0131\u011f\u0131n\u0131 s\u00f6yleyen oyuncu, ya\u015fad\u0131\u011f\u0131 bu durumun y\u0131llar s\u00fcren bir sessizli\u011fe d\u00f6n\u00fc\u015ft\u00fc\u011f\u00fcn\u00fc ifade etti. \u201c5 y\u0131ld\u0131r hi\u00e7 ula\u015famad\u0131k\u201d s\u00f6zleriyle serzeni\u015fini dile getiren Y\u0131ld\u0131z, ge\u00e7mi\u015fte g\u00f6sterdi\u011fi deste\u011fin bug\u00fcn yok say\u0131ld\u0131\u011f\u0131n\u0131 ima etti.<\/p>\n<h3>&#8220;PAYLA\u015eIM YAPMIYORSUN&#8221; D\u0130YENLERE NET MESAJ: &#8220;\u00c7OK YO\u011eUNUM&#8221;<\/h3>\n<p>Metin Y\u0131ld\u0131z, s\u00f6zlerini sosyal medyada kendisine y\u00f6neltilen \u201cNeden yorum yapm\u0131yorsun, neden tepki g\u00f6stermiyorsun?\u201d gibi sorulara da g\u00f6nderme yaparak bitirdi. Oyuncu, bu sorulara tek bir cevap verdi: \u201c\u00c7ok yo\u011funum.\u201d<\/p>\n<p><img loading=\"lazy\" decoding=\"async\" class=\"alignnone wp-image-158633\" src=\"https:\/\/www.tgrthaber.com\/mavikadin\/wp-content\/uploads\/BKM-YILDIXI-METIN-YILDIZ-300x169.webp\" alt=\"\" width=\"1208\" height=\"680\" title=\"\" srcset=\"https:\/\/www.tgrthaber.com\/mavikadin\/wp-content\/uploads\/BKM-YILDIXI-METIN-YILDIZ-300x169.webp 300w, https:\/\/www.tgrthaber.com\/mavikadin\/wp-content\/uploads\/BKM-YILDIXI-METIN-YILDIZ.webp 480w\" sizes=\"(max-width: 1208px) 100vw, 1208px\" \/><\/p>\n<hr \/>\n<h3>MET\u0130N YILDIZ K\u0130MD\u0130R?<\/h3>\n<p>Tiyatro ve televizyon d\u00fcnyas\u0131nda kendine \u00f6zg\u00fc \u00fcslubuyla tan\u0131nan Metin Y\u0131ld\u0131z, 20 A\u011fustos 1974\u2019te \u0130stanbul\u2019da do\u011fdu. Aslen Ordu\u2019nun Fatsa il\u00e7esine ba\u011fl\u0131 olan oyuncu, memur bir ailenin ortanca \u00e7ocu\u011fu olarak b\u00fcy\u00fcd\u00fc. E\u011fitim hayat\u0131n\u0131 lise mezunu olarak tamamlayan Y\u0131ld\u0131z, sahneyle ilk kez 1996 y\u0131l\u0131nda profesyonel olarak tan\u0131\u015ft\u0131. Kariyerinin ba\u015flang\u0131\u00e7 ad\u0131m\u0131n\u0131 2002 y\u0131l\u0131nda ekrana gelen \u201cDeli Y\u00fcrek\u201d dizisiyle att\u0131. Ard\u0131ndan 2003 y\u0131l\u0131nda vizyona giren \u201cVizontele Tuuba\u201d filminde \u201cCazg\u0131r\u201d karakteriyle sinema seyircisinin kar\u015f\u0131s\u0131na \u00e7\u0131kt\u0131. Bu proje, onu BKM ekibiyle bulu\u015fturan s\u00fcrecin kap\u0131s\u0131n\u0131 aralad\u0131.<\/p>\n<p>2008-2011 y\u0131llar\u0131 aras\u0131nda Kanal D ekranlar\u0131nda yay\u0131nlanan ve b\u00fcy\u00fck ilgi g\u00f6ren \u201c\u00c7ok G\u00fczel Hareketler Bunlar\u201d program\u0131yla geni\u015f kitleler taraf\u0131ndan tan\u0131nd\u0131. Komedi yetene\u011fi ve sahnedeki do\u011fal performans\u0131yla izleyicinin be\u011fenisini kazand\u0131. 2011-2013 y\u0131llar\u0131 aras\u0131nda Atv&#8217;de yay\u0131nlanan \u201cAlemin K\u0131ral\u0131\u201d dizisinde rol ald\u0131\u011f\u0131 \u201cKubat Otuz\u015fubat\u201d rol\u00fcyle ekranlardaki yerini sa\u011flamla\u015ft\u0131rd\u0131. Daha sonra FOX TV\u2019de yay\u0131mlanan \u201cKadim Dostum\u201d dizisinde de rol ald\u0131. \u00d6zel hayat\u0131nda evli olan Metin Y\u0131ld\u0131z\u2019\u0131n Berfin Su ve \u015eimal ad\u0131nda iki \u00e7ocu\u011fu bulunuyor.<\/p>\n","protected":false},"excerpt":{"rendered":"<p>\u00dcnl\u00fc tiyatrocu ve BKM Mutfak oyuncular\u0131ndan Metin Y\u0131ld\u0131z, sosyal medya hesab\u0131ndan yapt\u0131\u011f\u0131 a\u00e7\u0131klamayla Ekrem \u0130mamo\u011flu ile ya\u015fad\u0131klar\u0131n\u0131 anlatt\u0131. Oyuncunun s\u00f6zleri, sosyal medyada geni\u015f yank\u0131 uyand\u0131rd\u0131. Usta oyuncu Metin Y\u0131ld\u0131z &#8220;Neden sessiz kal\u0131yorsun?&#8221; diyenlere ya\u015fad\u0131\u011f\u0131 hayal k\u0131r\u0131kl\u0131klar\u0131n\u0131 b\u00f6yle anlatt\u0131. \u0130\u015fte t\u00fcm detaylar&#8230;<\/p>\n","protected":false},"author":35,"featured_media":158628,"comment_status":"closed","ping_status":"closed","sticky":false,"template":"","format":"standard","meta":{"rank_math_lock_modified_date":false,"footnotes":""},"categories":[76],"tags":[17078,1572,17077,17079,17080],"class_list":["post-158622","post","type-post","status-publish","format-standard","has-post-thumbnail","hentry","category-magazin","tag-bkm-oyuncusu-metin-yildiz","tag-ekrem-imamoglu","tag-metin-yildiz","tag-metin-yildiz-imamoglu-aciklamasi","tag-metin-yildiz-kimdir"],"_links":{"self":[{"href":"https:\/\/www.tgrthaber.com\/mavikadin\/wp-json\/wp\/v2\/posts\/158622"}],"collection":[{"href":"https:\/\/www.tgrthaber.com\/mavikadin\/wp-json\/wp\/v2\/posts"}],"about":[{"href":"https:\/\/www.tgrthaber.com\/mavikadin\/wp-json\/wp\/v2\/types\/post"}],"author":[{"embeddable":true,"href":"https:\/\/www.tgrthaber.com\/mavikadin\/wp-json\/wp\/v2\/users\/35"}],"replies":[{"embeddable":true,"href":"https:\/\/www.tgrthaber.com\/mavikadin\/wp-json\/wp\/v2\/comments?post=158622"}],"version-history":[{"count":8,"href":"https:\/\/www.tgrthaber.com\/mavikadin\/wp-json\/wp\/v2\/posts\/158622\/revisions"}],"predecessor-version":[{"id":158652,"href":"https:\/\/www.tgrthaber.com\/mavikadin\/wp-json\/wp\/v2\/posts\/158622\/revisions\/158652"}],"wp:featuredmedia":[{"embeddable":true,"href":"https:\/\/www.tgrthaber.com\/mavikadin\/wp-json\/wp\/v2\/media\/158628"}],"wp:attachment":[{"href":"https:\/\/www.tgrthaber.com\/mavikadin\/wp-json\/wp\/v2\/media?parent=158622"}],"wp:term":[{"taxonomy":"category","embeddable":true,"href":"https:\/\/www.tgrthaber.com\/mavikadin\/wp-json\/wp\/v2\/categories?post=158622"},{"taxonomy":"post_tag","embeddable":true,"href":"https:\/\/www.tgrthaber.com\/mavikadin\/wp-json\/wp\/v2\/tags?post=158622"}],"curies":[{"name":"wp","href":"https:\/\/api.w.org\/{rel}","templated":true}]}}