{"id":158630,"date":"2025-04-07T21:17:09","date_gmt":"2025-04-07T18:17:09","guid":{"rendered":"https:\/\/www.tgrthaber.com\/mavikadin\/?p=158630"},"modified":"2025-04-07T21:17:09","modified_gmt":"2025-04-07T18:17:09","slug":"kizilcik-serbetinin-pembesi-sibel-tascioglu-uzak-sehir-dizisine-geliyor","status":"publish","type":"post","link":"https:\/\/www.tgrthaber.com\/mavikadin\/kizilcik-serbetinin-pembesi-sibel-tascioglu-uzak-sehir-dizisine-geliyor\/","title":{"rendered":"K\u0131z\u0131lc\u0131k \u015eerbeti&#8217;nin Pembe&#8217;si Sibel Ta\u015f\u00e7\u0131o\u011flu &#8216;Uzak \u015eehir&#8217; dizisine geliyor!"},"content":{"rendered":"<p class=\"p1\">Ekranlar\u0131n sevilen dizisi K\u0131z\u0131lc\u0131k \u015eerbeti\u2019nde oynad\u0131\u011f\u0131 Pembe karakteriyle b\u00fcy\u00fck be\u011feni toplayan Sibel Ta\u015f\u00e7\u0131o\u011flu\u2019nun yak\u0131nda diziden ayr\u0131laca\u011f\u0131 konu\u015fuluyordu. Bu iddialar hayranlar\u0131n\u0131 \u00fczerken, sosyal medyada heyecan olu\u015fturan yeni bir haber g\u00fcndeme geldi. Kulislere yans\u0131yan bilgilere g\u00f6re ba\u015far\u0131l\u0131 oyuncunun, Uzak \u015eehir dizisinin kadrosuna kat\u0131laca\u011f\u0131 iddias\u0131 g\u00fcndeme bomba gibi d\u00fc\u015ft\u00fc. Ta\u015f\u00e7\u0131o\u011flu\u2019nun, dizide Ecmel karakterine partner olarak dahil olaca\u011f\u0131 ileri s\u00fcr\u00fcld\u00fc. Bu geli\u015fme, oyuncunun sevenleri taraf\u0131ndan sevin\u00e7le kar\u015f\u0131land\u0131. Yap\u0131m ekibinden resm\u00ee a\u00e7\u0131klaman\u0131n gelmesi bekleniyor.<\/p>\n<h3>KIZILCIK \u015eERBET\u0130&#8217;N\u0130N PEMBE&#8217;S\u0130 S\u0130BEL TA\u015e\u00c7IO\u011eLU &#8216;UZAK \u015eEH\u0130R&#8217; D\u0130Z\u0130S\u0130NE GEL\u0130YOR \u0130DD\u0130ASI G\u00dcNDEM\u0130 SALLADI<\/h3>\n<p class=\"p2\">Show TV\u2019de yay\u0131nlanan ve \u00fc\u00e7 sezondur geni\u015f bir izleyici kitlesini ekran ba\u015f\u0131na kilitleyen K\u0131z\u0131lc\u0131k \u015eerbeti dizisinin sevilen karakteri Pembe\u2019yi oynayan Sibel Ta\u015f\u00e7\u0131o\u011flu\u2019nun projeden ayr\u0131laca\u011f\u0131 iddialar\u0131 son g\u00fcnlerde g\u00fcndemdeydi. Bu haber, dizinin sad\u0131k takip\u00e7ileri taraf\u0131ndan \u00fcz\u00fcnt\u00fcyle kar\u015f\u0131lanm\u0131\u015ft\u0131. Ancak Ta\u015f\u00e7\u0131o\u011flu\u2019nun hayranlar\u0131n\u0131 sevindirecek yeni bir geli\u015fme sosyal medyaya bomba gibi d\u00fc\u015ft\u00fc.<\/p>\n<p><img loading=\"lazy\" decoding=\"async\" class=\"alignnone wp-image-158638 size-full\" src=\"https:\/\/www.tgrthaber.com\/mavikadin\/wp-content\/uploads\/Ekran-Resmi-2025-04-07-21.07.04.png\" alt=\"\" width=\"910\" height=\"558\" title=\"\" srcset=\"https:\/\/www.tgrthaber.com\/mavikadin\/wp-content\/uploads\/Ekran-Resmi-2025-04-07-21.07.04.png 910w, https:\/\/www.tgrthaber.com\/mavikadin\/wp-content\/uploads\/Ekran-Resmi-2025-04-07-21.07.04-300x184.png 300w, https:\/\/www.tgrthaber.com\/mavikadin\/wp-content\/uploads\/Ekran-Resmi-2025-04-07-21.07.04-768x471.png 768w\" sizes=\"(max-width: 910px) 100vw, 910px\" \/><\/p>\n<hr \/>\n<p class=\"p2\">Kulislerde konu\u015fulanlara g\u00f6re, ba\u015far\u0131l\u0131 oyuncunun Kanal D\u2019nin ilgiyle izlenen dizisi Uzak \u015eehir kadrosuna transfer olaca\u011f\u0131 iddia edildi. S\u00f6ylentilere g\u00f6re Ta\u015f\u00e7\u0131o\u011flu, dizide Ecmel karakterine partner olarak dahil olacak. Oyunculu\u011fuyla dikkatleri \u00fczerine \u00e7eken Sibel Ta\u015f\u00e7\u0131o\u011flu\u2019nun bu yeni projede nas\u0131l bir karakterle kar\u015f\u0131m\u0131za \u00e7\u0131kaca\u011f\u0131 b\u00fcy\u00fck merak konusu.<\/p>\n<p class=\"p2\">Hen\u00fcz yap\u0131m \u015firketinden veya oyuncudan resmi bir a\u00e7\u0131klama gelmese de, sosyal medya platformlar\u0131nda bu olas\u0131l\u0131k \u015fimdiden konu\u015fulmaya ba\u015fland\u0131. \u0130zleyiciler, Ta\u015f\u00e7\u0131o\u011flu\u2019nun Uzak \u015eehir dizisine nas\u0131l bir hava kataca\u011f\u0131n\u0131 ve hik\u00e2yeye nas\u0131l etki edece\u011fini heyecanla bekliyor. \u00d6n\u00fcm\u00fczdeki g\u00fcnlerde konuyla ilgili net a\u00e7\u0131klamalar\u0131n gelmesi bekleniyor.<\/p>\n<p><img loading=\"lazy\" decoding=\"async\" class=\"alignnone wp-image-158639 size-full\" src=\"https:\/\/www.tgrthaber.com\/mavikadin\/wp-content\/uploads\/Ekran-Resmi-2025-04-07-21.07.04-1.png\" alt=\"\" width=\"910\" height=\"558\" title=\"\" srcset=\"https:\/\/www.tgrthaber.com\/mavikadin\/wp-content\/uploads\/Ekran-Resmi-2025-04-07-21.07.04-1.png 910w, https:\/\/www.tgrthaber.com\/mavikadin\/wp-content\/uploads\/Ekran-Resmi-2025-04-07-21.07.04-1-300x184.png 300w, https:\/\/www.tgrthaber.com\/mavikadin\/wp-content\/uploads\/Ekran-Resmi-2025-04-07-21.07.04-1-768x471.png 768w\" sizes=\"(max-width: 910px) 100vw, 910px\" \/><\/p>\n<hr \/>\n<h3>KIZILCIK \u015eERBET\u0130 PEMBE&#8217;S\u0130 S\u0130BEL TA\u015e\u00c7IO\u011eLU K\u0130MD\u0130R?<\/h3>\n<p class=\"p1\">Sibel Ta\u015f\u00e7\u0131o\u011flu, tiyatro sahnesine ilk ad\u0131m\u0131n\u0131 1995 y\u0131l\u0131nda Bursa Devlet Tiyatrosu\u2019nda sahnelenen T\u0131ls\u0131m adl\u0131 \u00e7ocuk oyunuyla att\u0131. 1997 y\u0131l\u0131nda \u0130stanbul \u00dcniversitesi Devlet Konservatuvar\u0131 Tiyatro B\u00f6l\u00fcm\u00fc\u2019n\u00fc kazanarak sanat yolculu\u011funu akademik temellerle peki\u015ftirdi. 2000-2003 y\u0131llar\u0131 aras\u0131nda Tiyatro Fora b\u00fcnyesinde Yan Etkili Konu\u015fmalar, Tekrar \u00c7al Sam ve Apa\u00e7\u0131k gibi \u00f6nemli yap\u0131mlarda sahne ald\u0131.<\/p>\n<p><img loading=\"lazy\" decoding=\"async\" class=\"alignnone wp-image-158640 size-full\" src=\"https:\/\/www.tgrthaber.com\/mavikadin\/wp-content\/uploads\/Ekran-Resmi-2025-04-07-21.07.08.png\" alt=\"\" width=\"918\" height=\"536\" title=\"\" srcset=\"https:\/\/www.tgrthaber.com\/mavikadin\/wp-content\/uploads\/Ekran-Resmi-2025-04-07-21.07.08.png 918w, https:\/\/www.tgrthaber.com\/mavikadin\/wp-content\/uploads\/Ekran-Resmi-2025-04-07-21.07.08-300x175.png 300w, https:\/\/www.tgrthaber.com\/mavikadin\/wp-content\/uploads\/Ekran-Resmi-2025-04-07-21.07.08-768x448.png 768w\" sizes=\"(max-width: 918px) 100vw, 918px\" \/><\/p>\n<hr \/>\n<p class=\"p1\">2007 y\u0131l\u0131nda, T\u00fcrk tiyatrosunun k\u00f6kl\u00fc kurumlar\u0131ndan Kenter Tiyatrosu\u2019nda Anna Karenina oyununda rol alarak performans\u0131yla dikkat \u00e7ekti. Sahnedeki ba\u015far\u0131s\u0131n\u0131 ekranlara da ta\u015f\u0131yan Ta\u015f\u00e7\u0131o\u011flu, 1998\u2019den itibaren Rus Gelin filmiyle sinema d\u00fcnyas\u0131na giri\u015f yapt\u0131. Ard\u0131ndan K\u0131r\u0131k Ayna, M\u00fch\u00fcrl\u00fc G\u00fcller, Ekmek Teknesi, Ser\u00e7e, G\u00f6n\u00fcl Sal\u0131nca\u011f\u0131 gibi sevilen dizilerde yer ald\u0131. Ayr\u0131ca Medcezir dizisinde Nevin karakteriyle geni\u015f kitlelerce tan\u0131nd\u0131.<\/p>\n<p class=\"p1\">\n","protected":false},"excerpt":{"rendered":"<p>K\u0131z\u0131lc\u0131k \u015eerbeti\u2019nde hayat verdi\u011fi Pembe karakteriyle b\u00fcy\u00fck be\u011feni toplayan Sibel Ta\u015f\u00e7\u0131o\u011flu hakk\u0131nda dikkat \u00e7eken bir iddia g\u00fcndeme geldi. Ba\u015far\u0131l\u0131 oyuncunun Kanal D\u2019nin sevilen yap\u0131m\u0131 Uzak \u015eehir\u2019in kadrosuna kat\u0131laca\u011f\u0131 iddia edildi. <\/p>\n","protected":false},"author":16,"featured_media":158641,"comment_status":"closed","ping_status":"closed","sticky":false,"template":"","format":"standard","meta":{"rank_math_lock_modified_date":false,"footnotes":""},"categories":[602],"tags":[2628,17081,17082],"class_list":["post-158630","post","type-post","status-publish","format-standard","has-post-thumbnail","hentry","category-diziler","tag-dizi-haberleri","tag-kizilcik-serbeti-pembe-sibel-tascioglu-uzak-sehir","tag-kizilcik-serbeti-sibel-tascioglu-uzak-sehir-dizisi-kadrosu"],"_links":{"self":[{"href":"https:\/\/www.tgrthaber.com\/mavikadin\/wp-json\/wp\/v2\/posts\/158630"}],"collection":[{"href":"https:\/\/www.tgrthaber.com\/mavikadin\/wp-json\/wp\/v2\/posts"}],"about":[{"href":"https:\/\/www.tgrthaber.com\/mavikadin\/wp-json\/wp\/v2\/types\/post"}],"author":[{"embeddable":true,"href":"https:\/\/www.tgrthaber.com\/mavikadin\/wp-json\/wp\/v2\/users\/16"}],"replies":[{"embeddable":true,"href":"https:\/\/www.tgrthaber.com\/mavikadin\/wp-json\/wp\/v2\/comments?post=158630"}],"version-history":[{"count":2,"href":"https:\/\/www.tgrthaber.com\/mavikadin\/wp-json\/wp\/v2\/posts\/158630\/revisions"}],"predecessor-version":[{"id":158643,"href":"https:\/\/www.tgrthaber.com\/mavikadin\/wp-json\/wp\/v2\/posts\/158630\/revisions\/158643"}],"wp:featuredmedia":[{"embeddable":true,"href":"https:\/\/www.tgrthaber.com\/mavikadin\/wp-json\/wp\/v2\/media\/158641"}],"wp:attachment":[{"href":"https:\/\/www.tgrthaber.com\/mavikadin\/wp-json\/wp\/v2\/media?parent=158630"}],"wp:term":[{"taxonomy":"category","embeddable":true,"href":"https:\/\/www.tgrthaber.com\/mavikadin\/wp-json\/wp\/v2\/categories?post=158630"},{"taxonomy":"post_tag","embeddable":true,"href":"https:\/\/www.tgrthaber.com\/mavikadin\/wp-json\/wp\/v2\/tags?post=158630"}],"curies":[{"name":"wp","href":"https:\/\/api.w.org\/{rel}","templated":true}]}}