{"id":158685,"date":"2025-04-07T23:46:50","date_gmt":"2025-04-07T20:46:50","guid":{"rendered":"https:\/\/www.tgrthaber.com\/mavikadin\/?p=158685"},"modified":"2025-04-08T09:47:17","modified_gmt":"2025-04-08T06:47:17","slug":"toplu-tasima-kullandin-mi-sorusuna-verdigi-cevap-derin-taluyu-tt-yapti","status":"publish","type":"post","link":"https:\/\/www.tgrthaber.com\/mavikadin\/toplu-tasima-kullandin-mi-sorusuna-verdigi-cevap-derin-taluyu-tt-yapti\/","title":{"rendered":"Toplu ta\u015f\u0131ma kulland\u0131n m\u0131? sorusuna verdi\u011fi cevap Derin Talu\u2019yu TT yapt\u0131"},"content":{"rendered":"<p class=\"p1\">Defne Samyeli ile Eren Talu\u2019nun k\u0131z\u0131 Derin Talu, sosyal medyada payla\u015ft\u0131\u011f\u0131 videolar ve kendine \u00f6zg\u00fc konu\u015fma tarz\u0131yla dikkat \u00e7eken isimler aras\u0131nda yer al\u0131yor. Gen\u00e7 ya\u015f\u0131na ra\u011fmen geni\u015f bir takip\u00e7i kitlesine sahip olan Derin, hayranlar\u0131n\u0131n y\u00f6neltti\u011fi sorulara samimi cevaplar verdi\u011fi bir i\u00e7erik payla\u015ft\u0131. Gelen sorulardan biri olan &#8216;Hi\u00e7 toplu ta\u015f\u0131maya bindin mi?&#8217; sorusuna verdi\u011fi cevap, k\u0131sa s\u00fcrede sosyal medyada g\u00fcndeme oturdu. Talu\u2019nun cevab\u0131 sosyal medya kullan\u0131c\u0131lar\u0131n\u0131 ikiye b\u00f6ld\u00fc. Baz\u0131 kulan\u0131c\u0131lar, Derin Talu&#8217;nun bu a\u00e7\u0131klamas\u0131n\u0131 samimiyetsiz bulurken, baz\u0131lar\u0131 da &#8216;Helal olsun&#8217; yorumlar\u0131nda bulundu.<\/p>\n<h3>DER\u0130N TALU&#8217;DAN &#8216;TOPLU TA\u015eIMA KULLANDIN MI?&#8217; SORUSUNA D\u0130KKAT \u00c7EKEN CEVAP<\/h3>\n<p class=\"p1\">Defne Samyeli ve Eren Talu\u2019nun 23 ya\u015f\u0131ndaki k\u0131z\u0131 Derin Talu, sosyal medyada yapt\u0131\u011f\u0131 a\u00e7\u0131klamalarla yeniden g\u00fcndemde. Kendine has \u00fcslubu ve rahat tav\u0131rlar\u0131yla dikkat \u00e7eken Derin, takip\u00e7ilerinden gelen sorular\u0131 i\u00e7tenlikle cevaplad\u0131\u011f\u0131 bir video daha yay\u0131nlad\u0131. \u00d6zellikle &#8216;Hi\u00e7 toplu ta\u015f\u0131maya bindin mi?&#8217; sorusuna verdi\u011fi cevap, k\u0131sa s\u00fcrede \u00e7ok say\u0131da kullan\u0131c\u0131 taraf\u0131ndan payla\u015f\u0131ld\u0131. Talu, &#8216;Genelde toplu ta\u015f\u0131ma kullanmam ama lisede ho\u015fland\u0131\u011f\u0131m biri vard\u0131. Maddi durumu \u00e7ok iyi de\u011fildi, onunla birlikte bir kere binmi\u015ftim&#8217; s\u00f6zleriyle samimi bir itirafta bulundu. Bu a\u00e7\u0131klama sosyal medyada da g\u00fcndem oldu.<\/p>\n<div style=\"width: 576px;\" class=\"wp-video\"><!--[if lt IE 9]><script>document.createElement('video');<\/script><![endif]-->\n<video class=\"wp-video-shortcode\" id=\"video-158685-1\" width=\"576\" height=\"1024\" preload=\"metadata\" controls=\"controls\"><source type=\"video\/mp4\" src=\"https:\/\/www.tgrthaber.com\/mavikadin\/wp-content\/uploads\/derin.mp4?_=1\" \/><a href=\"https:\/\/www.tgrthaber.com\/mavikadin\/wp-content\/uploads\/derin.mp4\">https:\/\/www.tgrthaber.com\/mavikadin\/wp-content\/uploads\/derin.mp4<\/a><\/video><\/div>\n<p class=\"p1\">\u00d6te yandan Derin Talu, daha \u00f6nce erkeklerle ilgili d\u00fc\u015f\u00fcncelerini payla\u015ft\u0131\u011f\u0131 videoyla da ad\u0131ndan s\u00f6z ettirmi\u015fti. &#8216;\u00c7al\u0131\u015fmayan erkek kadar i\u015flevsiz bir \u015fey yok&#8217; diyerek yapt\u0131\u011f\u0131 payla\u015f\u0131m, yine \u00e7ok konu\u015fulmu\u015ftu.<\/p>\n<h3>DER\u0130N TALU K\u0130MD\u0130R, KA\u00c7 YA\u015eINDA?<\/h3>\n<p class=\"p1\">Derin Talu, 3 Eyl\u00fcl 2003\u2019te New York\u2019ta d\u00fcnyaya geldi. Annesi Defne Samyeli\u2019nin medya ge\u00e7mi\u015fi ve babas\u0131 Eren Talu\u2019nun mimarl\u0131k alan\u0131ndaki tan\u0131n\u0131rl\u0131\u011f\u0131, onun gen\u00e7 ya\u015fta ilgi oda\u011f\u0131 olmas\u0131nda etkili oldu. E\u011fitim hayat\u0131na \u0130stanbul\u2019da ba\u015flayan Derin, lise d\u00f6neminden sonra kariyer planlar\u0131n\u0131 yurt d\u0131\u015f\u0131na ta\u015f\u0131d\u0131.<\/p>\n<p><img loading=\"lazy\" decoding=\"async\" class=\"alignnone wp-image-158691 size-full\" src=\"https:\/\/www.tgrthaber.com\/mavikadin\/wp-content\/uploads\/Ekran-Resmi-2025-04-07-23.42.44.png\" alt=\"\" width=\"932\" height=\"564\" title=\"\" srcset=\"https:\/\/www.tgrthaber.com\/mavikadin\/wp-content\/uploads\/Ekran-Resmi-2025-04-07-23.42.44.png 932w, https:\/\/www.tgrthaber.com\/mavikadin\/wp-content\/uploads\/Ekran-Resmi-2025-04-07-23.42.44-300x182.png 300w, https:\/\/www.tgrthaber.com\/mavikadin\/wp-content\/uploads\/Ekran-Resmi-2025-04-07-23.42.44-768x465.png 768w\" sizes=\"(max-width: 932px) 100vw, 932px\" \/><\/p>\n<hr \/>\n<p class=\"p1\">Los Angeles\u2019ta ya\u015famaya ba\u015flayan Talu, \u00f6zellikle moda ve oyunculuk alanlar\u0131na y\u00f6nelerek kendine yeni bir yol \u00e7izmeye ba\u015flad\u0131. \u0130lk defile deneyimini At\u0131l Kuto\u011flu\u2019nun koleksiyonuyla ya\u015famas\u0131, modellik ser\u00fcveninin ba\u015flang\u0131\u00e7 noktas\u0131 oldu. Gen\u00e7 ya\u015f\u0131na ra\u011fmen tarz\u0131 ve duru\u015fuyla dikkat \u00e7ekiyor.<\/p>\n","protected":false},"excerpt":{"rendered":"<p>Defne Samyeli&#8217;nin k\u0131z\u0131 Derin Talu, sosyal medyada payla\u015ft\u0131\u011f\u0131 videolar ve kendine \u00f6zg\u00fc tarz\u0131yla magazin d\u00fcnyas\u0131n\u0131n dikkat \u00e7eken gen\u00e7 fig\u00fcrlerinden biri h\u00e2line geldi. Son payla\u015ft\u0131\u011f\u0131 soru-cevap videosundaki toplu ta\u015f\u0131ma cevab\u0131yla ad\u0131ndan s\u00f6z ettiren Talu, yine TT oldu. <\/p>\n","protected":false},"author":16,"featured_media":158693,"comment_status":"closed","ping_status":"closed","sticky":false,"template":"","format":"standard","meta":{"rank_math_lock_modified_date":false,"footnotes":""},"categories":[76],"tags":[17094,17095,133,2218],"class_list":["post-158685","post","type-post","status-publish","format-standard","has-post-thumbnail","hentry","category-magazin","tag-derin-talu-toplu-tasima","tag-derin-talu-toplu-tasima-cevabi","tag-magazin","tag-magazin-haberleri"],"_links":{"self":[{"href":"https:\/\/www.tgrthaber.com\/mavikadin\/wp-json\/wp\/v2\/posts\/158685"}],"collection":[{"href":"https:\/\/www.tgrthaber.com\/mavikadin\/wp-json\/wp\/v2\/posts"}],"about":[{"href":"https:\/\/www.tgrthaber.com\/mavikadin\/wp-json\/wp\/v2\/types\/post"}],"author":[{"embeddable":true,"href":"https:\/\/www.tgrthaber.com\/mavikadin\/wp-json\/wp\/v2\/users\/16"}],"replies":[{"embeddable":true,"href":"https:\/\/www.tgrthaber.com\/mavikadin\/wp-json\/wp\/v2\/comments?post=158685"}],"version-history":[{"count":5,"href":"https:\/\/www.tgrthaber.com\/mavikadin\/wp-json\/wp\/v2\/posts\/158685\/revisions"}],"predecessor-version":[{"id":158778,"href":"https:\/\/www.tgrthaber.com\/mavikadin\/wp-json\/wp\/v2\/posts\/158685\/revisions\/158778"}],"wp:featuredmedia":[{"embeddable":true,"href":"https:\/\/www.tgrthaber.com\/mavikadin\/wp-json\/wp\/v2\/media\/158693"}],"wp:attachment":[{"href":"https:\/\/www.tgrthaber.com\/mavikadin\/wp-json\/wp\/v2\/media?parent=158685"}],"wp:term":[{"taxonomy":"category","embeddable":true,"href":"https:\/\/www.tgrthaber.com\/mavikadin\/wp-json\/wp\/v2\/categories?post=158685"},{"taxonomy":"post_tag","embeddable":true,"href":"https:\/\/www.tgrthaber.com\/mavikadin\/wp-json\/wp\/v2\/tags?post=158685"}],"curies":[{"name":"wp","href":"https:\/\/api.w.org\/{rel}","templated":true}]}}