{"id":158699,"date":"2025-04-08T00:27:56","date_gmt":"2025-04-07T21:27:56","guid":{"rendered":"https:\/\/www.tgrthaber.com\/mavikadin\/?p=158699"},"modified":"2025-04-08T00:27:56","modified_gmt":"2025-04-07T21:27:56","slug":"survivorda-2025te-yok-boyle-kavga-aycan-cileden-cikti-asenanin-uzerine-yurudu-arkadaslari-zor-ayirdi","status":"publish","type":"post","link":"https:\/\/www.tgrthaber.com\/mavikadin\/survivorda-2025te-yok-boyle-kavga-aycan-cileden-cikti-asenanin-uzerine-yurudu-arkadaslari-zor-ayirdi\/","title":{"rendered":"Survivor\u2019da 2025\u2019te yok b\u00f6yle kavga!\u00a0Aycan \u00e7ileden \u00e7\u0131kt\u0131 Asena\u2019n\u0131n \u00fczerine y\u00fcr\u00fcd\u00fc! Arkada\u015flar\u0131 zor ay\u0131rd\u0131"},"content":{"rendered":"<p class=\"p1\">Survivor All Star 2025, temposunu art\u0131rarak ekran ba\u015f\u0131ndakilere unutulmaz anlar ya\u015fatmaya devam ediyor. Haftan\u0131n ilk eleme aday\u0131n\u0131n belirlenmesinin ard\u0131ndan adada tansiyon y\u00fckseldi. K\u0131rm\u0131z\u0131 tak\u0131m cephesinde Asena Demirba\u011f ile Aycan Yana\u00e7 aras\u0131nda ya\u015fanan gerginlik, yar\u0131\u015fmaya damga vurdu. Yeni b\u00f6l\u00fcmde ipler tamamen koptu.<\/p>\n<h3>SURV\u0130VOR 2025 AYCAN ASENA KAVGASINDA\u00a0 ORTALIK FENA KARI\u015eTI<\/h3>\n<p class=\"p1\">Survivor All Star 2025, tansiyonun bir an bile d\u00fc\u015fmedi\u011fi yeni b\u00f6l\u00fcm\u00fcyle yeniden g\u00fcndemde. Her hafta izleyiciyi ekrana kilitleyen yar\u0131\u015fma, bu kez K\u0131rm\u0131z\u0131 tak\u0131mda ya\u015fanan \u00e7arp\u0131c\u0131 bir \u00e7at\u0131\u015fmayla dikkat \u00e7ekti. Haftan\u0131n ilk dokunulmazl\u0131k oyununu G\u00f6n\u00fcll\u00fcler tak\u0131m\u0131 kazan\u0131rken, K\u0131rm\u0131z\u0131 tak\u0131m\u0131n kayb\u0131 ada konseyinde gerilimi t\u0131rmand\u0131rd\u0131. Oylama sonucu en \u00e7ok ismi yaz\u0131lan yar\u0131\u015fmac\u0131 Asena Demirba\u011f, haftan\u0131n ilk eleme aday\u0131 oldu.<\/p>\n<div style=\"width: 640px;\" class=\"wp-video\"><!--[if lt IE 9]><script>document.createElement('video');<\/script><![endif]-->\n<video class=\"wp-video-shortcode\" id=\"video-158699-1\" width=\"640\" height=\"360\" preload=\"metadata\" controls=\"controls\"><source type=\"video\/mp4\" src=\"https:\/\/www.tgrthaber.com\/mavikadin\/wp-content\/uploads\/aycan-.mp4?_=1\" \/><a href=\"https:\/\/www.tgrthaber.com\/mavikadin\/wp-content\/uploads\/aycan-.mp4\">https:\/\/www.tgrthaber.com\/mavikadin\/wp-content\/uploads\/aycan-.mp4<\/a><\/video><\/div>\n<p class=\"p1\">Asena\u2019n\u0131n isminin yaz\u0131lmas\u0131n\u0131n ard\u0131ndan ya\u015fanan gerginlik, yeni b\u00f6l\u00fcmde patlak verdi. \u00d6zellikle Aycan Yana\u00e7 ile aras\u0131nda uzun s\u00fcredir s\u00fcregelen gerilim, a\u00e7\u0131k bir \u00e7at\u0131\u015fmaya d\u00f6n\u00fc\u015ft\u00fc. Aycan, eleme sonras\u0131 verdi\u011fi r\u00f6portajda Asena\u2019ya a\u00e7\u0131k\u00e7a meydan okuyarak, onunla d\u00fcelloya \u00e7\u0131kmaktan \u00e7ekinmeyece\u011fini belirtti.<\/p>\n<p><img loading=\"lazy\" decoding=\"async\" class=\"alignnone wp-image-158706 size-large\" src=\"https:\/\/www.tgrthaber.com\/mavikadin\/wp-content\/uploads\/Ekran-Resmi-2025-04-08-00.21.59-1024x527.png\" alt=\"\" width=\"1024\" height=\"527\" title=\"\" srcset=\"https:\/\/www.tgrthaber.com\/mavikadin\/wp-content\/uploads\/Ekran-Resmi-2025-04-08-00.21.59-1024x527.png 1024w, https:\/\/www.tgrthaber.com\/mavikadin\/wp-content\/uploads\/Ekran-Resmi-2025-04-08-00.21.59-300x155.png 300w, https:\/\/www.tgrthaber.com\/mavikadin\/wp-content\/uploads\/Ekran-Resmi-2025-04-08-00.21.59-768x396.png 768w, https:\/\/www.tgrthaber.com\/mavikadin\/wp-content\/uploads\/Ekran-Resmi-2025-04-08-00.21.59.png 1456w\" sizes=\"(max-width: 1024px) 100vw, 1024px\" \/><\/p>\n<hr \/>\n<p class=\"p1\">Bu s\u00f6zler sadece konu\u015fmakla kalmad\u0131; parkurda ya\u015fanan tansiyonun ard\u0131ndan iki yar\u0131\u015fmac\u0131 fiziksel olarak da kar\u015f\u0131 kar\u015f\u0131ya geldi. Aycan\u2019\u0131n sinirlerine h\u00e2kim olamay\u0131p Asena\u2019n\u0131n \u00fczerine y\u00fcr\u00fcd\u00fc\u011f\u00fc anlar kameralara yans\u0131d\u0131. Araya giren tak\u0131m arkada\u015flar\u0131 olay\u0131n b\u00fcy\u00fcmesini g\u00fc\u00e7l\u00fckle \u00f6nledi. Survivor\u2019daki bu \u00e7arp\u0131c\u0131 \u00e7at\u0131\u015fma sosyal medyada da geni\u015f yank\u0131 buldu.<\/p>\n<p><img loading=\"lazy\" decoding=\"async\" class=\"alignnone wp-image-158707 size-large\" src=\"https:\/\/www.tgrthaber.com\/mavikadin\/wp-content\/uploads\/Ekran-Resmi-2025-04-08-00.22.10-1024x621.png\" alt=\"\" width=\"1024\" height=\"621\" title=\"\" srcset=\"https:\/\/www.tgrthaber.com\/mavikadin\/wp-content\/uploads\/Ekran-Resmi-2025-04-08-00.22.10-1024x621.png 1024w, https:\/\/www.tgrthaber.com\/mavikadin\/wp-content\/uploads\/Ekran-Resmi-2025-04-08-00.22.10-300x182.png 300w, https:\/\/www.tgrthaber.com\/mavikadin\/wp-content\/uploads\/Ekran-Resmi-2025-04-08-00.22.10-768x466.png 768w, https:\/\/www.tgrthaber.com\/mavikadin\/wp-content\/uploads\/Ekran-Resmi-2025-04-08-00.22.10.png 1504w\" sizes=\"(max-width: 1024px) 100vw, 1024px\" \/><\/p>\n<hr \/>\n<h3>SURV\u0130VOR 2025 AYCAN YANA\u00c7 K\u0130MD\u0130R?<\/h3>\n<p class=\"p1\">Aycan Yana\u00e7, 21 Kas\u0131m 1998\u2019de Almanya\u2019n\u0131n N\u00fcrnberg kentinde do\u011fmu\u015ftur. \u0130zmir k\u00f6kenli olan Aycan, futbolla erken ya\u015fta tan\u0131\u015fm\u0131\u015f ve ilk antrenman deneyimlerini N\u00fcrnberg\u2019de ya\u015fam\u0131\u015ft\u0131r. Bir d\u00f6nem K\u00f6ln altyap\u0131s\u0131nda forma giyen Yana\u00e7, 2015\u2019te Greuther F\u00fcrth\u2019e transfer olarak profesyonel kariyerine ad\u0131m atm\u0131\u015ft\u0131r. Daha sonra N\u00fcrnberg\u2019e d\u00f6nm\u00fc\u015f, ard\u0131ndan T\u00fcrkiye\u2019de ALG Spor\u2019un kadrosuna kat\u0131lm\u0131\u015ft\u0131r. Ancak 2020 y\u0131l\u0131nda Survivor\u2019a kat\u0131lmak i\u00e7in futbola ara vermi\u015ftir. Yar\u0131\u015fmada g\u00f6sterdi\u011fi h\u0131z, \u00e7eviklik ve rekabet\u00e7i duru\u015fuyla b\u00fcy\u00fck bir hayran kitlesi kazanm\u0131\u015ft\u0131r. 2022 All Star\u2019a yeniden kat\u0131lm\u0131\u015f, fakat yar\u0131\u015fmadan kendi iste\u011fiyle ayr\u0131lm\u0131\u015ft\u0131r. Exatlon Almanya\u2019daki derecesiyle de dikkat \u00e7ekmi\u015ftir.<\/p>\n","protected":false},"excerpt":{"rendered":"<p>Survivor All Star 2025\u2019te heyecan giderek t\u0131rman\u0131yor. \u0130lk eleme aday\u0131n\u0131n a\u00e7\u0131klanmas\u0131n\u0131n ard\u0131ndan adada gerilim tavan yapt\u0131. K\u0131rm\u0131z\u0131 tak\u0131mda Asena Demirba\u011f ile Aycan Yana\u00e7 aras\u0131nda ya\u015fanan sert tart\u0131\u015fma geceye damga vurdu. <\/p>\n","protected":false},"author":16,"featured_media":158708,"comment_status":"closed","ping_status":"closed","sticky":false,"template":"","format":"standard","meta":{"rank_math_lock_modified_date":false,"footnotes":""},"categories":[101],"tags":[17102,6758,17101],"class_list":["post-158699","post","type-post","status-publish","format-standard","has-post-thumbnail","hentry","category-kesfet","tag-survivor-2025-aycan-asena-kavga","tag-survivor-2025-kavga","tag-survivor-aycan-asena-kavga"],"_links":{"self":[{"href":"https:\/\/www.tgrthaber.com\/mavikadin\/wp-json\/wp\/v2\/posts\/158699"}],"collection":[{"href":"https:\/\/www.tgrthaber.com\/mavikadin\/wp-json\/wp\/v2\/posts"}],"about":[{"href":"https:\/\/www.tgrthaber.com\/mavikadin\/wp-json\/wp\/v2\/types\/post"}],"author":[{"embeddable":true,"href":"https:\/\/www.tgrthaber.com\/mavikadin\/wp-json\/wp\/v2\/users\/16"}],"replies":[{"embeddable":true,"href":"https:\/\/www.tgrthaber.com\/mavikadin\/wp-json\/wp\/v2\/comments?post=158699"}],"version-history":[{"count":1,"href":"https:\/\/www.tgrthaber.com\/mavikadin\/wp-json\/wp\/v2\/posts\/158699\/revisions"}],"predecessor-version":[{"id":158709,"href":"https:\/\/www.tgrthaber.com\/mavikadin\/wp-json\/wp\/v2\/posts\/158699\/revisions\/158709"}],"wp:featuredmedia":[{"embeddable":true,"href":"https:\/\/www.tgrthaber.com\/mavikadin\/wp-json\/wp\/v2\/media\/158708"}],"wp:attachment":[{"href":"https:\/\/www.tgrthaber.com\/mavikadin\/wp-json\/wp\/v2\/media?parent=158699"}],"wp:term":[{"taxonomy":"category","embeddable":true,"href":"https:\/\/www.tgrthaber.com\/mavikadin\/wp-json\/wp\/v2\/categories?post=158699"},{"taxonomy":"post_tag","embeddable":true,"href":"https:\/\/www.tgrthaber.com\/mavikadin\/wp-json\/wp\/v2\/tags?post=158699"}],"curies":[{"name":"wp","href":"https:\/\/api.w.org\/{rel}","templated":true}]}}