{"id":158747,"date":"2025-04-08T03:02:22","date_gmt":"2025-04-08T00:02:22","guid":{"rendered":"https:\/\/www.tgrthaber.com\/mavikadin\/?p=158747"},"modified":"2025-04-08T03:02:22","modified_gmt":"2025-04-08T00:02:22","slug":"uzak-sehirde-deniz-cihan-oldu-mu-seyirciyi-sarsan-final","status":"publish","type":"post","link":"https:\/\/www.tgrthaber.com\/mavikadin\/uzak-sehirde-deniz-cihan-oldu-mu-seyirciyi-sarsan-final\/","title":{"rendered":"Uzak \u015eehir&#8217;de Deniz Cihan \u00f6ld\u00fc m\u00fc? Seyirciyi sarsan final"},"content":{"rendered":"<p>Kanal D ekranlar\u0131nda yay\u0131nlanan \u201cUzak \u015eehir\u201d dizisinin bu haftaki b\u00f6l\u00fcm\u00fc, izleyicilere adeta duygusal bir f\u0131rt\u0131na ya\u015fatt\u0131. Alya\u2019n\u0131n o\u011flu Deniz\u2019in ka\u00e7\u0131r\u0131lmas\u0131yla ba\u015flayan gerilim dolu anlar, Cihan\u2019\u0131n cesur hamlesiyle birle\u015fince ekran ba\u015f\u0131ndakilerin kalbi a\u011fz\u0131na geldi.<\/p>\n<h3>DEN\u0130Z C\u0130HAN \u00d6LD\u00dc M\u00dc?<\/h3>\n<p>B\u00f6l\u00fcmde Alya, b\u00fcy\u00fck bir korku ve \u00e7aresizlik i\u00e7inde o\u011flunun pe\u015fine d\u00fc\u015ferken, olaylara ilk m\u00fcdahale eden ki\u015fi Cihan oldu. Deniz\u2019in ka\u00e7\u0131r\u0131ld\u0131\u011f\u0131n\u0131 \u00f6\u011frenen Cihan, teredd\u00fcts\u00fcz bir \u015fekilde kendini suya atarak onu kurtarmaya \u00e7al\u0131\u015ft\u0131. Bu sahne, sadece olay\u0131n gerilimiyle de\u011fil, Cihan\u2019\u0131n Alya ve Deniz\u2019e olan ba\u011fl\u0131l\u0131\u011f\u0131n\u0131 g\u00f6zler \u00f6n\u00fcne sermesiyle de dikkat \u00e7ekti.<\/p>\n<p>B\u00f6l\u00fcm\u00fcn en dokunakl\u0131 anlar\u0131ndan biri ise Alya\u2019n\u0131n, \u201cBenim o\u011flumdan ba\u015fka kimsem yok,\u201d diyerek i\u00e7inde bulundu\u011fu yaln\u0131zl\u0131\u011f\u0131 dile getirmesi oldu. Bu s\u00f6zler \u00fczerine Cihan\u2019\u0131n, derin bir i\u00e7tenlikle s\u00f6yledi\u011fi \u201cBen var\u0131m\u201d cevab\u0131, hem karakterin i\u00e7 d\u00fcnyas\u0131n\u0131 ortaya koydu hem de izleyiciye duygusal bir ba\u011f kurma f\u0131rsat\u0131 sundu.<\/p>\n<p><img loading=\"lazy\" decoding=\"async\" class=\"alignnone size-full wp-image-158722\" src=\"https:\/\/www.tgrthaber.com\/mavikadin\/wp-content\/uploads\/5-323.png\" alt=\"\" width=\"1280\" height=\"720\" title=\"\" srcset=\"https:\/\/www.tgrthaber.com\/mavikadin\/wp-content\/uploads\/5-323.png 1280w, https:\/\/www.tgrthaber.com\/mavikadin\/wp-content\/uploads\/5-323-300x169.png 300w, https:\/\/www.tgrthaber.com\/mavikadin\/wp-content\/uploads\/5-323-1024x576.png 1024w, https:\/\/www.tgrthaber.com\/mavikadin\/wp-content\/uploads\/5-323-768x432.png 768w\" sizes=\"(max-width: 1280px) 100vw, 1280px\" \/><\/p>\n<hr \/>\n<h3>S\u0130NEM \u00dcNSAL&#8217;A \u00d6VG\u00dc YA\u011eDI<\/h3>\n<p>Alya karakterine hayat veren ba\u015far\u0131l\u0131 oyuncu Sinem \u00dcnsal, bu b\u00f6l\u00fcmdeki performans\u0131yla sosyal medyada g\u00fcndem oldu. Deniz\u2019in kayboldu\u011fu sahnelerde sergiledi\u011fi ac\u0131, panik ve \u00e7aresizlik duygusunu sahici bir \u015fekilde yans\u0131tan \u00dcnsal, izleyicilerden tam not ald\u0131. Pek \u00e7ok kullan\u0131c\u0131, oyuncunun sahicili\u011fiyle izleyiciyi ekran kar\u015f\u0131s\u0131nda g\u00f6zya\u015flar\u0131na bo\u011fdu\u011funu ifade etti.<\/p>\n<p>\u00d6zellikle Deniz\u2019in kayboldu\u011fu sahnelerdeki oyunculu\u011fu; ger\u00e7eklik, i\u00e7tenlik ve mimiklerle verilen duygu yo\u011funlu\u011fuyla izleyenleri etkiledi. Bu b\u00f6l\u00fcmle birlikte Alya karakteri, sadece senaryodaki rol\u00fcyle de\u011fil, oyunculu\u011fun g\u00fcc\u00fcyle de \u00f6ne \u00e7\u0131kt\u0131.<\/p>\n<div style=\"width: 640px;\" class=\"wp-video\"><!--[if lt IE 9]><script>document.createElement('video');<\/script><![endif]-->\n<video class=\"wp-video-shortcode\" id=\"video-158747-1\" width=\"640\" height=\"357\" preload=\"metadata\" controls=\"controls\"><source type=\"video\/mp4\" src=\"https:\/\/www.tgrthaber.com\/mavikadin\/wp-content\/uploads\/WhatsApp-Video-2025-04-08-saat-02.24.13_31dc07a0.mp4?_=1\" \/><a href=\"https:\/\/www.tgrthaber.com\/mavikadin\/wp-content\/uploads\/WhatsApp-Video-2025-04-08-saat-02.24.13_31dc07a0.mp4\">https:\/\/www.tgrthaber.com\/mavikadin\/wp-content\/uploads\/WhatsApp-Video-2025-04-08-saat-02.24.13_31dc07a0.mp4<\/a><\/video><\/div>\n<hr \/>\n<h3>SOSYAL MEDYADDA B\u00dcY\u00dcK YANKI UYANDIRDI<\/h3>\n<p>B\u00f6l\u00fcm\u00fcn ard\u0131ndan sosyal medya platformlar\u0131nda #Alya ve #Deniz etiketleri k\u0131sa s\u00fcrede trend listelerinde yer ald\u0131. \u0130zleyiciler, Cihan\u2019\u0131n fedakarl\u0131\u011f\u0131n\u0131 ve Alya\u2019n\u0131n i\u00e7tenli\u011fini \u00f6ven mesajlarla diziyi yorum ya\u011fmuruna tuttu.<\/p>\n<p>\u201cUzak \u015eehir\u201d, dramatik yap\u0131s\u0131yla her hafta izleyicinin y\u00fcre\u011fine dokunmay\u0131 ba\u015far\u0131rken, bu hafta hem hikaye hem de oyunculuk a\u00e7\u0131s\u0131ndan zirve yapt\u0131. \u00d6zellikle Alya ve Cihan aras\u0131nda duygusal ba\u011flar\u0131n daha da g\u00f6r\u00fcn\u00fcr hale gelmesi, ilerleyen b\u00f6l\u00fcmlerde romantik bir k\u0131r\u0131lman\u0131n habercisi\u00a0olabilir.<\/p>\n","protected":false},"excerpt":{"rendered":"<p>Uzak \u015eehir\u2019in son b\u00f6l\u00fcm\u00fcnde gerilim ve duygu ayn\u0131 anda tavan yapt\u0131. Alya\u2019n\u0131n o\u011flu Deniz\u2019in ka\u00e7\u0131r\u0131lmas\u0131yla ortal\u0131k kar\u0131\u015f\u0131rken, Cihan\u2019\u0131n cesur hamlesi ve Alya\u2019ya verdi\u011fi \u201cBen var\u0131m\u201d mesaj\u0131 izleyiciyi derinden etkiledi. \u0130\u015fte detaylar&#8230;<\/p>\n","protected":false},"author":28,"featured_media":158720,"comment_status":"closed","ping_status":"closed","sticky":false,"template":"","format":"standard","meta":{"rank_math_lock_modified_date":false,"footnotes":""},"categories":[602],"tags":[14720,2293],"class_list":["post-158747","post","type-post","status-publish","format-standard","has-post-thumbnail","hentry","category-diziler","tag-alya-cihan","tag-uzak-sehir"],"_links":{"self":[{"href":"https:\/\/www.tgrthaber.com\/mavikadin\/wp-json\/wp\/v2\/posts\/158747"}],"collection":[{"href":"https:\/\/www.tgrthaber.com\/mavikadin\/wp-json\/wp\/v2\/posts"}],"about":[{"href":"https:\/\/www.tgrthaber.com\/mavikadin\/wp-json\/wp\/v2\/types\/post"}],"author":[{"embeddable":true,"href":"https:\/\/www.tgrthaber.com\/mavikadin\/wp-json\/wp\/v2\/users\/28"}],"replies":[{"embeddable":true,"href":"https:\/\/www.tgrthaber.com\/mavikadin\/wp-json\/wp\/v2\/comments?post=158747"}],"version-history":[{"count":2,"href":"https:\/\/www.tgrthaber.com\/mavikadin\/wp-json\/wp\/v2\/posts\/158747\/revisions"}],"predecessor-version":[{"id":158750,"href":"https:\/\/www.tgrthaber.com\/mavikadin\/wp-json\/wp\/v2\/posts\/158747\/revisions\/158750"}],"wp:featuredmedia":[{"embeddable":true,"href":"https:\/\/www.tgrthaber.com\/mavikadin\/wp-json\/wp\/v2\/media\/158720"}],"wp:attachment":[{"href":"https:\/\/www.tgrthaber.com\/mavikadin\/wp-json\/wp\/v2\/media?parent=158747"}],"wp:term":[{"taxonomy":"category","embeddable":true,"href":"https:\/\/www.tgrthaber.com\/mavikadin\/wp-json\/wp\/v2\/categories?post=158747"},{"taxonomy":"post_tag","embeddable":true,"href":"https:\/\/www.tgrthaber.com\/mavikadin\/wp-json\/wp\/v2\/tags?post=158747"}],"curies":[{"name":"wp","href":"https:\/\/api.w.org\/{rel}","templated":true}]}}