{"id":158908,"date":"2025-04-08T13:02:08","date_gmt":"2025-04-08T10:02:08","guid":{"rendered":"https:\/\/www.tgrthaber.com\/mavikadin\/?p=158908"},"modified":"2025-04-08T13:02:07","modified_gmt":"2025-04-08T10:02:07","slug":"arzu-sabanci-aslinda-kimdir-arzu-sabanci-evlenmeden-once-ne-is-yapiyordu-kac-cocugu-var","status":"publish","type":"post","link":"https:\/\/www.tgrthaber.com\/mavikadin\/arzu-sabanci-aslinda-kimdir-arzu-sabanci-evlenmeden-once-ne-is-yapiyordu-kac-cocugu-var\/","title":{"rendered":"Arzu Sabanc\u0131 asl\u0131nda kimdir? Arzu Sabanc\u0131 evlenmeden \u00f6nce ne i\u015f yap\u0131yordu, ka\u00e7 \u00e7ocu\u011fu var?"},"content":{"rendered":"<p>Arzu Sabanc\u0131, T\u00fcrkiye\u2019nin en tan\u0131nan i\u015f insanlar\u0131ndan biri olarak dikkat \u00e7ekiyor. Ba\u015far\u0131lar\u0131 ve hayat\u0131 ile bir\u00e7ok ki\u015fiye ilham kayna\u011f\u0131 olan Arzu Sabanc\u0131, yaln\u0131zca i\u015f d\u00fcnyas\u0131nda de\u011fil, ayn\u0131 zamanda moda d\u00fcnyas\u0131nda da \u00f6nemli bir yer edinmi\u015ftir. Peki, Arzu Sabanc\u0131 kimdir, hangi alanda \u00e7al\u0131\u015fmalar yapmaktad\u0131r ve ya\u015fam\u0131na dair merak edilen di\u011fer detaylar nelerdir? \u0130\u015fte Arzu Sabanc\u0131\u2019n\u0131n hayat\u0131 ve kariyerine dair t\u00fcm detaylar&#8230;<\/p>\n<h3>ARZU SABANCI K\u0130MD\u0130R?<\/h3>\n<p>Arzu Sabanc\u0131, 7 Eyl\u00fcl 1965\u2019te Ankara\u2019da d\u00fcnyaya gelmi\u015ftir. Aslen Artvinli olan Sabanc\u0131, Ankara \u00dcniversitesi Arkeoloji B\u00f6l\u00fcm\u00fc\u2019nden mezun olmu\u015ftur. E\u011fitim hayat\u0131na olduk\u00e7a de\u011fer veren Sabanc\u0131, ald\u0131\u011f\u0131 akademik e\u011fitimle kariyerinde sa\u011flam temeller atm\u0131\u015ft\u0131r. Ancak, Sabanc\u0131\u2019n\u0131n kariyerinde sadece arkeoloji de\u011fil, moda ve i\u015f d\u00fcnyas\u0131 da \u00f6nemli bir yer tutmu\u015ftur.<\/p>\n<p><img loading=\"lazy\" decoding=\"async\" class=\"alignnone size-full wp-image-158909\" src=\"https:\/\/www.tgrthaber.com\/mavikadin\/wp-content\/uploads\/1-621.png\" alt=\"\" width=\"1280\" height=\"720\" title=\"\" srcset=\"https:\/\/www.tgrthaber.com\/mavikadin\/wp-content\/uploads\/1-621.png 1280w, https:\/\/www.tgrthaber.com\/mavikadin\/wp-content\/uploads\/1-621-300x169.png 300w, https:\/\/www.tgrthaber.com\/mavikadin\/wp-content\/uploads\/1-621-1024x576.png 1024w, https:\/\/www.tgrthaber.com\/mavikadin\/wp-content\/uploads\/1-621-768x432.png 768w\" sizes=\"(max-width: 1280px) 100vw, 1280px\" \/><\/p>\n<hr \/>\n<h3>ARZU SABANCI&#8217;NIN EVL\u0130L\u0130\u011e\u0130<\/h3>\n<p>Arzu Sabanc\u0131\u2019n\u0131n ya\u015fam\u0131ndaki en \u00f6nemli d\u00f6n\u00fcm noktalar\u0131ndan biri de 1986 y\u0131l\u0131nda Densa Holding\u2019in Y\u00f6netim Kurulu Ba\u015fkan\u0131 \u00d6mer Sabanc\u0131 ile yapt\u0131\u011f\u0131 evlilik olmu\u015ftur. Bu evlilik, Arzu Sabanc\u0131\u2019n\u0131n hayat\u0131nda b\u00fcy\u00fck bir de\u011fi\u015fim olu\u015fturmu\u015f ve onu i\u015f d\u00fcnyas\u0131nda \u00f6nemli bir fig\u00fcr haline getirmi\u015ftir. \u00d6mer Sabanc\u0131 ile evlili\u011finden \u00fc\u00e7 o\u011fullar\u0131 bulunan Arzu Sabanc\u0131, Hakan, Kerim ve Hac\u0131 ad\u0131nda \u00fc\u00e7 erkek \u00e7ocuk annesidir.<\/p>\n<p><img loading=\"lazy\" decoding=\"async\" class=\"alignnone size-full wp-image-158912\" src=\"https:\/\/www.tgrthaber.com\/mavikadin\/wp-content\/uploads\/4-539.png\" alt=\"\" width=\"1280\" height=\"720\" title=\"\" srcset=\"https:\/\/www.tgrthaber.com\/mavikadin\/wp-content\/uploads\/4-539.png 1280w, https:\/\/www.tgrthaber.com\/mavikadin\/wp-content\/uploads\/4-539-300x169.png 300w, https:\/\/www.tgrthaber.com\/mavikadin\/wp-content\/uploads\/4-539-1024x576.png 1024w, https:\/\/www.tgrthaber.com\/mavikadin\/wp-content\/uploads\/4-539-768x432.png 768w\" sizes=\"(max-width: 1280px) 100vw, 1280px\" \/><\/p>\n<hr \/>\n<p>Arzu Sabanc\u0131\u2019n\u0131n i\u015f hayat\u0131na at\u0131lmas\u0131, moda ve tasar\u0131m d\u00fcnyas\u0131nda da b\u00fcy\u00fck bir etkiye sahiptir. 1997 y\u0131l\u0131nda, uluslararas\u0131 markalara koleksiyon haz\u0131rlayan bir firmada \u00e7al\u0131\u015fmaya ba\u015flam\u0131\u015ft\u0131r. Bu s\u00fcre\u00e7, Sabanc\u0131\u2019n\u0131n i\u015f d\u00fcnyas\u0131na g\u00fc\u00e7l\u00fc bir ad\u0131m atmas\u0131n\u0131 sa\u011flam\u0131\u015ft\u0131r.<\/p>\n<p>Sabanc\u0131\u2019n\u0131n sekt\u00f6rdeki ba\u015far\u0131s\u0131n\u0131n ard\u0131ndan kendi \u015firketini kurmu\u015f ve d\u00fcnya \u00e7ap\u0131nda \u00fcnl\u00fc markalar\u0131 T\u00fcrk t\u00fcketicisiyle bulu\u015fturmu\u015ftur. Bu alandaki ba\u015far\u0131lar\u0131 sayesinde, Arzu Sabanc\u0131 ad\u0131 i\u015f d\u00fcnyas\u0131nda adeta bir marka haline gelmi\u015ftir.<\/p>\n<p><img loading=\"lazy\" decoding=\"async\" class=\"alignnone size-full wp-image-158911\" src=\"https:\/\/www.tgrthaber.com\/mavikadin\/wp-content\/uploads\/3-650.png\" alt=\"\" width=\"1280\" height=\"720\" title=\"\" srcset=\"https:\/\/www.tgrthaber.com\/mavikadin\/wp-content\/uploads\/3-650.png 1280w, https:\/\/www.tgrthaber.com\/mavikadin\/wp-content\/uploads\/3-650-300x169.png 300w, https:\/\/www.tgrthaber.com\/mavikadin\/wp-content\/uploads\/3-650-1024x576.png 1024w, https:\/\/www.tgrthaber.com\/mavikadin\/wp-content\/uploads\/3-650-768x432.png 768w\" sizes=\"(max-width: 1280px) 100vw, 1280px\" \/><\/p>\n<hr \/>\n<h3>MODA D\u00dcNYASINDAK\u0130 \u0130Z\u0130<\/h3>\n<p>Arzu Sabanc\u0131, yaln\u0131zca i\u015f d\u00fcnyas\u0131nda de\u011fil, ayn\u0131 zamanda moda d\u00fcnyas\u0131nda da ba\u015far\u0131l\u0131 bir isimdir. T\u00fcrkiye\u2019deki moda sekt\u00f6r\u00fcnde b\u00fcy\u00fck bir etki olu\u015fturmu\u015f ve bu alanda say\u0131s\u0131z projeye imza atm\u0131\u015ft\u0131r. \u00d6zellikle Milano\u2019da bir \u0130talyan markas\u0131 i\u00e7in kaps\u00fcl koleksiyon tasarlamas\u0131, onun moda d\u00fcnyas\u0131nda da ne kadar etkili bir isim oldu\u011funu g\u00f6stermektedir.<\/p>\n<p>Ayr\u0131ca, Patrizia Pepe markas\u0131n\u0131n T\u00fcrkiye\u2019deki distrib\u00fct\u00f6rl\u00fc\u011f\u00fcn\u00fc \u00fcstlenmi\u015f ve marka, T\u00fcrk t\u00fcketicileriyle bulu\u015fmu\u015ftur. Bu ba\u015far\u0131l\u0131 ad\u0131m, Arzu Sabanc\u0131\u2019n\u0131n moda d\u00fcnyas\u0131nda ne denli etkili oldu\u011funu bir kez daha g\u00f6zler \u00f6n\u00fcne serdi.<\/p>\n<p><img loading=\"lazy\" decoding=\"async\" class=\"alignnone size-full wp-image-158913\" src=\"https:\/\/www.tgrthaber.com\/mavikadin\/wp-content\/uploads\/5-326.png\" alt=\"\" width=\"1280\" height=\"720\" title=\"\" srcset=\"https:\/\/www.tgrthaber.com\/mavikadin\/wp-content\/uploads\/5-326.png 1280w, https:\/\/www.tgrthaber.com\/mavikadin\/wp-content\/uploads\/5-326-300x169.png 300w, https:\/\/www.tgrthaber.com\/mavikadin\/wp-content\/uploads\/5-326-1024x576.png 1024w, https:\/\/www.tgrthaber.com\/mavikadin\/wp-content\/uploads\/5-326-768x432.png 768w\" sizes=\"(max-width: 1280px) 100vw, 1280px\" \/><\/p>\n<hr \/>\n<h3>ARZU SABANCI&#8217;NIN \u0130\u015e D\u00dcNYASINDAK\u0130 FELSEFES\u0130<\/h3>\n<p>Arzu Sabanc\u0131, i\u015f d\u00fcnyas\u0131nda her zaman yenilik\u00e7i ve \u00fcretken olmay\u0131 ilke edinmi\u015f bir isimdir. Kendisine y\u00f6neltilen sorularda, daima daha ileriye gitmek ve de\u011fi\u015fimlere ayak uydurmak gerekti\u011fini vurgulamaktad\u0131r. Sabanc\u0131, i\u015f d\u00fcnyas\u0131nda sa\u011flam ad\u0131mlar atarken, ayn\u0131 zamanda i\u015f ve aile hayat\u0131n\u0131 da dengelemeyi ba\u015farm\u0131\u015ft\u0131r.<\/p>\n<p>Arzu Sabanc\u0131\u2019n\u0131n i\u015f d\u00fcnyas\u0131ndaki ba\u015far\u0131s\u0131n\u0131n arkas\u0131nda, g\u00fc\u00e7l\u00fc bir liderlik anlay\u0131\u015f\u0131 ve disiplinli \u00e7al\u0131\u015fma prensipleri bulunmaktad\u0131r. Ayn\u0131 zamanda, kariyerinde do\u011fru ve sa\u011flam ad\u0131mlar atarak, s\u00fcrekli geli\u015fim ve yenilik \u00fczerine kurdu\u011fu stratejiler ile b\u00fcy\u00fck bir ba\u015far\u0131 elde etmi\u015ftir.<\/p>\n<p>Arzu Sabanc\u0131, i\u015f d\u00fcnyas\u0131nda ve moda sekt\u00f6r\u00fcnde elde etti\u011fi ba\u015far\u0131larla ad\u0131n\u0131 duyurmu\u015f \u00f6nemli bir isimdir. Arkeoloji b\u00f6l\u00fcm\u00fc mezunu olan Sabanc\u0131, i\u015f d\u00fcnyas\u0131nda kazand\u0131\u011f\u0131 tecr\u00fcbelerle, hem T\u00fcrkiye\u2019de hem de d\u00fcnyada b\u00fcy\u00fck bir takip\u00e7i kitlesine sahiptir. Evlili\u011fi, ailesi ve kariyeri ile \u00f6rnek g\u00f6sterilen bir i\u015f kad\u0131n\u0131 olan Arzu Sabanc\u0131, ba\u015far\u0131lar\u0131yla bir\u00e7ok ki\u015fiye ilham kayna\u011f\u0131 olmaya devam etmektedir.<\/p>\n","protected":false},"excerpt":{"rendered":"<p>Arzu Sabanc\u0131, T\u00fcrkiye\u2019nin en tan\u0131nan i\u015f insanlar\u0131ndan biridir. Sabanc\u0131 ailesinin \u00f6nemli bir par\u00e7as\u0131 olarak, hem i\u015f d\u00fcnyas\u0131nda hem de sosyal hayatta b\u00fcy\u00fck bir etkisi vard\u0131r. \u0130\u015f hayat\u0131ndaki ba\u015far\u0131s\u0131 kadar, \u00f6zel ya\u015fam\u0131 da ilgiyle takip edilmektedir. Peki, Arzu Sabanc\u0131 kimdir, nas\u0131l bir kariyer ge\u00e7mi\u015fine sahiptir? \u0130\u015fte, i\u015f d\u00fcnyas\u0131n\u0131n g\u00fc\u00e7l\u00fc kad\u0131n\u0131 Arzu Sabanc\u0131\u2019n\u0131n hayat\u0131 ve kariyerine dair merak edilenler&#8230;<\/p>\n","protected":false},"author":28,"featured_media":158910,"comment_status":"closed","ping_status":"closed","sticky":false,"template":"","format":"standard","meta":{"rank_math_lock_modified_date":true,"footnotes":""},"categories":[76],"tags":[2877,17138],"class_list":["post-158908","post","type-post","status-publish","format-standard","has-post-thumbnail","hentry","category-magazin","tag-arzu-sabanci","tag-arzu-sabanci-kmdir"],"_links":{"self":[{"href":"https:\/\/www.tgrthaber.com\/mavikadin\/wp-json\/wp\/v2\/posts\/158908"}],"collection":[{"href":"https:\/\/www.tgrthaber.com\/mavikadin\/wp-json\/wp\/v2\/posts"}],"about":[{"href":"https:\/\/www.tgrthaber.com\/mavikadin\/wp-json\/wp\/v2\/types\/post"}],"author":[{"embeddable":true,"href":"https:\/\/www.tgrthaber.com\/mavikadin\/wp-json\/wp\/v2\/users\/28"}],"replies":[{"embeddable":true,"href":"https:\/\/www.tgrthaber.com\/mavikadin\/wp-json\/wp\/v2\/comments?post=158908"}],"version-history":[{"count":2,"href":"https:\/\/www.tgrthaber.com\/mavikadin\/wp-json\/wp\/v2\/posts\/158908\/revisions"}],"predecessor-version":[{"id":158916,"href":"https:\/\/www.tgrthaber.com\/mavikadin\/wp-json\/wp\/v2\/posts\/158908\/revisions\/158916"}],"wp:featuredmedia":[{"embeddable":true,"href":"https:\/\/www.tgrthaber.com\/mavikadin\/wp-json\/wp\/v2\/media\/158910"}],"wp:attachment":[{"href":"https:\/\/www.tgrthaber.com\/mavikadin\/wp-json\/wp\/v2\/media?parent=158908"}],"wp:term":[{"taxonomy":"category","embeddable":true,"href":"https:\/\/www.tgrthaber.com\/mavikadin\/wp-json\/wp\/v2\/categories?post=158908"},{"taxonomy":"post_tag","embeddable":true,"href":"https:\/\/www.tgrthaber.com\/mavikadin\/wp-json\/wp\/v2\/tags?post=158908"}],"curies":[{"name":"wp","href":"https:\/\/api.w.org\/{rel}","templated":true}]}}