{"id":158914,"date":"2025-04-08T13:11:13","date_gmt":"2025-04-08T10:11:13","guid":{"rendered":"https:\/\/www.tgrthaber.com\/mavikadin\/?p=158914"},"modified":"2025-04-08T13:11:13","modified_gmt":"2025-04-08T10:11:13","slug":"gonul-dagi-dizisinde-soke-eden-ayrilik-asuman-karakteri-diziye-veda-mi-ediyor","status":"publish","type":"post","link":"https:\/\/www.tgrthaber.com\/mavikadin\/gonul-dagi-dizisinde-soke-eden-ayrilik-asuman-karakteri-diziye-veda-mi-ediyor\/","title":{"rendered":"G\u00f6n\u00fcl Da\u011f\u0131 dizisinde \u015foke eden ayr\u0131l\u0131k! Asuman karakteri diziye veda m\u0131 ediyor?"},"content":{"rendered":"<p>TRT 1 ekranlar\u0131n\u0131n reyting rekortmeni dizisi G\u00f6n\u00fcl Da\u011f\u0131, yeni b\u00f6l\u00fcmleriyle izleyici kar\u015f\u0131s\u0131na \u00e7\u0131kmaya devam ediyor. T\u00fcm h\u0131z\u0131yla devam eden dizi, heyecan dolu yeni b\u00f6l\u00fcmleriyle izleyiciyi ekran ba\u015f\u0131nda kilitliyor. Konusu ve g\u00fc\u00e7l\u00fc oyuncu kadrosuyla dikkat \u00e7eken dizide yak\u0131n zamanda bir ayr\u0131l\u0131\u011f\u0131n ya\u015fanaca\u011f\u0131 iddia ediliyor. Oyuncu kadrosundaki de\u011fi\u015fikliklerin devam etti\u011fi dizide hangi karakterin ayr\u0131laca\u011f\u0131 da merakla ara\u015ft\u0131r\u0131l\u0131yor. \u0130ddialara g\u00f6re \u201cAsuman\u201d karakteriyle izleyici kar\u015f\u0131s\u0131na \u00e7\u0131kan Hazal \u00c7a\u011flar\u2019\u0131n G\u00f6n\u00fcl Da\u011f\u0131\u2019na veda edece\u011fi s\u00f6yleniyor. Peki, G\u00f6n\u00fcl Da\u011f\u0131 dizisinden kim ayr\u0131lacak? Asuman karakteri diziye veda m\u0131 ediyor? \u0130\u015fte G\u00f6n\u00fcl Da\u011f\u0131 dizisinde \u015foke eden ayr\u0131l\u0131k\u2026<\/p>\n<h3>G\u00d6N\u00dcL DA\u011eI D\u0130Z\u0130S\u0130NDE \u015eOKE EDEN AYRILIK!<\/h3>\n<p>TRT 1 ekranlar\u0131n\u0131n reyting rekortmeni sevilen dizisi G\u00f6n\u00fcl Da\u011f\u0131, 5. sezonunda b\u00fcy\u00fck bir ilgiyle takip edilmeye devam ediyor. \u00d6n\u00fcm\u00fczdeki yeni sezon i\u00e7in devam onay\u0131 alan dizi, yay\u0131nland\u0131\u011f\u0131 ilk g\u00fcnden bu yana merakla takip ediliyor.<\/p>\n<p><img loading=\"lazy\" decoding=\"async\" class=\"alignnone wp-image-158919\" src=\"https:\/\/www.tgrthaber.com\/mavikadin\/wp-content\/uploads\/Gonul-Dagi-Asuman-5-1024x576.jpg\" alt=\"G\u00f6n\u00fcl Da\u011f\u0131 dizisinde \u015foke eden ayr\u0131l\u0131k! Asuman karakteri diziye veda m\u0131 ediyor? \" width=\"1208\" height=\"680\" title=\"\" srcset=\"https:\/\/www.tgrthaber.com\/mavikadin\/wp-content\/uploads\/Gonul-Dagi-Asuman-5-1024x576.jpg 1024w, https:\/\/www.tgrthaber.com\/mavikadin\/wp-content\/uploads\/Gonul-Dagi-Asuman-5-300x169.jpg 300w, https:\/\/www.tgrthaber.com\/mavikadin\/wp-content\/uploads\/Gonul-Dagi-Asuman-5-768x432.jpg 768w, https:\/\/www.tgrthaber.com\/mavikadin\/wp-content\/uploads\/Gonul-Dagi-Asuman-5-1536x864.jpg 1536w, https:\/\/www.tgrthaber.com\/mavikadin\/wp-content\/uploads\/Gonul-Dagi-Asuman-5.jpg 1600w\" sizes=\"(max-width: 1208px) 100vw, 1208px\" \/><\/p>\n<hr \/>\n<p>Yeni b\u00f6l\u00fcmleriyle izleyiciyi ekran ba\u015f\u0131na kilitleyen dizide yak\u0131n zamanda bir ayr\u0131l\u0131\u011f\u0131n ya\u015fanaca\u011f\u0131 konu\u015fuluyor. Konusu ve g\u00fc\u00e7l\u00fc oyuncu kadrosuyla dikkatleri \u00fczerine \u00e7eken G\u00f6n\u00fcl Da\u011f\u0131 dizisi, oyuncu kadrosundaki de\u011fi\u015fikliklere devam ediyor.<\/p>\n<p>Son d\u00f6nemlerde ba\u015far\u0131l\u0131 oyuncu kadrosunu geni\u015fleten dizide, \u015foke eden bir ayr\u0131l\u0131\u011f\u0131n ya\u015fanaca\u011f\u0131 s\u00f6yleniyor. Dizinin oyuncu kadrosuna son olarak Erdal \u00d6zya\u011fc\u0131lar \u201cS\u00fcleyman\u201d karakteriyle, Tuna Orhan ise \u201cBaklavac\u0131 Kahraman\u201d karakteriyle dahil olmu\u015ftu. Erdal Cindoruk ise \u201cA\u011f\u0131t\u00e7\u0131 H\u00fcseyin\u201d rol\u00fcyle diziye geri d\u00f6nm\u00fc\u015ft\u00fc.<\/p>\n<p><img loading=\"lazy\" decoding=\"async\" class=\"alignnone wp-image-158920\" src=\"https:\/\/www.tgrthaber.com\/mavikadin\/wp-content\/uploads\/Gonul-Dagi-Asuman-6-1024x576.jpg\" alt=\"G\u00f6n\u00fcl Da\u011f\u0131 dizisinde \u015foke eden ayr\u0131l\u0131k! Asuman karakteri diziye veda m\u0131 ediyor? \" width=\"1208\" height=\"680\" title=\"\" srcset=\"https:\/\/www.tgrthaber.com\/mavikadin\/wp-content\/uploads\/Gonul-Dagi-Asuman-6-1024x576.jpg 1024w, https:\/\/www.tgrthaber.com\/mavikadin\/wp-content\/uploads\/Gonul-Dagi-Asuman-6-300x169.jpg 300w, https:\/\/www.tgrthaber.com\/mavikadin\/wp-content\/uploads\/Gonul-Dagi-Asuman-6-768x432.jpg 768w, https:\/\/www.tgrthaber.com\/mavikadin\/wp-content\/uploads\/Gonul-Dagi-Asuman-6-1536x864.jpg 1536w, https:\/\/www.tgrthaber.com\/mavikadin\/wp-content\/uploads\/Gonul-Dagi-Asuman-6.jpg 1600w\" sizes=\"(max-width: 1208px) 100vw, 1208px\" \/><\/p>\n<hr \/>\n<p>Oyuncu kadrosundaki de\u011fi\u015fikliklerin devam etti\u011fi dizide hangi karakterin G\u00f6n\u00fcl Da\u011f\u0131\u2019na veda edece\u011fi merak konusu oldu. \u201cAsuman\u201d karakteriyle izleyici kar\u015f\u0131s\u0131na \u00e7\u0131kan Hazal \u00c7a\u011flar\u2019\u0131n G\u00f6n\u00fcl Da\u011f\u0131\u2019na veda edece\u011fi iddia edildi.<\/p>\n<h3>ASUMAN KARAKTER\u0130 G\u00d6N\u00dcL DA\u011eI D\u0130Z\u0130S\u0130NDEN AYRILIYOR MU?<\/h3>\n<p>Ekran\u0131n geldi\u011fi ilk g\u00fcnden itibaren g\u00f6n\u00fcllerinde taht kuran, 5 sezon boyunca her hafta izlenme rekorlar\u0131 k\u0131ran G\u00f6n\u00fcl Da\u011f\u0131 dizisinde seyirciyi \u015foke eden bir ayr\u0131l\u0131\u011f\u0131n ya\u015fanaca\u011f\u0131 iddia ediliyor. \u0130ddialar\u0131n oda\u011f\u0131ndaki isim ise \u201cAsuman\u201d karakteriyle izleyiciyle bulu\u015fan Hazal \u00c7a\u011flar olarak kar\u015f\u0131m\u0131za \u00e7\u0131k\u0131yor.<\/p>\n<p><img loading=\"lazy\" decoding=\"async\" class=\"alignnone wp-image-158921\" src=\"https:\/\/www.tgrthaber.com\/mavikadin\/wp-content\/uploads\/Gonul-Dagi-Asuman-2-1024x576.jpg\" alt=\"G\u00f6n\u00fcl Da\u011f\u0131 dizisinde \u015foke eden ayr\u0131l\u0131k! Asuman karakteri diziye veda m\u0131 ediyor? \" width=\"1208\" height=\"680\" title=\"\" srcset=\"https:\/\/www.tgrthaber.com\/mavikadin\/wp-content\/uploads\/Gonul-Dagi-Asuman-2-1024x576.jpg 1024w, https:\/\/www.tgrthaber.com\/mavikadin\/wp-content\/uploads\/Gonul-Dagi-Asuman-2-300x169.jpg 300w, https:\/\/www.tgrthaber.com\/mavikadin\/wp-content\/uploads\/Gonul-Dagi-Asuman-2-768x432.jpg 768w, https:\/\/www.tgrthaber.com\/mavikadin\/wp-content\/uploads\/Gonul-Dagi-Asuman-2-1536x864.jpg 1536w, https:\/\/www.tgrthaber.com\/mavikadin\/wp-content\/uploads\/Gonul-Dagi-Asuman-2.jpg 1600w\" sizes=\"(max-width: 1208px) 100vw, 1208px\" \/><\/p>\n<hr \/>\n<p>\u0130ddialara g\u00f6re G\u00f6n\u00fcl Da\u011f\u0131 dizisinde \u201cAsuman\u201d karakteriyle seyirci kar\u015f\u0131s\u0131na \u00e7\u0131kan Hazal \u00c7a\u011flar\u2019\u0131n yak\u0131n zamanda projeye veda edece\u011fi ve yeni sezonda yepyeni bir dizi ile ekranlara gelece\u011fi s\u00f6yleniyor. Asuman karakterinin diziden ayr\u0131laca\u011f\u0131na dair kesin bir bilgi bulunmasa da iddialar sosyal medyay\u0131 kas\u0131p kavuruyor.<\/p>\n<h3>ASUMAN KARAKTER\u0130N\u0130N D\u0130Z\u0130DEN AYRILACA\u011eI \u0130DD\u0130ALARI SOSYAL MEDYADA TEPK\u0130 G\u00d6RD\u00dc!<\/h3>\n<p>G\u00f6n\u00fcl Da\u011f\u0131 dizisinin s\u0131k\u0131 takip\u00e7ileri ise Asuman karakterinin diziden ayr\u0131laca\u011f\u0131 iddialar\u0131 kar\u015f\u0131s\u0131nda \u00e7e\u015fitli yorumlarda bulundu. \u0130\u015fte Asuman karakterinin diziden ayr\u0131laca\u011f\u0131 iddialar\u0131 kar\u015f\u0131s\u0131nda baz\u0131 sosyal medya kullan\u0131c\u0131lar\u0131n\u0131n yorumu\u2026<\/p>\n<p><img loading=\"lazy\" decoding=\"async\" class=\"alignnone wp-image-158922\" src=\"https:\/\/www.tgrthaber.com\/mavikadin\/wp-content\/uploads\/Gonul-Dagi-Asuman-3-1024x576.jpg\" alt=\"G\u00f6n\u00fcl Da\u011f\u0131 dizisinde \u015foke eden ayr\u0131l\u0131k! Asuman karakteri diziye veda m\u0131 ediyor? \" width=\"1208\" height=\"680\" title=\"\" srcset=\"https:\/\/www.tgrthaber.com\/mavikadin\/wp-content\/uploads\/Gonul-Dagi-Asuman-3-1024x576.jpg 1024w, https:\/\/www.tgrthaber.com\/mavikadin\/wp-content\/uploads\/Gonul-Dagi-Asuman-3-300x169.jpg 300w, https:\/\/www.tgrthaber.com\/mavikadin\/wp-content\/uploads\/Gonul-Dagi-Asuman-3-768x432.jpg 768w, https:\/\/www.tgrthaber.com\/mavikadin\/wp-content\/uploads\/Gonul-Dagi-Asuman-3-1536x864.jpg 1536w, https:\/\/www.tgrthaber.com\/mavikadin\/wp-content\/uploads\/Gonul-Dagi-Asuman-3.jpg 1600w\" sizes=\"(max-width: 1208px) 100vw, 1208px\" \/><\/p>\n<hr \/>\n<p>\u201c\u00c7ok pi\u015fman olur. Dizi sevildi\u011fi i\u00e7in g\u00f6ze batm\u0131yor. Oyunculu\u011fu o kadar iyi de\u011fil ama dizi tuttu ba\u015fka bir projede kesinlikle oynayamaz.\u201d<\/p>\n<p>\u201cK\u00fcrk\u00e7\u00fc d\u00fckkan\u0131na geri d\u00f6nerse \u015fa\u015f\u0131rmam sonra.\u201d<\/p>\n<p>\u201cAsla \u00e7\u0131kmaz bunlar. Yani ana kadro. Tek dertleri para. Biliyorlar ba\u015fka teklif gelmeyece\u011fini. Nas\u0131lsa dizi bitmiyor deyip, senaryo berbat olsa da b\u0131rakm\u0131yorlar.\u201d<\/p>\n<p>\u201cTutmaz dizisi bo\u015funa gider.\u201d<\/p>\n","protected":false},"excerpt":{"rendered":"<p>TRT 1 ekranlar\u0131n\u0131n b\u00fcy\u00fck bir ilgiyle takip edilen dizisi G\u00f6n\u00fcl Da\u011f\u0131, t\u00fcm h\u0131z\u0131yla yay\u0131nlanmaya devam ediyor. Hem konusu hem de g\u00fc\u00e7l\u00fc oyuncu kadrosuyla dikkatleri \u00fczerine \u00e7eken dizide \u015foke eden bir ayr\u0131l\u0131k ya\u015fanaca\u011f\u0131 s\u00f6yleniyor. Peki, G\u00f6n\u00fcl Da\u011f\u0131 dizisinden kim ayr\u0131lacak? Asuman karakteri diziye veda m\u0131 ediyor? \u0130\u015fte detaylar\u2026<\/p>\n","protected":false},"author":26,"featured_media":158917,"comment_status":"closed","ping_status":"closed","sticky":false,"template":"","format":"standard","meta":{"rank_math_lock_modified_date":false,"footnotes":""},"categories":[602],"tags":[2628,3687,11662,11664,5413,17139],"class_list":["post-158914","post","type-post","status-publish","format-standard","has-post-thumbnail","hentry","category-diziler","tag-dizi-haberleri","tag-gonul-dagi","tag-gonul-dagi-asuman","tag-gonul-dagi-dizi","tag-hazal-caglar","tag-hazal-caglar-gonul-dagindan-ayrilacak-mi"],"_links":{"self":[{"href":"https:\/\/www.tgrthaber.com\/mavikadin\/wp-json\/wp\/v2\/posts\/158914"}],"collection":[{"href":"https:\/\/www.tgrthaber.com\/mavikadin\/wp-json\/wp\/v2\/posts"}],"about":[{"href":"https:\/\/www.tgrthaber.com\/mavikadin\/wp-json\/wp\/v2\/types\/post"}],"author":[{"embeddable":true,"href":"https:\/\/www.tgrthaber.com\/mavikadin\/wp-json\/wp\/v2\/users\/26"}],"replies":[{"embeddable":true,"href":"https:\/\/www.tgrthaber.com\/mavikadin\/wp-json\/wp\/v2\/comments?post=158914"}],"version-history":[{"count":2,"href":"https:\/\/www.tgrthaber.com\/mavikadin\/wp-json\/wp\/v2\/posts\/158914\/revisions"}],"predecessor-version":[{"id":158924,"href":"https:\/\/www.tgrthaber.com\/mavikadin\/wp-json\/wp\/v2\/posts\/158914\/revisions\/158924"}],"wp:featuredmedia":[{"embeddable":true,"href":"https:\/\/www.tgrthaber.com\/mavikadin\/wp-json\/wp\/v2\/media\/158917"}],"wp:attachment":[{"href":"https:\/\/www.tgrthaber.com\/mavikadin\/wp-json\/wp\/v2\/media?parent=158914"}],"wp:term":[{"taxonomy":"category","embeddable":true,"href":"https:\/\/www.tgrthaber.com\/mavikadin\/wp-json\/wp\/v2\/categories?post=158914"},{"taxonomy":"post_tag","embeddable":true,"href":"https:\/\/www.tgrthaber.com\/mavikadin\/wp-json\/wp\/v2\/tags?post=158914"}],"curies":[{"name":"wp","href":"https:\/\/api.w.org\/{rel}","templated":true}]}}