{"id":158946,"date":"2025-04-08T14:03:50","date_gmt":"2025-04-08T11:03:50","guid":{"rendered":"https:\/\/www.tgrthaber.com\/mavikadin\/?p=158946"},"modified":"2025-04-08T14:06:41","modified_gmt":"2025-04-08T11:06:41","slug":"tarihin-kapilarini-acan-kurulus-osman-gorkemli-platosuyla-ziyaretcilerini-bekliyor","status":"publish","type":"post","link":"https:\/\/www.tgrthaber.com\/mavikadin\/tarihin-kapilarini-acan-kurulus-osman-gorkemli-platosuyla-ziyaretcilerini-bekliyor\/","title":{"rendered":"Tarihin kap\u0131lar\u0131n\u0131 a\u00e7an Kurulu\u015f Osman! G\u00f6rkemli platosuyla ziyaret\u00e7ilerini bekliyor"},"content":{"rendered":"<p>ATV ekranlar\u0131n\u0131n b\u00fcy\u00fck bir ilgiyle takip edilen dizisi Kurulu\u015f Osman t\u00fcm h\u0131z\u0131yla yay\u0131nlanmaya devam ediyor. Dizi tarihi konusu, kost\u00fcmleri ve oyuncular\u0131yla b\u00fcy\u00fck bir ilgi g\u00f6r\u00fcyor. \u00d6zellikle de dizinin \u00e7ekim yeri izleyicilerin ilgi oda\u011f\u0131nda yer al\u0131yor. Birbirinden ba\u015far\u0131l\u0131 dizilerin \u00e7ekimlerinin yap\u0131ld\u0131\u011f\u0131, Kurulu\u015f Osman dizisinin de i\u00e7erisinde yer ald\u0131\u011f\u0131 Bozda\u011f Film Platosu ziyaret\u00e7ilerini bekliyor. Mavi Kad\u0131n i\u00e7erik edit\u00f6r\u00fc Dilara Tekin, Kurulu\u015f Osman dizisinin \u00e7ekildi\u011fi platoyu sizin i\u00e7in ziyaret etti. \u0130\u015fte Bozda\u011f Film Platosu ve hanl\u0131 pazar\u2026<\/p>\n<h3>TAR\u0130H\u0130N KAPILARINI A\u00c7AN KURULU\u015e OSMAN!<\/h3>\n<p>ATV ekranlar\u0131n\u0131n reyting rekortmeni dizisi Kurulu\u015f Osman 6. sezonunda t\u00fcm h\u0131z\u0131yla yay\u0131nlanmaya devam ediyor. Yeni b\u00f6l\u00fcmleriyle izleyiciyi ekran ba\u015f\u0131na kilitleyen dizi, b\u00fcy\u00fck bir ilgiyle takip edilmeye devam ediyor. Dizi hem tarihi konusu hem de g\u00fc\u00e7l\u00fc oyuncu kadrosuyla dikkatleri \u00fczerine \u00e7ekiyor.<\/p>\n<p><img loading=\"lazy\" decoding=\"async\" class=\"alignnone wp-image-158951\" src=\"https:\/\/www.tgrthaber.com\/mavikadin\/wp-content\/uploads\/Bozdag-Film-Platosu-3-1024x576.jpg\" alt=\"Tarihin kap\u0131lar\u0131n\u0131 a\u00e7an Kurulu\u015f Osman! G\u00f6rkemli platosuyla ziyaret\u00e7ilerini bekliyor\" width=\"1208\" height=\"680\" title=\"\" srcset=\"https:\/\/www.tgrthaber.com\/mavikadin\/wp-content\/uploads\/Bozdag-Film-Platosu-3-1024x576.jpg 1024w, https:\/\/www.tgrthaber.com\/mavikadin\/wp-content\/uploads\/Bozdag-Film-Platosu-3-300x169.jpg 300w, https:\/\/www.tgrthaber.com\/mavikadin\/wp-content\/uploads\/Bozdag-Film-Platosu-3-768x432.jpg 768w, https:\/\/www.tgrthaber.com\/mavikadin\/wp-content\/uploads\/Bozdag-Film-Platosu-3-1536x864.jpg 1536w, https:\/\/www.tgrthaber.com\/mavikadin\/wp-content\/uploads\/Bozdag-Film-Platosu-3.jpg 1600w\" sizes=\"(max-width: 1208px) 100vw, 1208px\" \/><\/p>\n<hr \/>\n<p>Heyecan dolu yeni b\u00f6l\u00fcmleriyle seyirci ile bulu\u015fmaya devam eden Kurulu\u015f Osman dizisi, ba\u015far\u0131l\u0131 oyuncular\u0131, tarihi mekanlar\u0131 ve kost\u00fcmleriyle b\u00fcy\u00fck bir ilgi g\u00f6r\u00fcyor. \u00d6zellikle de dizinin \u00e7ekim yeri izleyiciler taraf\u0131ndan merak ediliyor.<\/p>\n<p>Kurulu\u015f Osman dizi seti, bug\u00fcne kadar Dirili\u015f Ertu\u011frul ve Destan gibi T\u00fcrk tarihine \u0131\u015f\u0131k tutan bir\u00e7ok ba\u015far\u0131l\u0131 yap\u0131mlara imza atan Bozda\u011f Film Platosu\u2019nda yer al\u0131yor. \u0130\u00e7erisinde el sanatlar\u0131n\u0131n, geleneksel yiyeceklerin ve tarihi \u00e7ar\u015f\u0131lar\u0131n bulundu\u011fu bu plato yerli ve yabanc\u0131 bir\u00e7ok ziyaret\u00e7i a\u011f\u0131rl\u0131yor.<\/p>\n<p><img loading=\"lazy\" decoding=\"async\" class=\"alignnone wp-image-158952\" src=\"https:\/\/www.tgrthaber.com\/mavikadin\/wp-content\/uploads\/Bozdag-Film-Platosu-2-1024x576.jpg\" alt=\"Tarihin kap\u0131lar\u0131n\u0131 a\u00e7an Kurulu\u015f Osman! G\u00f6rkemli platosuyla ziyaret\u00e7ilerini bekliyor\" width=\"1208\" height=\"680\" title=\"\" srcset=\"https:\/\/www.tgrthaber.com\/mavikadin\/wp-content\/uploads\/Bozdag-Film-Platosu-2-1024x576.jpg 1024w, https:\/\/www.tgrthaber.com\/mavikadin\/wp-content\/uploads\/Bozdag-Film-Platosu-2-300x169.jpg 300w, https:\/\/www.tgrthaber.com\/mavikadin\/wp-content\/uploads\/Bozdag-Film-Platosu-2-768x432.jpg 768w, https:\/\/www.tgrthaber.com\/mavikadin\/wp-content\/uploads\/Bozdag-Film-Platosu-2-1536x864.jpg 1536w, https:\/\/www.tgrthaber.com\/mavikadin\/wp-content\/uploads\/Bozdag-Film-Platosu-2.jpg 1600w\" sizes=\"(max-width: 1208px) 100vw, 1208px\" \/><\/p>\n<hr \/>\n<p>Bozda\u011f Film Platosu, 700 y\u0131l \u00f6ncesine dayanan dekorlara ev sahipli\u011fi yap\u0131yor. Bu platoda \u00e7ok geni\u015f bir alan \u00fczerinde, tarihi mekanlar ve olaylar g\u00f6steriliyor.\u00a0Platoda, Kay\u0131 Obas\u0131, \u0130neg\u00f6l kalesi, Bizans kalesi, S\u00f6\u011f\u00fct kasabas\u0131, Harzem\u015fah Saray\u0131 ve T\u00fcrkmen Beyli\u011fi Kasabas\u0131 gibi bir\u00e7ok dekor bulunuyor.<\/p>\n<h3>KURULU\u015e OSMAN G\u00d6RKEML\u0130 PLATOSUYLA Z\u0130YARET\u00c7\u0130LER\u0130N\u0130 BEKL\u0130YOR!<\/h3>\n<p>Birbirinden ba\u015far\u0131l\u0131 dizilerin \u00e7ekimlerinin yap\u0131ld\u0131\u011f\u0131, Kurulu\u015f Osman dizisinin de i\u00e7erisinde yer ald\u0131\u011f\u0131 Bozda\u011f Film Platosu ziyaret\u00e7ilerini bekliyor. Mavi Kad\u0131n i\u00e7erik edit\u00f6r\u00fc Dilara Tekin, Kurulu\u015f Osman dizisinin \u00e7ekildi\u011fi platoyu sizin i\u00e7in ziyaret etti.<\/p>\n<p><img loading=\"lazy\" decoding=\"async\" class=\"alignnone wp-image-158953\" src=\"https:\/\/www.tgrthaber.com\/mavikadin\/wp-content\/uploads\/Bozdag-Film-Platosu-1-1024x576.jpg\" alt=\"Tarihin kap\u0131lar\u0131n\u0131 a\u00e7an Kurulu\u015f Osman! G\u00f6rkemli platosuyla ziyaret\u00e7ilerini bekliyor\" width=\"1208\" height=\"680\" title=\"\" srcset=\"https:\/\/www.tgrthaber.com\/mavikadin\/wp-content\/uploads\/Bozdag-Film-Platosu-1-1024x576.jpg 1024w, https:\/\/www.tgrthaber.com\/mavikadin\/wp-content\/uploads\/Bozdag-Film-Platosu-1-300x169.jpg 300w, https:\/\/www.tgrthaber.com\/mavikadin\/wp-content\/uploads\/Bozdag-Film-Platosu-1-768x432.jpg 768w, https:\/\/www.tgrthaber.com\/mavikadin\/wp-content\/uploads\/Bozdag-Film-Platosu-1-1536x864.jpg 1536w, https:\/\/www.tgrthaber.com\/mavikadin\/wp-content\/uploads\/Bozdag-Film-Platosu-1.jpg 1600w\" sizes=\"(max-width: 1208px) 100vw, 1208px\" \/><\/p>\n<hr \/>\n<p>Bir film platosundan daha fazlas\u0131 olarak ziyaret\u00e7ilerini a\u011f\u0131rlamaya devam eden Bozda\u011f Film Platolar\u0131\u2019nda birbirinden g\u00fczel etkinlikler sizi bekliyor. Bozda\u011f Film Platosu\u2019nda atlar\u0131n destan\u0131 g\u00f6sterisini izleyebilir, cam at\u00f6lyesi, demir d\u00f6vme alanlar\u0131 ve pazarlar\u0131 gezebilir, usta at binicileri e\u015fli\u011finde atla gezintiler yapabilir, geleneksel el sanatlar\u0131 \u00fcr\u00fcnlerini inceleyebilir ve dilerseniz sat\u0131n alabilirsiniz. Hepsi ve daha fazlas\u0131 i\u00e7in Bozda\u011f Film Platolar\u0131n\u0131 ziyaret edebilirsiniz.<\/p>\n<p>\u0130\u015fte Bozda\u011f Film Platosu ve hanl\u0131 pazar\u2026<\/p>\n<div style=\"width: 640px;\" class=\"wp-video\"><!--[if lt IE 9]><script>document.createElement('video');<\/script><![endif]-->\n<video class=\"wp-video-shortcode\" id=\"video-158946-1\" width=\"640\" height=\"640\" preload=\"metadata\" controls=\"controls\"><source type=\"video\/mp4\" src=\"https:\/\/www.tgrthaber.com\/mavikadin\/wp-content\/uploads\/Adsiz-tasarim-3.mp4?_=1\" \/><a href=\"https:\/\/www.tgrthaber.com\/mavikadin\/wp-content\/uploads\/Adsiz-tasarim-3.mp4\">https:\/\/www.tgrthaber.com\/mavikadin\/wp-content\/uploads\/Adsiz-tasarim-3.mp4<\/a><\/video><\/div>\n","protected":false},"excerpt":{"rendered":"<p>Birbirinden ba\u015far\u0131l\u0131 dizilerin \u00e7ekimlerinin yap\u0131ld\u0131\u011f\u0131, Kurulu\u015f Osman dizisinin de i\u00e7erisinde yer ald\u0131\u011f\u0131 Bozda\u011f Film Platosu ziyaret\u00e7ilerini bekliyor. Mavi Kad\u0131n i\u00e7erik edit\u00f6r\u00fc Dilara Tekin, Kurulu\u015f Osman dizisinin \u00e7ekildi\u011fi platoyu sizin i\u00e7in ziyaret etti. \u0130\u015fte Bozda\u011f Film Platosu ve daha fazlas\u0131\u2026<\/p>\n","protected":false},"author":26,"featured_media":158950,"comment_status":"closed","ping_status":"closed","sticky":false,"template":"","format":"standard","meta":{"rank_math_lock_modified_date":false,"footnotes":""},"categories":[602],"tags":[8521,2628,3072,17144,15716,8446,17143],"class_list":["post-158946","post","type-post","status-publish","format-standard","has-post-thumbnail","hentry","category-diziler","tag-bozdag-film-platosu","tag-dizi-haberleri","tag-kurulus-osman","tag-kurulus-osman-bozdag-film-platolari","tag-kurulus-osman-dizi","tag-kurulus-osman-dizisi","tag-kurulus-osman-seti"],"_links":{"self":[{"href":"https:\/\/www.tgrthaber.com\/mavikadin\/wp-json\/wp\/v2\/posts\/158946"}],"collection":[{"href":"https:\/\/www.tgrthaber.com\/mavikadin\/wp-json\/wp\/v2\/posts"}],"about":[{"href":"https:\/\/www.tgrthaber.com\/mavikadin\/wp-json\/wp\/v2\/types\/post"}],"author":[{"embeddable":true,"href":"https:\/\/www.tgrthaber.com\/mavikadin\/wp-json\/wp\/v2\/users\/26"}],"replies":[{"embeddable":true,"href":"https:\/\/www.tgrthaber.com\/mavikadin\/wp-json\/wp\/v2\/comments?post=158946"}],"version-history":[{"count":4,"href":"https:\/\/www.tgrthaber.com\/mavikadin\/wp-json\/wp\/v2\/posts\/158946\/revisions"}],"predecessor-version":[{"id":158964,"href":"https:\/\/www.tgrthaber.com\/mavikadin\/wp-json\/wp\/v2\/posts\/158946\/revisions\/158964"}],"wp:featuredmedia":[{"embeddable":true,"href":"https:\/\/www.tgrthaber.com\/mavikadin\/wp-json\/wp\/v2\/media\/158950"}],"wp:attachment":[{"href":"https:\/\/www.tgrthaber.com\/mavikadin\/wp-json\/wp\/v2\/media?parent=158946"}],"wp:term":[{"taxonomy":"category","embeddable":true,"href":"https:\/\/www.tgrthaber.com\/mavikadin\/wp-json\/wp\/v2\/categories?post=158946"},{"taxonomy":"post_tag","embeddable":true,"href":"https:\/\/www.tgrthaber.com\/mavikadin\/wp-json\/wp\/v2\/tags?post=158946"}],"curies":[{"name":"wp","href":"https:\/\/api.w.org\/{rel}","templated":true}]}}