{"id":158982,"date":"2025-04-08T15:27:53","date_gmt":"2025-04-08T12:27:53","guid":{"rendered":"https:\/\/www.tgrthaber.com\/mavikadin\/?p=158982"},"modified":"2025-04-08T15:36:39","modified_gmt":"2025-04-08T12:36:39","slug":"kurulus-osman-dizisinin-efsane-cifti-belgin-simsek-ve-faruk-arandan-kostum-itirafi","status":"publish","type":"post","link":"https:\/\/www.tgrthaber.com\/mavikadin\/kurulus-osman-dizisinin-efsane-cifti-belgin-simsek-ve-faruk-arandan-kostum-itirafi\/","title":{"rendered":"Kurulu\u015f Osman dizisinin efsane \u00e7ifti! Belgin \u015eim\u015fek ve Faruk Aran&#8217;dan kost\u00fcm itiraf\u0131"},"content":{"rendered":"<p>Mavi Kad\u0131n \u0130\u00e7erik Edit\u00f6r\u00fc Dilara Tekin Kurulu\u015f Osman dizisinin \u00e7ekildi\u011fi platoyu ziyaret ederek r\u00f6portajlar yapt\u0131. Dizinin efsane oyuncular\u0131ndan Belgin \u015eim\u015fek ve Faruk Aran&#8217;dan gelen kost\u00fcm itiraf\u0131 ise g\u00fcl\u00fcmsetti.<\/p>\n<h3>KURULU\u015e OSMAN D\u0130Z\u0130S\u0130N\u0130N EFSANE \u00c7\u0130FT\u0130<\/h3>\n<p>Kurulu\u015f Osman dizisinin de i\u00e7inde yer ald\u0131\u011f\u0131 Bozda\u011f Film Platosu kap\u0131lar\u0131n\u0131 ziyaret\u00e7ilerine a\u00e7t\u0131. Dizinin \u00f6nemli oyuncular\u0131ndan Belgin \u015eim\u015fek ve Faruk Aran&#8217;la konu\u015fan Dilara Tekin keyifli ve samimi bir sohbete imza att\u0131.<\/p>\n<div style=\"width: 640px;\" class=\"wp-video\"><!--[if lt IE 9]><script>document.createElement('video');<\/script><![endif]-->\n<video class=\"wp-video-shortcode\" id=\"video-158982-1\" width=\"640\" height=\"1138\" preload=\"metadata\" controls=\"controls\"><source type=\"video\/mp4\" src=\"https:\/\/www.tgrthaber.com\/mavikadin\/wp-content\/uploads\/Kurulus-Osman.mp4?_=1\" \/><a href=\"https:\/\/www.tgrthaber.com\/mavikadin\/wp-content\/uploads\/Kurulus-Osman.mp4\">https:\/\/www.tgrthaber.com\/mavikadin\/wp-content\/uploads\/Kurulus-Osman.mp4<\/a><\/video><\/div>\n<hr \/>\n<h3>D\u00d6NEM D\u0130Z\u0130S\u0130NDE ROL ALMAK KEY\u0130FL\u0130<\/h3>\n<p>D\u00f6nem dizisinde yer alman\u0131n keyifli oldu\u011funu anlatan \u00e7ift s\u00f6zlerine \u015f\u00f6yle devam ediyor: \u201cKeyifli g\u00fczel tabii ki zor taraflar\u0131 var ama zamanla al\u0131\u015f\u0131yorsun. Adapte oluyorsun. Biz de b\u00f6yle bir s\u00fcreci ge\u00e7tik zaten ya bence \u00e7ok keyifli. Tabii ki di\u011fer i\u015flere g\u00f6re zorluklar\u0131 var. Sonu\u00e7 olarak aksiyon dizisi ama o zorlukta bir s\u00fcre sonra sana keyif vermeye ba\u015fl\u0131yor. \u00c7\u00fcnk\u00fc ba\u015fard\u0131\u011f\u0131n\u0131 g\u00f6rd\u00fck\u00e7e daha fazla zorlamak istiyorsun kendini. O y\u00fczden g\u00fczel bence her oyuncunun deneyimlemesi gereken bir yer buras\u0131.\u201d<\/p>\n<p><img loading=\"lazy\" decoding=\"async\" class=\"alignnone size-full wp-image-158989\" src=\"https:\/\/www.tgrthaber.com\/mavikadin\/wp-content\/uploads\/Kurulus-Osman-2.png\" alt=\"\" width=\"1208\" height=\"680\" title=\"\" srcset=\"https:\/\/www.tgrthaber.com\/mavikadin\/wp-content\/uploads\/Kurulus-Osman-2.png 1208w, https:\/\/www.tgrthaber.com\/mavikadin\/wp-content\/uploads\/Kurulus-Osman-2-300x169.png 300w, https:\/\/www.tgrthaber.com\/mavikadin\/wp-content\/uploads\/Kurulus-Osman-2-1024x576.png 1024w, https:\/\/www.tgrthaber.com\/mavikadin\/wp-content\/uploads\/Kurulus-Osman-2-768x432.png 768w\" sizes=\"(max-width: 1208px) 100vw, 1208px\" \/><\/p>\n<hr \/>\n<h3>\u201cKOST\u00dcMLERE ALI\u015eMAK ZAMAN ALIYOR\u201d<\/h3>\n<p>D\u00f6nem dizisi oldu\u011fu i\u00e7in diziye haz\u0131rlanman\u0131n zor oldu\u011funu anlatan \u00e7ift bu soruya \u015fu \u015fekilde cevap veriyor:<\/p>\n<p>\u201cBa\u015fta tabii ki kost\u00fcme al\u0131\u015fana kadar 20 25 dakika s\u00fcr\u00fcyordu asl\u0131nda ama zamanla al\u0131\u015ft\u0131\u011f\u0131m\u0131z i\u00e7in \u015fu anda sa\u00e7 makyaj kost\u00fcm toplam 20 dakika s\u00fcr\u00fcyor. Kad\u0131n i\u00e7in belki daha uzun s\u00fcr\u00fcyordu.<\/p>\n<h3><img loading=\"lazy\" decoding=\"async\" class=\"alignnone size-full wp-image-158990\" src=\"https:\/\/www.tgrthaber.com\/mavikadin\/wp-content\/uploads\/Kurulus-Osman-3.png\" alt=\"\" width=\"1208\" height=\"680\" title=\"\" srcset=\"https:\/\/www.tgrthaber.com\/mavikadin\/wp-content\/uploads\/Kurulus-Osman-3.png 1208w, https:\/\/www.tgrthaber.com\/mavikadin\/wp-content\/uploads\/Kurulus-Osman-3-300x169.png 300w, https:\/\/www.tgrthaber.com\/mavikadin\/wp-content\/uploads\/Kurulus-Osman-3-1024x576.png 1024w, https:\/\/www.tgrthaber.com\/mavikadin\/wp-content\/uploads\/Kurulus-Osman-3-768x432.png 768w\" sizes=\"(max-width: 1208px) 100vw, 1208px\" \/><\/h3>\n<hr \/>\n<h3>\u201cZIRH KADINLAR \u0130\u00c7\u0130N ZORLAYICI\u201d<\/h3>\n<p>Kost\u00fcm konusunda erkeklere g\u00f6re daha fazla zorland\u0131\u011f\u0131n\u0131 s\u00f6yleyen Belgin \u015eim\u015fek konuya \u015fu \u015fekilde a\u00e7\u0131kl\u0131k getiriyor:<\/p>\n<p>\u201cBiz kad\u0131nlar i\u00e7in z\u0131rh hala bazen zorlay\u0131c\u0131 olabiliyor. \u00c7\u00fcnk\u00fc erkekler bizden daha fazla z\u0131rh giydikleri i\u00e7in daha kolay adapte olmu\u015flar. Bence z\u0131rh bir t\u0131k zorlayabiliyor, s\u0131k\u0131yor \u00e7\u00fcnk\u00fc korsa gibi d\u00fc\u015f\u00fcnmek laz\u0131m.\u201d<\/p>\n<p>Belgin \u015eim\u015fek ve Faruk Aran son olarak izleyicilerine \u201cBizi izlemeye devam edebilirsiniz\u201d mesaj\u0131n\u0131 veriyor.<\/p>\n","protected":false},"excerpt":{"rendered":"<p>Kurulu\u015f Osman dizisinin \u00e7ekimlerinin yap\u0131ld\u0131\u011f\u0131 platoyu ziyaret eden Mavi Kad\u0131n \u0130\u00e7erik Edit\u00f6r\u00fc Dilara Tekin dizinin efsane \u00e7iftlerinden Belgin \u015eim\u015fek ve Faruk Aran ile keyifli bir sohbet ger\u00e7ekle\u015ftirdi. Aran ve \u015eim\u015fek \u00e7iftinden ilgin\u00e7 bir kost\u00fcm itiraf\u0131 geldi. <\/p>\n","protected":false},"author":5,"featured_media":158987,"comment_status":"closed","ping_status":"closed","sticky":false,"template":"","format":"standard","meta":{"rank_math_lock_modified_date":false,"footnotes":""},"categories":[602],"tags":[2628,3072],"class_list":["post-158982","post","type-post","status-publish","format-standard","has-post-thumbnail","hentry","category-diziler","tag-dizi-haberleri","tag-kurulus-osman"],"_links":{"self":[{"href":"https:\/\/www.tgrthaber.com\/mavikadin\/wp-json\/wp\/v2\/posts\/158982"}],"collection":[{"href":"https:\/\/www.tgrthaber.com\/mavikadin\/wp-json\/wp\/v2\/posts"}],"about":[{"href":"https:\/\/www.tgrthaber.com\/mavikadin\/wp-json\/wp\/v2\/types\/post"}],"author":[{"embeddable":true,"href":"https:\/\/www.tgrthaber.com\/mavikadin\/wp-json\/wp\/v2\/users\/5"}],"replies":[{"embeddable":true,"href":"https:\/\/www.tgrthaber.com\/mavikadin\/wp-json\/wp\/v2\/comments?post=158982"}],"version-history":[{"count":7,"href":"https:\/\/www.tgrthaber.com\/mavikadin\/wp-json\/wp\/v2\/posts\/158982\/revisions"}],"predecessor-version":[{"id":158998,"href":"https:\/\/www.tgrthaber.com\/mavikadin\/wp-json\/wp\/v2\/posts\/158982\/revisions\/158998"}],"wp:featuredmedia":[{"embeddable":true,"href":"https:\/\/www.tgrthaber.com\/mavikadin\/wp-json\/wp\/v2\/media\/158987"}],"wp:attachment":[{"href":"https:\/\/www.tgrthaber.com\/mavikadin\/wp-json\/wp\/v2\/media?parent=158982"}],"wp:term":[{"taxonomy":"category","embeddable":true,"href":"https:\/\/www.tgrthaber.com\/mavikadin\/wp-json\/wp\/v2\/categories?post=158982"},{"taxonomy":"post_tag","embeddable":true,"href":"https:\/\/www.tgrthaber.com\/mavikadin\/wp-json\/wp\/v2\/tags?post=158982"}],"curies":[{"name":"wp","href":"https:\/\/api.w.org\/{rel}","templated":true}]}}