{"id":158999,"date":"2025-04-08T15:48:16","date_gmt":"2025-04-08T12:48:16","guid":{"rendered":"https:\/\/www.tgrthaber.com\/mavikadin\/?p=158999"},"modified":"2025-04-08T15:48:16","modified_gmt":"2025-04-08T12:48:16","slug":"abu-dabide-nadir-bulunan-renkli-elmaslar-gorucuye-cikti-dunyanin-en-nadide-mucevherleri","status":"publish","type":"post","link":"https:\/\/www.tgrthaber.com\/mavikadin\/abu-dabide-nadir-bulunan-renkli-elmaslar-gorucuye-cikti-dunyanin-en-nadide-mucevherleri\/","title":{"rendered":"Abu Dabi\u2019de nadir bulunan renkli elmaslar g\u00f6r\u00fcc\u00fcye \u00e7\u0131kt\u0131! D\u00fcnyan\u0131n en nadide m\u00fccevherleri"},"content":{"rendered":"<p>Birle\u015fik Arap Emirlikleri\u2019nin ba\u015fkenti Abu Dabi\u2019de, Sotheby\u2019s taraf\u0131ndan 2009&#8217;dan bu yana ilk halka a\u00e7\u0131k sergi d\u00fczenlendi. Saadiyat Adas\u0131\u2019ndaki Bassam Freiha Sanat Vakf\u0131\u2019nda a\u00e7\u0131lan sergide, d\u00fcnyan\u0131n en nadide m\u00fccevherleri sanatseverlerle bulu\u015ftu.<\/p>\n<h3>ABU DAB\u0130\u2019DEK\u0130 RENKL\u0130 ELMASLAR G\u00d6R\u00dcC\u00dcYE \u00c7IKTI<\/h3>\n<p>Koge Bruning\u2019in liderli\u011finde ger\u00e7ekle\u015fen sergide, 10,03 karatl\u0131k &#8220;Akdeniz Mavisi&#8221; elmas\u0131 \u00f6ne \u00e7\u0131k\u0131yor. Yakla\u015f\u0131k 20 milyon dolar de\u011fer bi\u00e7ilen nadir elmas, 13 May\u0131s\u2019ta Cenevre\u2019de d\u00fczenlenecek Sotheby\u2019s High Jewels m\u00fczayedesinde sat\u0131\u015fa sunulacak. Sergide ayr\u0131ca, d\u00fcnyan\u0131n en b\u00fcy\u00fck kusursuz elmas\u0131 ile bilinen en b\u00fcy\u00fck ikinci k\u0131rm\u0131z\u0131 elmas\u0131n da aralar\u0131nda bulundu\u011fu de\u011ferli koleksiyon par\u00e7alar\u0131 g\u00f6r\u00fclebiliyor.<\/p>\n<p><img loading=\"lazy\" decoding=\"async\" class=\"alignnone size-full wp-image-159001\" src=\"https:\/\/www.tgrthaber.com\/mavikadin\/wp-content\/uploads\/mucevher-2.png\" alt=\"\" width=\"1208\" height=\"680\" title=\"\" srcset=\"https:\/\/www.tgrthaber.com\/mavikadin\/wp-content\/uploads\/mucevher-2.png 1208w, https:\/\/www.tgrthaber.com\/mavikadin\/wp-content\/uploads\/mucevher-2-300x169.png 300w, https:\/\/www.tgrthaber.com\/mavikadin\/wp-content\/uploads\/mucevher-2-1024x576.png 1024w, https:\/\/www.tgrthaber.com\/mavikadin\/wp-content\/uploads\/mucevher-2-768x432.png 768w\" sizes=\"(max-width: 1208px) 100vw, 1208px\" \/><\/p>\n<p><img loading=\"lazy\" decoding=\"async\" class=\"alignnone size-full wp-image-159002\" src=\"https:\/\/www.tgrthaber.com\/mavikadin\/wp-content\/uploads\/mucevher-3.png\" alt=\"\" width=\"1208\" height=\"680\" title=\"\" srcset=\"https:\/\/www.tgrthaber.com\/mavikadin\/wp-content\/uploads\/mucevher-3.png 1208w, https:\/\/www.tgrthaber.com\/mavikadin\/wp-content\/uploads\/mucevher-3-300x169.png 300w, https:\/\/www.tgrthaber.com\/mavikadin\/wp-content\/uploads\/mucevher-3-1024x576.png 1024w, https:\/\/www.tgrthaber.com\/mavikadin\/wp-content\/uploads\/mucevher-3-768x432.png 768w\" sizes=\"(max-width: 1208px) 100vw, 1208px\" \/><\/p>\n","protected":false},"excerpt":{"rendered":"<p>D\u00fcnyan\u0131n en nadide m\u00fccevherleri sanatseverlerle bir araya geldi. Abu Dabi\u2019de nadir bulunan renkli elmaslar g\u00f6r\u00fcc\u00fcye \u00e7\u0131kt\u0131.<\/p>\n","protected":false},"author":5,"featured_media":159003,"comment_status":"closed","ping_status":"closed","sticky":false,"template":"","format":"standard","meta":{"rank_math_lock_modified_date":false,"footnotes":""},"categories":[78],"tags":[17148,17149,239],"class_list":["post-158999","post","type-post","status-publish","format-standard","has-post-thumbnail","hentry","category-yasam","tag-abu-dabi","tag-elmas","tag-yasam"],"_links":{"self":[{"href":"https:\/\/www.tgrthaber.com\/mavikadin\/wp-json\/wp\/v2\/posts\/158999"}],"collection":[{"href":"https:\/\/www.tgrthaber.com\/mavikadin\/wp-json\/wp\/v2\/posts"}],"about":[{"href":"https:\/\/www.tgrthaber.com\/mavikadin\/wp-json\/wp\/v2\/types\/post"}],"author":[{"embeddable":true,"href":"https:\/\/www.tgrthaber.com\/mavikadin\/wp-json\/wp\/v2\/users\/5"}],"replies":[{"embeddable":true,"href":"https:\/\/www.tgrthaber.com\/mavikadin\/wp-json\/wp\/v2\/comments?post=158999"}],"version-history":[{"count":1,"href":"https:\/\/www.tgrthaber.com\/mavikadin\/wp-json\/wp\/v2\/posts\/158999\/revisions"}],"predecessor-version":[{"id":159004,"href":"https:\/\/www.tgrthaber.com\/mavikadin\/wp-json\/wp\/v2\/posts\/158999\/revisions\/159004"}],"wp:featuredmedia":[{"embeddable":true,"href":"https:\/\/www.tgrthaber.com\/mavikadin\/wp-json\/wp\/v2\/media\/159003"}],"wp:attachment":[{"href":"https:\/\/www.tgrthaber.com\/mavikadin\/wp-json\/wp\/v2\/media?parent=158999"}],"wp:term":[{"taxonomy":"category","embeddable":true,"href":"https:\/\/www.tgrthaber.com\/mavikadin\/wp-json\/wp\/v2\/categories?post=158999"},{"taxonomy":"post_tag","embeddable":true,"href":"https:\/\/www.tgrthaber.com\/mavikadin\/wp-json\/wp\/v2\/tags?post=158999"}],"curies":[{"name":"wp","href":"https:\/\/api.w.org\/{rel}","templated":true}]}}