{"id":159012,"date":"2025-04-08T17:04:13","date_gmt":"2025-04-08T14:04:13","guid":{"rendered":"https:\/\/www.tgrthaber.com\/mavikadin\/?p=159012"},"modified":"2025-04-08T17:04:29","modified_gmt":"2025-04-08T14:04:29","slug":"kral-kaybederse-bu-aksam-yeni-bolum-var-mi-kral-kaybederse-8-bolum-fragmani","status":"publish","type":"post","link":"https:\/\/www.tgrthaber.com\/mavikadin\/kral-kaybederse-bu-aksam-yeni-bolum-var-mi-kral-kaybederse-8-bolum-fragmani\/","title":{"rendered":"Kral Kaybederse bu ak\u015fam yeni b\u00f6l\u00fcm var m\u0131? Kral Kaybederse 8. b\u00f6l\u00fcm fragman\u0131"},"content":{"rendered":"<p>Star TV\u2019nin dikkat \u00e7eken yap\u0131mlar\u0131ndan biri olan \u201cKral Kaybederse\u201d, her b\u00f6l\u00fcm\u00fcyle izleyicileri ekran ba\u015f\u0131na kilitliyor. Son b\u00f6l\u00fcmde ya\u015fanan \u00e7arp\u0131c\u0131 geli\u015fmelerin ard\u0131ndan dizinin yeni b\u00f6l\u00fcm\u00fcne dair ara\u015ft\u0131rmalar h\u0131z kazand\u0131. Kenan ve Handan aras\u0131ndaki gerginli\u011fin t\u0131rmanmas\u0131, \u00d6zlem\u2019in \u015f\u00fcphelerinin derinle\u015fmesi ve ge\u00e7mi\u015fin g\u00f6lgesinde kalan hesapla\u015fmalar, 8. b\u00f6l\u00fcmde de tansiyonu y\u00fcksek bir hik\u00e2ye sunaca\u011f\u0131n\u0131n sinyalini verdi. Peki, \u201cKral Kaybederse\u201d bu ak\u015fam yay\u0131nlanacak m\u0131? Yeni b\u00f6l\u00fcmde izleyicileri neler bekliyor? \u0130\u015fte detaylar\u2026<\/p>\n<h3>KENAN\u2019IN GE\u00c7M\u0130\u015e\u0130YLE Y\u00dcZLE\u015eMES\u0130!<\/h3>\n<p>8. b\u00f6l\u00fcm fragman\u0131nda dikkat \u00e7eken sahnelerden biri, Kenan\u2019\u0131n ge\u00e7mi\u015fiyle y\u00fczle\u015fmesi oluyor. Handan\u2019la aras\u0131ndaki gerilim y\u00fckselirken, Kenan\u2019\u0131n eski e\u015fine dair i\u00e7inde kalan duygular su y\u00fcz\u00fcne \u00e7\u0131k\u0131yor. Ancak bu kez Handan, kar\u015f\u0131s\u0131nda kolay teslim olan biri de\u011fil. Kenan, duygular\u0131n\u0131 netle\u015ftirmek ve se\u00e7im yapmak zorunda kalacak.<\/p>\n<p><img loading=\"lazy\" decoding=\"async\" class=\"alignnone size-full wp-image-159050\" src=\"https:\/\/www.tgrthaber.com\/mavikadin\/wp-content\/uploads\/3-653.png\" alt=\"\" width=\"1280\" height=\"720\" title=\"\" srcset=\"https:\/\/www.tgrthaber.com\/mavikadin\/wp-content\/uploads\/3-653.png 1280w, https:\/\/www.tgrthaber.com\/mavikadin\/wp-content\/uploads\/3-653-300x169.png 300w, https:\/\/www.tgrthaber.com\/mavikadin\/wp-content\/uploads\/3-653-1024x576.png 1024w, https:\/\/www.tgrthaber.com\/mavikadin\/wp-content\/uploads\/3-653-768x432.png 768w\" sizes=\"(max-width: 1280px) 100vw, 1280px\" \/><\/p>\n<hr \/>\n<h3>\u00d6ZLEM\u2019\u0130N \u015e\u00dcPHELER\u0130 DER\u0130NLE\u015e\u0130YOR<\/h3>\n<p>\u00d6zlem, Kenan\u2019\u0131n c\u00fczdan\u0131nda buldu\u011fu kartvizitin ard\u0131ndan gizli bir ara\u015ft\u0131rmaya ba\u015fl\u0131yor. Handan ile Kenan aras\u0131ndaki ba\u011fdan \u015f\u00fcphelenen \u00d6zlem, huzursuzlu\u011funu Kenan\u2019a yans\u0131tmaya ba\u015fl\u0131yor. Bu durum \u00fc\u00e7l\u00fc ili\u015fkiyi daha da karma\u015f\u0131k hale getiriyor. \u0130zleyiciler, \u00d6zlem\u2019in s\u0131r perdesini aralay\u0131p aralayamayaca\u011f\u0131n\u0131 merakla bekliyor.<\/p>\n<p><img loading=\"lazy\" decoding=\"async\" class=\"alignnone size-full wp-image-159051\" src=\"https:\/\/www.tgrthaber.com\/mavikadin\/wp-content\/uploads\/4-541.png\" alt=\"\" width=\"1280\" height=\"720\" title=\"\" srcset=\"https:\/\/www.tgrthaber.com\/mavikadin\/wp-content\/uploads\/4-541.png 1280w, https:\/\/www.tgrthaber.com\/mavikadin\/wp-content\/uploads\/4-541-300x169.png 300w, https:\/\/www.tgrthaber.com\/mavikadin\/wp-content\/uploads\/4-541-1024x576.png 1024w, https:\/\/www.tgrthaber.com\/mavikadin\/wp-content\/uploads\/4-541-768x432.png 768w\" sizes=\"(max-width: 1280px) 100vw, 1280px\" \/><\/p>\n<hr \/>\n<h3>7. B\u00d6L\u00dcMDE NELER OLMU\u015eTU?<\/h3>\n<p>Ge\u00e7ti\u011fimiz b\u00f6l\u00fcmde, Kenan ve Handan gizli ili\u015fkilerinin heyecan\u0131n\u0131 ya\u015farken \u00d6zlem\u2019in sezgileri izleyiciyi diken \u00fcst\u00fcnde tutmu\u015ftu. Di\u011fer yandan Fadi, hem okul hem de babas\u0131 Memduh\u2019un olu\u015fturdu\u011fu bask\u0131 ile ba\u015f etmeye \u00e7al\u0131\u015f\u0131rken ciddi bir i\u00e7 \u00e7at\u0131\u015fma ya\u015fam\u0131\u015ft\u0131. Bu olaylar\u0131n ard\u0131ndan yeni b\u00f6l\u00fcmde karakterlerin nas\u0131l bir yol izleyece\u011fi b\u00fcy\u00fck ilgiyle bekleniyor.<\/p>\n<p><iframe loading=\"lazy\" title=\"YouTube video player\" src=\"https:\/\/www.youtube.com\/embed\/j5z6V4_27_Y?si=uyeY4-vZ75MlnY9T\" width=\"560\" height=\"315\" frameborder=\"0\" allowfullscreen=\"allowfullscreen\"><\/iframe><\/p>\n<hr \/>\n<h3>YEN\u0130 B\u00d6L\u00dcM NE ZAMAN?<\/h3>\n<p>Kral Kaybederse 8. b\u00f6l\u00fcm, 8 Nisan 2025 Sal\u0131 ak\u015fam\u0131 saat 20:00\u2019de Star TV ekranlar\u0131nda izleyiciyle bulu\u015facak. Geli\u015fmeler, izleyiciyi yine ekran ba\u015f\u0131na kilitleyecek gibi g\u00f6r\u00fcn\u00fcyor.<\/p>\n<p>Kenan, ge\u00e7mi\u015fiyle hesapla\u015f\u0131rken kalbine mi yoksa mant\u0131\u011f\u0131na m\u0131 kulak verecek? \u00d6zlem, \u015f\u00fcphelerinin pe\u015finden giderek hangi ger\u00e7ekle y\u00fczle\u015fecek? Handan, bu oyunda nereye kadar g\u00fc\u00e7l\u00fc durabilecek?<\/p>\n<p>T\u00fcm bu sorular\u0131n cevaplar\u0131 bu ak\u015famki b\u00f6l\u00fcmde yan\u0131t bulacak.<\/p>\n","protected":false},"excerpt":{"rendered":"<p>Kral Kaybederse dizisi, bu ak\u015fam yay\u0131nlanacak 8. b\u00f6l\u00fcm\u00fcyle ekranlara geliyor. Merakla beklenen yeni b\u00f6l\u00fcm \u00f6ncesi yay\u0131nlanan tan\u0131t\u0131m, izleyicilerin ilgisini \u00e7ekmeyi ba\u015fard\u0131. Kenan, Handan ve \u00d6zlem \u00fc\u00e7geninde tansiyon y\u00fckselirken, geli\u015fmeler diziseverleri ekran ba\u015f\u0131na kilitleyecek gibi g\u00f6r\u00fcn\u00fcyor.<\/p>\n","protected":false},"author":28,"featured_media":159049,"comment_status":"closed","ping_status":"closed","sticky":false,"template":"","format":"standard","meta":{"rank_math_lock_modified_date":false,"footnotes":""},"categories":[602],"tags":[2193,17157],"class_list":["post-159012","post","type-post","status-publish","format-standard","has-post-thumbnail","hentry","category-diziler","tag-kral-kaybederse","tag-kral-kaybederse-9-bolum"],"_links":{"self":[{"href":"https:\/\/www.tgrthaber.com\/mavikadin\/wp-json\/wp\/v2\/posts\/159012"}],"collection":[{"href":"https:\/\/www.tgrthaber.com\/mavikadin\/wp-json\/wp\/v2\/posts"}],"about":[{"href":"https:\/\/www.tgrthaber.com\/mavikadin\/wp-json\/wp\/v2\/types\/post"}],"author":[{"embeddable":true,"href":"https:\/\/www.tgrthaber.com\/mavikadin\/wp-json\/wp\/v2\/users\/28"}],"replies":[{"embeddable":true,"href":"https:\/\/www.tgrthaber.com\/mavikadin\/wp-json\/wp\/v2\/comments?post=159012"}],"version-history":[{"count":2,"href":"https:\/\/www.tgrthaber.com\/mavikadin\/wp-json\/wp\/v2\/posts\/159012\/revisions"}],"predecessor-version":[{"id":159055,"href":"https:\/\/www.tgrthaber.com\/mavikadin\/wp-json\/wp\/v2\/posts\/159012\/revisions\/159055"}],"wp:featuredmedia":[{"embeddable":true,"href":"https:\/\/www.tgrthaber.com\/mavikadin\/wp-json\/wp\/v2\/media\/159049"}],"wp:attachment":[{"href":"https:\/\/www.tgrthaber.com\/mavikadin\/wp-json\/wp\/v2\/media?parent=159012"}],"wp:term":[{"taxonomy":"category","embeddable":true,"href":"https:\/\/www.tgrthaber.com\/mavikadin\/wp-json\/wp\/v2\/categories?post=159012"},{"taxonomy":"post_tag","embeddable":true,"href":"https:\/\/www.tgrthaber.com\/mavikadin\/wp-json\/wp\/v2\/tags?post=159012"}],"curies":[{"name":"wp","href":"https:\/\/api.w.org\/{rel}","templated":true}]}}